{"id":162015,"date":"2025-11-06T13:21:01","date_gmt":"2025-11-06T19:21:01","guid":{"rendered":"https:\/\/www.uv.mx\/prensa\/?p=162015"},"modified":"2025-11-06T13:21:01","modified_gmt":"2025-11-06T19:21:01","slug":"biogeografia-facilita-el-conocimiento-de-especies","status":"publish","type":"post","link":"https:\/\/www.uv.mx\/prensa\/general\/biogeografia-facilita-el-conocimiento-de-especies\/","title":{"rendered":"Biogeograf\u00eda facilita el conocimiento de especies"},"content":{"rendered":"<p><span data-ccp-props=\"{&quot;134233117&quot;:false,&quot;134233118&quot;:false,&quot;201341983&quot;:0,&quot;335559738&quot;:0,&quot;335559739&quot;:0,&quot;335559740&quot;:240}\">\u00a0<\/span><\/p>\n<ul>\n<li data-leveltext=\"\uf0b7\" data-font=\"Symbol\" data-listid=\"3\" data-list-defn-props=\"{&quot;335552541&quot;:1,&quot;335559685&quot;:720,&quot;335559991&quot;:360,&quot;469769226&quot;:&quot;Symbol&quot;,&quot;469769242&quot;:[8226],&quot;469777803&quot;:&quot;left&quot;,&quot;469777804&quot;:&quot;\uf0b7&quot;,&quot;469777815&quot;:&quot;hybridMultilevel&quot;}\" data-aria-posinset=\"1\" data-aria-level=\"1\"><i><span data-contrast=\"auto\">Ana Lilia Guti\u00e9rrez, acad\u00e9mica de la Facultad de Biolog\u00eda de la Universidad Veracruzana, explic\u00f3 que los estudios de procesos y patrones son relevantes para la conservaci\u00f3n biol\u00f3gica<\/span><\/i><span data-ccp-props=\"{&quot;134233117&quot;:false,&quot;134233118&quot;:false,&quot;201341983&quot;:0,&quot;335559738&quot;:0,&quot;335559739&quot;:0,&quot;335559740&quot;:240}\">\u00a0<\/span><\/li>\n<\/ul>\n<ul>\n<li data-leveltext=\"\uf0b7\" data-font=\"Symbol\" data-listid=\"3\" data-list-defn-props=\"{&quot;335552541&quot;:1,&quot;335559685&quot;:720,&quot;335559991&quot;:360,&quot;469769226&quot;:&quot;Symbol&quot;,&quot;469769242&quot;:[8226],&quot;469777803&quot;:&quot;left&quot;,&quot;469777804&quot;:&quot;\uf0b7&quot;,&quot;469777815&quot;:&quot;hybridMultilevel&quot;}\" data-aria-posinset=\"2\" data-aria-level=\"1\"><i><span data-contrast=\"auto\">Particip\u00f3 en el Seminario Internacional \u201cIntegrando saberes de la diversidad biol\u00f3gica\u201d<\/span><\/i><span data-ccp-props=\"{&quot;134233117&quot;:false,&quot;134233118&quot;:false,&quot;201341983&quot;:0,&quot;335559738&quot;:0,&quot;335559739&quot;:0,&quot;335559740&quot;:240}\">\u00a0<\/span><\/li>\n<\/ul>\n<p>&nbsp;<\/p>\n<div id=\"attachment_161997\" style=\"width: 732px\" class=\"wp-caption aligncenter\"><img loading=\"lazy\" decoding=\"async\" aria-describedby=\"caption-attachment-161997\" class=\"size-full wp-image-161997\" src=\"https:\/\/www.uv.mx\/prensa\/files\/2025\/11\/041125-DAVID-Ponencia-Estudios-biogeograficos-Seminario-Biologia-1-100k.jpg\" alt=\"\" width=\"722\" height=\"482\" srcset=\"https:\/\/www.uv.mx\/prensa\/files\/2025\/11\/041125-DAVID-Ponencia-Estudios-biogeograficos-Seminario-Biologia-1-100k.jpg 722w, https:\/\/www.uv.mx\/prensa\/files\/2025\/11\/041125-DAVID-Ponencia-Estudios-biogeograficos-Seminario-Biologia-1-100k-300x200.jpg 300w\" sizes=\"auto, (max-width: 722px) 100vw, 722px\" \/><p id=\"caption-attachment-161997\" class=\"wp-caption-text\">Ana Lilia Guti\u00e9rrez imparti\u00f3 la ponencia \u201cEstudios biogeogr\u00e1ficos y su relevancia para la conservaci\u00f3n de la diversidad biol\u00f3gica\u201d<\/p><\/div>\n<p>&nbsp;<\/p>\n<p><b><i><span data-contrast=\"auto\">David Sandoval Rodr\u00edguez<\/span><\/i><\/b><span data-ccp-props=\"{&quot;134233117&quot;:false,&quot;134233118&quot;:false,&quot;201341983&quot;:0,&quot;335559738&quot;:0,&quot;335559739&quot;:0,&quot;335559740&quot;:240}\">\u00a0<\/span><\/p>\n<p><b><i><span data-contrast=\"auto\">Fotos: C\u00e9sar Pisil Ramos<\/span><\/i><\/b><span data-ccp-props=\"{&quot;134233117&quot;:false,&quot;134233118&quot;:false,&quot;201341983&quot;:0,&quot;335559738&quot;:0,&quot;335559739&quot;:0,&quot;335559740&quot;:240}\">\u00a0<\/span><\/p>\n<p><b><i><span data-contrast=\"auto\">06\/11\/2025, Xalapa, Ver.-<\/span><\/i><\/b><span data-contrast=\"auto\"> La importancia de los estudios biogeogr\u00e1ficos en la investigaci\u00f3n se debe a que facilita el conocimiento de las especies, sus mutaciones, dispersiones e inclusive sus riesgos de extinci\u00f3n, mencion\u00f3 Ana Lilia Guti\u00e9rrez Vel\u00e1zquez, acad\u00e9mica de la Facultad de Biolog\u00eda de la Universidad Veracruzana (UV).<\/span><span data-ccp-props=\"{&quot;134233117&quot;:false,&quot;134233118&quot;:false,&quot;201341983&quot;:0,&quot;335559738&quot;:0,&quot;335559739&quot;:0,&quot;335559740&quot;:240}\">\u00a0<\/span><\/p>\n<p><span data-contrast=\"auto\">La catedr\u00e1tica imparti\u00f3 la ponencia \u201cEstudios biogeogr\u00e1ficos y su relevancia para la conservaci\u00f3n de la diversidad biol\u00f3gica\u201d dentro del programa del Seminario Internacional \u201cIntegrando saberes de la diversidad biol\u00f3gica\u201d, organizado por la propia facultad.<\/span><span data-ccp-props=\"{&quot;134233117&quot;:false,&quot;134233118&quot;:false,&quot;201341983&quot;:0,&quot;335559731&quot;:708,&quot;335559738&quot;:0,&quot;335559739&quot;:0,&quot;335559740&quot;:240}\">\u00a0<\/span><\/p>\n<p><span data-contrast=\"auto\">Refiri\u00f3 que los estudios de procesos y patrones son la esencia del enfoque interpretativo de la biodiversidad, pues se mantienen durante todo el tiempo y permiten observar y analizar los desplazamientos de las diferentes especies a lo largo del tiempo y en las diversas regiones de la Tierra.<\/span><span data-ccp-props=\"{&quot;134233117&quot;:false,&quot;134233118&quot;:false,&quot;201341983&quot;:0,&quot;335559731&quot;:708,&quot;335559738&quot;:0,&quot;335559739&quot;:0,&quot;335559740&quot;:240}\">\u00a0<\/span><\/p>\n<p>&nbsp;<\/p>\n<div id=\"attachment_161998\" style=\"width: 732px\" class=\"wp-caption aligncenter\"><img loading=\"lazy\" decoding=\"async\" aria-describedby=\"caption-attachment-161998\" class=\"size-full wp-image-161998\" src=\"https:\/\/www.uv.mx\/prensa\/files\/2025\/11\/041125-DAVID-Ponencia-Estudios-biogeograficos-Seminario-Biologia-2-100k.jpg\" alt=\"\" width=\"722\" height=\"482\" srcset=\"https:\/\/www.uv.mx\/prensa\/files\/2025\/11\/041125-DAVID-Ponencia-Estudios-biogeograficos-Seminario-Biologia-2-100k.jpg 722w, https:\/\/www.uv.mx\/prensa\/files\/2025\/11\/041125-DAVID-Ponencia-Estudios-biogeograficos-Seminario-Biologia-2-100k-300x200.jpg 300w\" sizes=\"auto, (max-width: 722px) 100vw, 722px\" \/><p id=\"caption-attachment-161998\" class=\"wp-caption-text\">Estudiantes de la Facultad de Biolog\u00eda atendieron a la presentaci\u00f3n dentro del Seminario Internacional \u201cIntegrando saberes de la diversidad biol\u00f3gica\u201d<\/p><\/div>\n<p>&nbsp;<\/p>\n<p><span data-contrast=\"auto\">Algunos de estos patrones son las mutaciones y la deriva g\u00e9nica, \u201cambos mecanismos son azarosos\u201d dado que ocurren de forma aleatoria, advirti\u00f3.<\/span><span data-ccp-props=\"{&quot;134233117&quot;:false,&quot;134233118&quot;:false,&quot;201341983&quot;:0,&quot;335559731&quot;:708,&quot;335559738&quot;:0,&quot;335559739&quot;:0,&quot;335559740&quot;:240}\">\u00a0<\/span><\/p>\n<p><span data-contrast=\"auto\">Estos procesos \u201coriginan, modifican y mantienen la biodiversidad de especies en el planeta\u201d y algunos de ellos son factores decisivos que interfieren en sus procesos evolutivos, como ocurre con las mutaciones.<\/span><span data-ccp-props=\"{&quot;134233117&quot;:false,&quot;134233118&quot;:false,&quot;201341983&quot;:0,&quot;335559731&quot;:705,&quot;335559738&quot;:0,&quot;335559739&quot;:0,&quot;335559740&quot;:240}\">\u00a0<\/span><\/p>\n<p><span data-contrast=\"auto\">Existen diversos tipos de patrones y uno de ellas incluye a la dispersi\u00f3n, la extinci\u00f3n y la vicarianza, adem\u00e1s de los eventos hist\u00f3ricos como las glaciaciones.<\/span><span data-ccp-props=\"{&quot;134233117&quot;:false,&quot;134233118&quot;:false,&quot;201341983&quot;:0,&quot;335559731&quot;:705,&quot;335559738&quot;:0,&quot;335559739&quot;:0,&quot;335559740&quot;:240}\">\u00a0<\/span><\/p>\n<p><span data-contrast=\"auto\">En biolog\u00eda, la vicarianza se refiere a la aparici\u00f3n de especies similares en \u00e1reas geogr\u00e1ficamente separadas debido a la fragmentaci\u00f3n de un ancestro com\u00fan.<\/span><span data-ccp-props=\"{&quot;134233117&quot;:false,&quot;134233118&quot;:false,&quot;201341983&quot;:0,&quot;335559731&quot;:705,&quot;335559738&quot;:0,&quot;335559739&quot;:0,&quot;335559740&quot;:240}\">\u00a0<\/span><\/p>\n<p><span data-contrast=\"auto\">Una poblaci\u00f3n se divide por una barrera geogr\u00e1fica, como una monta\u00f1a o un oc\u00e9ano, y cada grupo evoluciona de forma independiente, dando lugar a especies distintas pero relacionadas.<\/span><span data-ccp-props=\"{&quot;134233117&quot;:false,&quot;134233118&quot;:false,&quot;201341983&quot;:0,&quot;335559731&quot;:705,&quot;335559738&quot;:0,&quot;335559739&quot;:0,&quot;335559740&quot;:240}\">\u00a0<\/span><\/p>\n<p>&nbsp;<\/p>\n<div id=\"attachment_161999\" style=\"width: 732px\" class=\"wp-caption aligncenter\"><img loading=\"lazy\" decoding=\"async\" aria-describedby=\"caption-attachment-161999\" class=\"size-full wp-image-161999\" src=\"https:\/\/www.uv.mx\/prensa\/files\/2025\/11\/041125-DAVID-Ponencia-Estudios-biogeograficos-Seminario-Biologia-3-100k.jpg\" alt=\"\" width=\"722\" height=\"482\" srcset=\"https:\/\/www.uv.mx\/prensa\/files\/2025\/11\/041125-DAVID-Ponencia-Estudios-biogeograficos-Seminario-Biologia-3-100k.jpg 722w, https:\/\/www.uv.mx\/prensa\/files\/2025\/11\/041125-DAVID-Ponencia-Estudios-biogeograficos-Seminario-Biologia-3-100k-300x200.jpg 300w\" sizes=\"auto, (max-width: 722px) 100vw, 722px\" \/><p id=\"caption-attachment-161999\" class=\"wp-caption-text\">La acad\u00e9mica mostr\u00f3 ejemplos de c\u00f3mo el estudio de patrones y procesos permite comprender la evoluci\u00f3n de las especies<\/p><\/div>\n<p>&nbsp;<\/p>\n<p><span data-contrast=\"auto\">La catedr\u00e1tica puso como ejemplo la construcci\u00f3n del canal de Panam\u00e1, que permiti\u00f3 el desplazamiento de especies entre los oc\u00e9anos Atl\u00e1ntico y Pac\u00edfico.<\/span><span data-ccp-props=\"{&quot;134233117&quot;:false,&quot;134233118&quot;:false,&quot;201341983&quot;:0,&quot;335559731&quot;:705,&quot;335559738&quot;:0,&quot;335559739&quot;:0,&quot;335559740&quot;:240}\">\u00a0<\/span><\/p>\n<p><span data-contrast=\"auto\">Este es un proceso opuesto a la dispersi\u00f3n, donde una especie se expande a nuevas \u00e1reas y explica por qu\u00e9 a veces encontramos especies similares en lugares distantes.<\/span><span data-ccp-props=\"{&quot;134233117&quot;:false,&quot;134233118&quot;:false,&quot;201341983&quot;:0,&quot;335559731&quot;:705,&quot;335559738&quot;:0,&quot;335559739&quot;:0,&quot;335559740&quot;:240}\">\u00a0<\/span><\/p>\n<p><span data-contrast=\"auto\">En la biogeograf\u00eda existen dos vertientes en los estudios de distribuci\u00f3n actual; por una parte, est\u00e1 la biogeograf\u00eda ecol\u00f3gica, que analiza la composici\u00f3n de especies en las comunidades y trata de encontrar los procesos\u202flocales como el clima, la heterogeneidad y las interacciones bi\u00f3ticas, que explican los patrones de riqueza.<\/span><span data-ccp-props=\"{&quot;134233117&quot;:false,&quot;134233118&quot;:false,&quot;201341983&quot;:0,&quot;335559731&quot;:705,&quot;335559738&quot;:0,&quot;335559739&quot;:0,&quot;335559740&quot;:240}\">\u00a0<\/span><\/p>\n<p><span data-contrast=\"auto\">Por otra parte, la biogeograf\u00eda hist\u00f3rica analiza la variaci\u00f3n en la riqueza de especies entre grandes unidades biogeogr\u00e1ficas y los procesos hist\u00f3ricos, que explican el porqu\u00e9 de esta variaci\u00f3n.<\/span><span data-ccp-props=\"{&quot;134233117&quot;:false,&quot;134233118&quot;:false,&quot;201341983&quot;:0,&quot;335559731&quot;:705,&quot;335559738&quot;:0,&quot;335559739&quot;:0,&quot;335559740&quot;:240}\">\u00a0<\/span><\/p>\n","protected":false},"excerpt":{"rendered":"<p>Ana Lilia Guti\u00e9rrez, docente de la Facultad de Biolog\u00eda de la UV, se\u00f1al\u00f3 que las mutaciones y la deriva g\u00e9nica son algunos de los patrones que estudia esta disciplina <\/p>\n","protected":false},"author":1810,"featured_media":162000,"comment_status":"closed","ping_status":"closed","sticky":false,"template":"","format":"standard","meta":{"footnotes":""},"categories":[45,1,15424,61],"tags":[28819,6263,4159,28818,147,28820,28821,20311],"class_list":["post-162015","post","type-post","status-publish","format-standard","has-post-thumbnail","hentry","category-ciencia","category-general","category-planta-academica","category-banner","tag-ana-lilia-gutierrez-velazquez","tag-cesar-pisil-ramos","tag-david-sandoval-rodriguez","tag-estudios-biogeograficos","tag-facultad-de-biologia","tag-ponencia-estudios-biogeograficos-y-su-relevancia-para-la-conservacion-de-la-diversidad-biologica","tag-seminario-internacional-integrando-saberes-de-la-diversidad-biologica","tag-universidad-veracruzana-uv"],"_links":{"self":[{"href":"https:\/\/www.uv.mx\/prensa\/wp-json\/wp\/v2\/posts\/162015","targetHints":{"allow":["GET"]}}],"collection":[{"href":"https:\/\/www.uv.mx\/prensa\/wp-json\/wp\/v2\/posts"}],"about":[{"href":"https:\/\/www.uv.mx\/prensa\/wp-json\/wp\/v2\/types\/post"}],"author":[{"embeddable":true,"href":"https:\/\/www.uv.mx\/prensa\/wp-json\/wp\/v2\/users\/1810"}],"replies":[{"embeddable":true,"href":"https:\/\/www.uv.mx\/prensa\/wp-json\/wp\/v2\/comments?post=162015"}],"version-history":[{"count":1,"href":"https:\/\/www.uv.mx\/prensa\/wp-json\/wp\/v2\/posts\/162015\/revisions"}],"predecessor-version":[{"id":162017,"href":"https:\/\/www.uv.mx\/prensa\/wp-json\/wp\/v2\/posts\/162015\/revisions\/162017"}],"wp:featuredmedia":[{"embeddable":true,"href":"https:\/\/www.uv.mx\/prensa\/wp-json\/wp\/v2\/media\/162000"}],"wp:attachment":[{"href":"https:\/\/www.uv.mx\/prensa\/wp-json\/wp\/v2\/media?parent=162015"}],"wp:term":[{"taxonomy":"category","embeddable":true,"href":"https:\/\/www.uv.mx\/prensa\/wp-json\/wp\/v2\/categories?post=162015"},{"taxonomy":"post_tag","embeddable":true,"href":"https:\/\/www.uv.mx\/prensa\/wp-json\/wp\/v2\/tags?post=162015"}],"curies":[{"name":"wp","href":"https:\/\/api.w.org\/{rel}","templated":true}]}}