{"id":161978,"date":"2025-11-05T17:40:34","date_gmt":"2025-11-05T23:40:34","guid":{"rendered":"https:\/\/www.uv.mx\/prensa\/?p=161978"},"modified":"2025-11-05T17:40:34","modified_gmt":"2025-11-05T23:40:34","slug":"especialista-de-saisuv-abordo-causas-y-efectos-de-las-lesiones-en-codos","status":"publish","type":"post","link":"https:\/\/www.uv.mx\/prensa\/general\/especialista-de-saisuv-abordo-causas-y-efectos-de-las-lesiones-en-codos\/","title":{"rendered":"Especialista de SAISUV abord\u00f3 causas y efectos de las lesiones en\u00a0codos"},"content":{"rendered":"<ul>\n<li data-leveltext=\"\uf0b7\" data-font=\"Symbol\" data-listid=\"1\" data-list-defn-props=\"{&quot;335551671&quot;:3,&quot;335552541&quot;:1,&quot;335559685&quot;:720,&quot;335559991&quot;:360,&quot;469769226&quot;:&quot;Symbol&quot;,&quot;469769242&quot;:[8226],&quot;469777803&quot;:&quot;left&quot;,&quot;469777804&quot;:&quot;\uf0b7&quot;,&quot;469777815&quot;:&quot;hybridMultilevel&quot;}\" data-aria-posinset=\"3\" data-aria-level=\"1\"><i><span data-contrast=\"auto\">Alejandra Z\u00e1rate\u00a0habl\u00f3 de\u00a0las lesiones m\u00e1s comunes y sus\u00a0consecuencias<\/span><\/i><span data-ccp-props=\"{&quot;201341983&quot;:0,&quot;335559739&quot;:0,&quot;335559740&quot;:240}\">\u00a0<\/span><\/li>\n<\/ul>\n<ul>\n<li data-leveltext=\"\uf0b7\" data-font=\"Symbol\" data-listid=\"1\" data-list-defn-props=\"{&quot;335551671&quot;:3,&quot;335552541&quot;:1,&quot;335559685&quot;:720,&quot;335559991&quot;:360,&quot;469769226&quot;:&quot;Symbol&quot;,&quot;469769242&quot;:[8226],&quot;469777803&quot;:&quot;left&quot;,&quot;469777804&quot;:&quot;\uf0b7&quot;,&quot;469777815&quot;:&quot;hybridMultilevel&quot;}\" data-aria-posinset=\"4\" data-aria-level=\"1\"><i><span data-contrast=\"auto\">La\u00a0sesi\u00f3n educativa\u00a0contempl\u00f3\u00a0los diversos\u00a0tratamientos para recuperaci\u00f3n<\/span><\/i><span data-ccp-props=\"{&quot;201341983&quot;:0,&quot;335559739&quot;:0,&quot;335559740&quot;:240}\">\u00a0<\/span><\/li>\n<\/ul>\n<p><span data-ccp-props=\"{&quot;201341983&quot;:0,&quot;335559739&quot;:0,&quot;335559740&quot;:240}\">\u00a0<\/span><\/p>\n<div id=\"attachment_161935\" style=\"width: 732px\" class=\"wp-caption aligncenter\"><img loading=\"lazy\" decoding=\"async\" aria-describedby=\"caption-attachment-161935\" class=\"size-full wp-image-161935\" src=\"https:\/\/www.uv.mx\/prensa\/files\/2025\/11\/03-11-2025-PACHECO-Dolor-codos-Foto-1.-100k.jpg\" alt=\"\" width=\"722\" height=\"482\" srcset=\"https:\/\/www.uv.mx\/prensa\/files\/2025\/11\/03-11-2025-PACHECO-Dolor-codos-Foto-1.-100k.jpg 722w, https:\/\/www.uv.mx\/prensa\/files\/2025\/11\/03-11-2025-PACHECO-Dolor-codos-Foto-1.-100k-300x200.jpg 300w\" sizes=\"auto, (max-width: 722px) 100vw, 722px\" \/><p id=\"caption-attachment-161935\" class=\"wp-caption-text\">Miriam Zavaleta, trabajadora social SAISUV hizo la presentaci\u00f3n de la ponente<\/p><\/div>\n<p><span data-ccp-props=\"{&quot;201341983&quot;:0,&quot;335559739&quot;:0,&quot;335559740&quot;:240}\">\u00a0<\/span><\/p>\n<p><b><i><span data-contrast=\"auto\">Jorge V\u00e1zquez Pacheco<\/span><\/i><\/b><span data-ccp-props=\"{&quot;201341983&quot;:0,&quot;335559739&quot;:0,&quot;335559740&quot;:240}\">\u00a0<\/span><\/p>\n<p><b><i><span data-contrast=\"auto\">05\/11\/2025, Xalapa,\u00a0Ver.-\u00a0<\/span><\/i><\/b><span data-contrast=\"auto\">Alejandra Z\u00e1rate Fern\u00e1ndez, especialista en traumatolog\u00eda y\u00a0ortopedia adscrita al\u00a0Sistema de Atenci\u00f3n Integral a la Salud de la Universidad Veracruzana (SAISUV),\u00a0dict\u00f3 la sesi\u00f3n educativa \u201cDolor en el codo: conoce la\u00a0epicondilitis\u00a0lateral y medial\u201d, durante la cual\u00a0destac\u00f3\u00a0que\u00a0si\u00a0bien\u00a0ambas patolog\u00edas son similares, su origen es diferente.<\/span><span data-ccp-props=\"{&quot;201341983&quot;:0,&quot;335559739&quot;:0,&quot;335559740&quot;:240}\">\u00a0<\/span><\/p>\n<p><span data-contrast=\"auto\">Presentada por\u00a0Miriam Zavaleta Becerra, trabajadora social\u00a0del\u00a0SAISUV,\u00a0la ponente\u00a0se centr\u00f3 en el dolor de codo, espec\u00edficamente en la\u00a0epicondilitis\u00a0lateral (el llamado \u201ccodo de tenista\u201d) y la\u00a0epicondilitis\u00a0medial (\u201ccodo de golfista\u201d).<\/span><\/p>\n<p>&nbsp;<\/p>\n<div id=\"attachment_161936\" style=\"width: 732px\" class=\"wp-caption aligncenter\"><img loading=\"lazy\" decoding=\"async\" aria-describedby=\"caption-attachment-161936\" class=\"size-full wp-image-161936\" src=\"https:\/\/www.uv.mx\/prensa\/files\/2025\/11\/03-11-2025-PACHECO-Dolor-codos-Foto-2.-100k.jpg\" alt=\"\" width=\"722\" height=\"482\" srcset=\"https:\/\/www.uv.mx\/prensa\/files\/2025\/11\/03-11-2025-PACHECO-Dolor-codos-Foto-2.-100k.jpg 722w, https:\/\/www.uv.mx\/prensa\/files\/2025\/11\/03-11-2025-PACHECO-Dolor-codos-Foto-2.-100k-300x200.jpg 300w\" sizes=\"auto, (max-width: 722px) 100vw, 722px\" \/><p id=\"caption-attachment-161936\" class=\"wp-caption-text\">Alejandra Z\u00e1rate Fern\u00e1ndez, traumat\u00f3loga y ortopedista adscrita al SAISUV<\/p><\/div>\n<p><span data-ccp-props=\"{&quot;201341983&quot;:0,&quot;335559739&quot;:0,&quot;335559740&quot;:240}\">\u00a0<\/span><\/p>\n<p><span data-contrast=\"auto\">La\u00a0epicondilitis\u00a0lateral\u00a0es la causa m\u00e1s com\u00fan de dolor y disfunci\u00f3n del codo\u00a0y\u00a0se asocia a actividades repetitivas, especialmente las de agarre con extensi\u00f3n de mu\u00f1eca, y afecta entre el\u00a0uno\u00a0y\u00a0tres\u00a0por ciento de la\u00a0poblaci\u00f3n,\u00a0sin distinci\u00f3n de g\u00e9nero.<\/span><span data-ccp-props=\"{&quot;201341983&quot;:0,&quot;335559739&quot;:0,&quot;335559740&quot;:240}\">\u00a0<\/span><\/p>\n<p><span data-contrast=\"auto\">Los s\u00edntomas incluyen dolor que se asocia a movimientos como la extensi\u00f3n resistida de la mu\u00f1eca.\u00a0\u201cEl dolor puede irradiarse a la musculatura de la mano y el antebrazo, y un s\u00edntoma caracter\u00edstico es la disminuci\u00f3n de la fuerza de agarre\u201d.<\/span><span data-ccp-props=\"{&quot;201341983&quot;:0,&quot;335559731&quot;:708,&quot;335559739&quot;:0,&quot;335559740&quot;:240}\">\u00a0<\/span><\/p>\n<p><span data-contrast=\"auto\">El sobreuso y envejecimiento pueden\u00a0causar\u00a0microlesiones\u00a0que conducen a\u00a0desgaste y eventual falla;\u00a0generan dolor e inflamaci\u00f3n, as\u00ed como\u00a0predisposici\u00f3n a\u00a0futuras lesiones.\u00a0Los traumatismos\u00a0menores\u00a0asociados al agarre excesivo son factores contribuyentes\u00a0y el\u00a0m\u00fasculo\u00a0extensor<\/span><i><span data-contrast=\"auto\">\u00a0<\/span><\/i><span data-contrast=\"auto\">carpi\u00a0radialis\u00a0brevis\u00a0es el m\u00e1s afectado,\u00a0al igual\u00a0con otros que se adhieren al epic\u00f3ndilo lateral del h\u00famero. Pueden\u00a0afectar\u00a0el funcionamiento de\u00a0mano y dedos, y disminuir la fuerza de agarre.<\/span><\/p>\n<p>&nbsp;<\/p>\n<div id=\"attachment_161937\" style=\"width: 732px\" class=\"wp-caption aligncenter\"><img loading=\"lazy\" decoding=\"async\" aria-describedby=\"caption-attachment-161937\" class=\"size-full wp-image-161937\" src=\"https:\/\/www.uv.mx\/prensa\/files\/2025\/11\/03-11-2025-PACHECO-Dolor-codos-Foto-3.-100k.jpg\" alt=\"\" width=\"722\" height=\"482\" srcset=\"https:\/\/www.uv.mx\/prensa\/files\/2025\/11\/03-11-2025-PACHECO-Dolor-codos-Foto-3.-100k.jpg 722w, https:\/\/www.uv.mx\/prensa\/files\/2025\/11\/03-11-2025-PACHECO-Dolor-codos-Foto-3.-100k-300x200.jpg 300w\" sizes=\"auto, (max-width: 722px) 100vw, 722px\" \/><p id=\"caption-attachment-161937\" class=\"wp-caption-text\">Afecci\u00f3n m\u00e1s com\u00fan\u00a0de lo que se\u00a0supone<\/p><\/div>\n<p><span data-ccp-props=\"{&quot;201341983&quot;:0,&quot;335559731&quot;:708,&quot;335559739&quot;:0,&quot;335559740&quot;:240}\">\u00a0<\/span><\/p>\n<p><span data-contrast=\"auto\">La\u00a0tendinosis\u00a0se caracteriza por\u00a0el\u00a0aumento de fibroblastos, hiperplasia vascular y col\u00e1geno desestructurado; la\u00a0reparaci\u00f3n del tend\u00f3n no\u00a0remedia del todo\u00a0haci\u00e9ndolo m\u00e1s susceptible a\u00a0desgarres adicionales.\u00a0\u201cEl dolor de codo puede ser causado por diversas patolog\u00edas, desde problemas cervicales hasta el s\u00edndrome\u00a0del t\u00fanel carpiano. Es crucial, entonces,\u00a0acudir a valoraci\u00f3n m\u00e9dica para un diagn\u00f3stico preciso; el dolor\u00a0puede ser leve o severo y se agrava con\u00a0la\u00a0actividad\u00a0casi normal\u201d.<\/span><span data-ccp-props=\"{&quot;201341983&quot;:0,&quot;335559731&quot;:708,&quot;335559739&quot;:0,&quot;335559740&quot;:240}\">\u00a0<\/span><\/p>\n<p><span data-contrast=\"auto\">Dijo que las radiograf\u00edas\u00a0visualizan\u00a0hueso\u00a0y\u00a0no siempre muestran\u00a0las lesiones en su fase inicial,\u00a0y para descartar patolog\u00edas similares\u00a0\u2014como degeneraci\u00f3n articular, defectos \u00f3seos, calcificaciones o\u00a0microlesiones\u00a0con dep\u00f3sitos de calcio\u2014\u00a0se requiere de\u00a0estudios adicionales. El ultrasonido de partes blandas\u00a0y la resonancia magn\u00e9tica\u00a0son\u00a0muy \u00fatiles,\u00a0esta \u00faltima,\u00a0aunque puede confirmar el diagn\u00f3stico, no siempre es necesaria.<\/span><\/p>\n<p>&nbsp;<\/p>\n<div id=\"attachment_161938\" style=\"width: 732px\" class=\"wp-caption aligncenter\"><img loading=\"lazy\" decoding=\"async\" aria-describedby=\"caption-attachment-161938\" class=\"size-full wp-image-161938\" src=\"https:\/\/www.uv.mx\/prensa\/files\/2025\/11\/03-11-2025-PACHECO-Dolor-codos-Foto-4.-100k.jpg\" alt=\"\" width=\"722\" height=\"482\" srcset=\"https:\/\/www.uv.mx\/prensa\/files\/2025\/11\/03-11-2025-PACHECO-Dolor-codos-Foto-4.-100k.jpg 722w, https:\/\/www.uv.mx\/prensa\/files\/2025\/11\/03-11-2025-PACHECO-Dolor-codos-Foto-4.-100k-300x200.jpg 300w\" sizes=\"auto, (max-width: 722px) 100vw, 722px\" \/><p id=\"caption-attachment-161938\" class=\"wp-caption-text\">Las etapas degenerativas desde la lesi\u00f3n inicial<\/p><\/div>\n<p>&nbsp;<\/p>\n<p><span data-contrast=\"auto\">\u201cLos diagn\u00f3sticos diferenciales\u00a0incluyen\u00a0radiculopat\u00eda\u00a0cervical, problemas musculares del tr\u00edceps, fracturas ocultas, secuelas de fracturas no tratadas, s\u00edndrome del t\u00fanel radial y tendinitis de los extensores\u201d.<\/span><span data-ccp-props=\"{&quot;201341983&quot;:0,&quot;335559731&quot;:708,&quot;335559739&quot;:0,&quot;335559740&quot;:240}\">\u00a0<\/span><\/p>\n<p><span data-contrast=\"auto\">Otras terapias incluyen ondas\u00a0de choque, acupuntura e infiltraciones con \u00e1cido hialur\u00f3nico y plasma rico en plaquetas, que han\u00a0mostrado buenos resultados. \u201cEl tratamiento quir\u00fargico se reserva para casos especiales y puede ser mediante t\u00e9cnicas abiertas, liberaci\u00f3n percut\u00e1nea o artroscopia\u201d, entendida esta \u00faltima como un\u00a0procedimiento diagn\u00f3stico y quir\u00fargico que permite visualizar y tratar lesiones leves o cr\u00f3nicas.<\/span><span data-ccp-props=\"{&quot;201341983&quot;:0,&quot;335559731&quot;:708,&quot;335559739&quot;:0,&quot;335559740&quot;:240}\">\u00a0<\/span><\/p>\n<p><span data-contrast=\"auto\">Finalmente, coment\u00f3 que las complicaciones de la cirug\u00eda pueden incluir lesiones iatrog\u00e9nicas, inestabilidad del codo, lesiones nerviosas (como el nervio radial), osificaciones heterot\u00f3picas (dep\u00f3sitos c\u00e1lcicos), rigidez articular por inmovilizaci\u00f3n prolongada e infecci\u00f3n.<\/span><\/p>\n<p>&nbsp;<\/p>\n<div id=\"attachment_161939\" style=\"width: 732px\" class=\"wp-caption aligncenter\"><img loading=\"lazy\" decoding=\"async\" aria-describedby=\"caption-attachment-161939\" class=\"size-full wp-image-161939\" src=\"https:\/\/www.uv.mx\/prensa\/files\/2025\/11\/03-11-2025-PACHECO-Dolor-codos-Foto-5.-100k.jpg\" alt=\"\" width=\"722\" height=\"482\" srcset=\"https:\/\/www.uv.mx\/prensa\/files\/2025\/11\/03-11-2025-PACHECO-Dolor-codos-Foto-5.-100k.jpg 722w, https:\/\/www.uv.mx\/prensa\/files\/2025\/11\/03-11-2025-PACHECO-Dolor-codos-Foto-5.-100k-300x200.jpg 300w\" sizes=\"auto, (max-width: 722px) 100vw, 722px\" \/><p id=\"caption-attachment-161939\" class=\"wp-caption-text\">Los diversos tratamientos, desde la fisioterapia hasta acupuntura e infiltraciones<\/p><\/div>\n","protected":false},"excerpt":{"rendered":"<p>SAISUV\u00a0realiz\u00f3 una sesi\u00f3n educativa en la que\u00a0se\u00a0abordaron\u00a0posibles\u00a0tratamientos\u00a0<\/p>\n","protected":false},"author":1869,"featured_media":161940,"comment_status":"closed","ping_status":"closed","sticky":false,"template":"","format":"standard","meta":{"footnotes":""},"categories":[1,61],"tags":[28788,28787,28784,4158,28785,28786,3250,28789,24927],"class_list":["post-161978","post","type-post","status-publish","format-standard","has-post-thumbnail","hentry","category-general","category-banner","tag-codo-de-golfista","tag-codo-de-tenista","tag-alejandra-zarate-fernandez","tag-jorge-vazquez-pacheco","tag-miriam-zavaleta-becerra","tag-sesion-educativa-dolor-en-el-codo-conoce-la-epicondilitis-lateral-y-medial","tag-sistema-de-atencion-integral-a-la-salud","tag-tendinosis","tag-universidad-veracruzana-saisuv"],"_links":{"self":[{"href":"https:\/\/www.uv.mx\/prensa\/wp-json\/wp\/v2\/posts\/161978","targetHints":{"allow":["GET"]}}],"collection":[{"href":"https:\/\/www.uv.mx\/prensa\/wp-json\/wp\/v2\/posts"}],"about":[{"href":"https:\/\/www.uv.mx\/prensa\/wp-json\/wp\/v2\/types\/post"}],"author":[{"embeddable":true,"href":"https:\/\/www.uv.mx\/prensa\/wp-json\/wp\/v2\/users\/1869"}],"replies":[{"embeddable":true,"href":"https:\/\/www.uv.mx\/prensa\/wp-json\/wp\/v2\/comments?post=161978"}],"version-history":[{"count":1,"href":"https:\/\/www.uv.mx\/prensa\/wp-json\/wp\/v2\/posts\/161978\/revisions"}],"predecessor-version":[{"id":161979,"href":"https:\/\/www.uv.mx\/prensa\/wp-json\/wp\/v2\/posts\/161978\/revisions\/161979"}],"wp:featuredmedia":[{"embeddable":true,"href":"https:\/\/www.uv.mx\/prensa\/wp-json\/wp\/v2\/media\/161940"}],"wp:attachment":[{"href":"https:\/\/www.uv.mx\/prensa\/wp-json\/wp\/v2\/media?parent=161978"}],"wp:term":[{"taxonomy":"category","embeddable":true,"href":"https:\/\/www.uv.mx\/prensa\/wp-json\/wp\/v2\/categories?post=161978"},{"taxonomy":"post_tag","embeddable":true,"href":"https:\/\/www.uv.mx\/prensa\/wp-json\/wp\/v2\/tags?post=161978"}],"curies":[{"name":"wp","href":"https:\/\/api.w.org\/{rel}","templated":true}]}}