{"id":161920,"date":"2025-11-04T19:26:10","date_gmt":"2025-11-05T01:26:10","guid":{"rendered":"https:\/\/www.uv.mx\/prensa\/?p=161920"},"modified":"2025-11-04T19:26:10","modified_gmt":"2025-11-05T01:26:10","slug":"caos-cuantico-tendencia-en-la-ciencia-moderna-diego-wisniacki","status":"publish","type":"post","link":"https:\/\/www.uv.mx\/prensa\/general\/caos-cuantico-tendencia-en-la-ciencia-moderna-diego-wisniacki\/","title":{"rendered":"Caos cu\u00e1ntico, tendencia en la ciencia moderna: Diego Wisniacki"},"content":{"rendered":"<ul>\n<li data-leveltext=\"\uf0b7\" data-font=\"Symbol\" data-listid=\"1\" data-list-defn-props=\"{&quot;335552541&quot;:1,&quot;335559685&quot;:720,&quot;335559991&quot;:360,&quot;469769226&quot;:&quot;Symbol&quot;,&quot;469769242&quot;:[8226],&quot;469777803&quot;:&quot;left&quot;,&quot;469777804&quot;:&quot;\uf0b7&quot;,&quot;469777815&quot;:&quot;hybridMultilevel&quot;}\" data-aria-posinset=\"1\" data-aria-level=\"1\"><i><span data-contrast=\"auto\">El investigador de la Universidad de Buenos Aires, Argentina, dict\u00f3 conferencia en el XXII Encuentro de Xalape\u00f1o de F\u00edsica<\/span><\/i><span data-ccp-props=\"{&quot;201341983&quot;:0,&quot;335559739&quot;:0,&quot;335559740&quot;:240}\">\u00a0<\/span><\/li>\n<\/ul>\n<ul>\n<li data-leveltext=\"\uf0b7\" data-font=\"Symbol\" data-listid=\"1\" data-list-defn-props=\"{&quot;335552541&quot;:1,&quot;335559685&quot;:720,&quot;335559991&quot;:360,&quot;469769226&quot;:&quot;Symbol&quot;,&quot;469769242&quot;:[8226],&quot;469777803&quot;:&quot;left&quot;,&quot;469777804&quot;:&quot;\uf0b7&quot;,&quot;469777815&quot;:&quot;hybridMultilevel&quot;}\" data-aria-posinset=\"2\" data-aria-level=\"1\"><i><span data-contrast=\"auto\">Actualmente muchos laboratorios en el mundo estudian sistemas formados por muchas part\u00edculas y la pregunta es si son sensibles a perturbaciones<\/span><\/i><span data-ccp-props=\"{&quot;201341983&quot;:0,&quot;335559739&quot;:0,&quot;335559740&quot;:240}\">\u00a0<\/span><\/li>\n<\/ul>\n<p><span data-ccp-props=\"{&quot;201341983&quot;:0,&quot;335559739&quot;:0,&quot;335559740&quot;:240}\">\u00a0<\/span><\/p>\n<div id=\"attachment_161874\" style=\"width: 732px\" class=\"wp-caption aligncenter\"><img loading=\"lazy\" decoding=\"async\" aria-describedby=\"caption-attachment-161874\" class=\"size-full wp-image-161874\" src=\"https:\/\/www.uv.mx\/prensa\/files\/2025\/11\/041125-PAOLA-Caos-cuantico-1-1.jpg\" alt=\"Diego Wisniacki, investigador del Departamento de F\u00edsica de la Universidad de Buenos Aires, Argentina\" width=\"722\" height=\"459\" srcset=\"https:\/\/www.uv.mx\/prensa\/files\/2025\/11\/041125-PAOLA-Caos-cuantico-1-1.jpg 722w, https:\/\/www.uv.mx\/prensa\/files\/2025\/11\/041125-PAOLA-Caos-cuantico-1-1-300x191.jpg 300w\" sizes=\"auto, (max-width: 722px) 100vw, 722px\" \/><p id=\"caption-attachment-161874\" class=\"wp-caption-text\">Diego Wisniacki, investigador del Departamento de F\u00edsica de la Universidad de Buenos Aires, Argentina<\/p><\/div>\n<p>&nbsp;<\/p>\n<p><b><i><span data-contrast=\"auto\">Paola Cort\u00e9s P\u00e9rez<\/span><\/i><\/b><span data-ccp-props=\"{&quot;201341983&quot;:0,&quot;335559739&quot;:0,&quot;335559740&quot;:240}\">\u00a0<\/span><\/p>\n<p><b><i><span data-contrast=\"auto\">Fotos: Omar Portilla Palacios<\/span><\/i><\/b><\/p>\n<p><b><i><span data-contrast=\"auto\">04\/11\/2025, Xalapa, Ver.-<\/span><\/i><\/b><span data-contrast=\"auto\"> Diego Wisniacki, investigador del Departamento de F\u00edsica de la Universidad de Buenos Aires, Argentina, imparti\u00f3 la conferencia \u201cEl caos cu\u00e1ntico es <\/span><i><span data-contrast=\"auto\">vintage<\/span><\/i><span data-contrast=\"auto\">\u201d, a estudiantes, acad\u00e9micos, investigadores y asistentes al XXII Encuentro de Xalape\u00f1o de F\u00edsica, organizado por la Facultad de F\u00edsica de la Universidad Veracruzana (UV).<\/span><span data-ccp-props=\"{&quot;201341983&quot;:0,&quot;335559731&quot;:0,&quot;335559739&quot;:0,&quot;335559740&quot;:240}\">\u00a0<\/span><\/p>\n<p><span data-contrast=\"auto\">Explic\u00f3 que este tema tuvo su auge hace 20 o 30 a\u00f1os, se dej\u00f3 de largo y ahora vuelve a retomarse con fuerza, como sucede con los objetos denominados <\/span><i><span data-contrast=\"auto\">vintage<\/span><\/i><span data-contrast=\"auto\"> o antiguos.<\/span><span data-ccp-props=\"{&quot;201341983&quot;:0,&quot;335559731&quot;:708,&quot;335559739&quot;:0,&quot;335559740&quot;:240}\">\u00a0<\/span><\/p>\n<p><span data-contrast=\"auto\">Wisniacki record\u00f3 que cuando comenz\u00f3 a trabajar en esa \u00e1rea, en la d\u00e9cada de los noventa, \u201cera un tema de moda, se hablaba mucho de \u00e9l, pero luego decay\u00f3; hoy esas ideas regresan y se aplican en nuevas plataformas experimentales\u201d.<\/span><span data-ccp-props=\"{&quot;201341983&quot;:0,&quot;335559731&quot;:708,&quot;335559739&quot;:0,&quot;335559740&quot;:240}\">\u00a0<\/span><\/p>\n<p><span data-contrast=\"auto\">En la charla, explic\u00f3 que la f\u00edsica \u2014como otras disciplinas\u2014 vive ciclos de inter\u00e9s: \u201cLo que ustedes est\u00e1n aprendiendo en este momento es el bagaje con el que van a contar el d\u00eda en que se conviertan en cient\u00edficos o cient\u00edficas, y ese bagaje, ese tianguis, puede tener cosas muy valiosas que uno puede usar. Todo lo que uno aprende puede volver, como pasa con el caos cu\u00e1ntico, que hoy tiene un nuevo auge\u201d.<\/span><\/p>\n<div id=\"attachment_161873\" style=\"width: 732px\" class=\"wp-caption aligncenter\"><img loading=\"lazy\" decoding=\"async\" aria-describedby=\"caption-attachment-161873\" class=\"size-full wp-image-161873\" src=\"https:\/\/www.uv.mx\/prensa\/files\/2025\/11\/041125-PAOLA-Caos-cuantico-2-1.jpg\" alt=\"En el XXII Encuentro de Xalape\u00f1o de F\u00edsica imparti\u00f3 la conferencia \u201cEl caos cu\u00e1ntico es vintage\u201d \" width=\"722\" height=\"462\" srcset=\"https:\/\/www.uv.mx\/prensa\/files\/2025\/11\/041125-PAOLA-Caos-cuantico-2-1.jpg 722w, https:\/\/www.uv.mx\/prensa\/files\/2025\/11\/041125-PAOLA-Caos-cuantico-2-1-300x192.jpg 300w\" sizes=\"auto, (max-width: 722px) 100vw, 722px\" \/><p id=\"caption-attachment-161873\" class=\"wp-caption-text\">En el XXII Encuentro de Xalape\u00f1o de F\u00edsica imparti\u00f3 la conferencia \u201c<em>El caos cu\u00e1ntico es vintage<\/em>\u201d<\/p><\/div>\n<p>&nbsp;<\/p>\n<p><span data-contrast=\"auto\">El investigador argentino mencion\u00f3 que el caos cu\u00e1ntico comenz\u00f3 a desarrollarse en las d\u00e9cadas de los ochenta y noventa, cuando era un \u00e1rea de gran inter\u00e9s, durante veinte a\u00f1os se desarroll\u00f3 una diversidad de ideas y hoy vuelve a tener fuerza, a retomarse.<\/span><span data-ccp-props=\"{&quot;201341983&quot;:0,&quot;335559731&quot;:708,&quot;335559739&quot;:0,&quot;335559740&quot;:240}\">\u00a0<\/span><\/p>\n<p><span data-contrast=\"auto\">Actualmente muchos laboratorios en el mundo estudian sistemas formados por muchas part\u00edculas y en ellos aparecen fen\u00f3menos nuevos relacionados con la computaci\u00f3n cu\u00e1ntica y la transmisi\u00f3n de informaci\u00f3n.<\/span><span data-ccp-props=\"{&quot;201341983&quot;:0,&quot;335559731&quot;:708,&quot;335559739&quot;:0,&quot;335559740&quot;:240}\">\u00a0<\/span><\/p>\n<p><span data-contrast=\"auto\">Ahora la pregunta es si son sensibles estos sistemas ante perturbaciones, es decir, si un par\u00e1metro cambia ligeramente, \u00bfel resultado sigue siendo parecido o se descontrola por completo? A partir de esto, el grupo de investigaci\u00f3n al que pertenece desarroll\u00f3 lo que denominan un ca\u00f3metro, instrumento te\u00f3rico que permite medir cu\u00e1n ca\u00f3tico es un sistema cu\u00e1ntico.<\/span><span data-ccp-props=\"{&quot;201341983&quot;:0,&quot;335559731&quot;:708,&quot;335559739&quot;:0,&quot;335559740&quot;:240}\">\u00a0<\/span><\/p>\n<p><span data-contrast=\"auto\">\u201cLa pureza es una medida de entrelazamiento; la diferencia entre un sistema integrable y uno ca\u00f3tico se puede ver claramente al medir esa pureza\u201d, explic\u00f3.<\/span><\/p>\n<div id=\"attachment_161875\" style=\"width: 732px\" class=\"wp-caption aligncenter\"><img loading=\"lazy\" decoding=\"async\" aria-describedby=\"caption-attachment-161875\" class=\"size-full wp-image-161875\" src=\"https:\/\/www.uv.mx\/prensa\/files\/2025\/11\/041125-PAOLA-Caos-cuantico-3-1.jpg\" alt=\"Habl\u00f3 del caos cu\u00e1ntico y los estudios que actualmente desarrolla junto con un equipo de especialistas \" width=\"722\" height=\"388\" srcset=\"https:\/\/www.uv.mx\/prensa\/files\/2025\/11\/041125-PAOLA-Caos-cuantico-3-1.jpg 722w, https:\/\/www.uv.mx\/prensa\/files\/2025\/11\/041125-PAOLA-Caos-cuantico-3-1-300x161.jpg 300w\" sizes=\"auto, (max-width: 722px) 100vw, 722px\" \/><p id=\"caption-attachment-161875\" class=\"wp-caption-text\">Habl\u00f3 del caos cu\u00e1ntico y los estudios que actualmente desarrolla junto con un equipo de especialistas<\/p><\/div>\n<p>&nbsp;<\/p>\n<p><span data-contrast=\"auto\">En la segunda parte de su exposici\u00f3n, Diego Wisniacki se refiri\u00f3 a los Correladores Desordenados en el Tiempo (OTOC, por sus siglas en ingl\u00e9s), retomados por el f\u00edsico argentino Juan Maldacena, los cuales no solo sirven para estudiar el caos, sino tambi\u00e9n la irreversibilidad y la forma en que se dispersa la informaci\u00f3n en los sistemas cu\u00e1nticos, fen\u00f3meno conocido como <\/span><i><span data-contrast=\"auto\">scrambling<\/span><\/i><span data-contrast=\"auto\">.<\/span><span data-ccp-props=\"{&quot;201341983&quot;:0,&quot;335559731&quot;:708,&quot;335559739&quot;:0,&quot;335559740&quot;:240}\">\u00a0<\/span><\/p>\n<p><span data-contrast=\"auto\">Para concluir, reiter\u00f3 la importancia de mantener viva la curiosidad cient\u00edfica y valorar el conocimiento adquirido, porque, \u201ccomo el buen vino, las ideas pueden volver despu\u00e9s de muchos a\u00f1os y ser igual o m\u00e1s valiosas\u201d.<\/span><span data-ccp-props=\"{&quot;201341983&quot;:0,&quot;335559731&quot;:708,&quot;335559739&quot;:0,&quot;335559740&quot;:240}\">\u00a0<\/span><\/p>\n","protected":false},"excerpt":{"rendered":"<p>Diego Wisniacki reiter\u00f3 la importancia de mantener viva la curiosidad cient\u00edfica y valorar el conocimiento adquirido <\/p>\n","protected":false},"author":1775,"featured_media":161872,"comment_status":"closed","ping_status":"closed","sticky":false,"template":"","format":"standard","meta":{"footnotes":""},"categories":[45,1,15424,61],"tags":[1631,28764,591,28767,28763,6037,177,28769,6462,28768,4164,1644,28765,28766],"class_list":["post-161920","post","type-post","status-publish","format-standard","has-post-thumbnail","hentry","category-ciencia","category-general","category-planta-academica","category-banner","tag-argentina","tag-caos-cuantico","tag-conferencia","tag-correladores-desordenados-en-el-tiempo","tag-diego-wisniacki","tag-encuentro","tag-facultad-de-fisica","tag-juan-maldacena","tag-omar-portilla-palacios","tag-otoc","tag-paola-cortes-perez","tag-universidad-de-buenos-aires","tag-vintage","tag-xalapeno-de-fisica"],"_links":{"self":[{"href":"https:\/\/www.uv.mx\/prensa\/wp-json\/wp\/v2\/posts\/161920","targetHints":{"allow":["GET"]}}],"collection":[{"href":"https:\/\/www.uv.mx\/prensa\/wp-json\/wp\/v2\/posts"}],"about":[{"href":"https:\/\/www.uv.mx\/prensa\/wp-json\/wp\/v2\/types\/post"}],"author":[{"embeddable":true,"href":"https:\/\/www.uv.mx\/prensa\/wp-json\/wp\/v2\/users\/1775"}],"replies":[{"embeddable":true,"href":"https:\/\/www.uv.mx\/prensa\/wp-json\/wp\/v2\/comments?post=161920"}],"version-history":[{"count":1,"href":"https:\/\/www.uv.mx\/prensa\/wp-json\/wp\/v2\/posts\/161920\/revisions"}],"predecessor-version":[{"id":161921,"href":"https:\/\/www.uv.mx\/prensa\/wp-json\/wp\/v2\/posts\/161920\/revisions\/161921"}],"wp:featuredmedia":[{"embeddable":true,"href":"https:\/\/www.uv.mx\/prensa\/wp-json\/wp\/v2\/media\/161872"}],"wp:attachment":[{"href":"https:\/\/www.uv.mx\/prensa\/wp-json\/wp\/v2\/media?parent=161920"}],"wp:term":[{"taxonomy":"category","embeddable":true,"href":"https:\/\/www.uv.mx\/prensa\/wp-json\/wp\/v2\/categories?post=161920"},{"taxonomy":"post_tag","embeddable":true,"href":"https:\/\/www.uv.mx\/prensa\/wp-json\/wp\/v2\/tags?post=161920"}],"curies":[{"name":"wp","href":"https:\/\/api.w.org\/{rel}","templated":true}]}}