{"id":161900,"date":"2025-11-04T18:35:06","date_gmt":"2025-11-05T00:35:06","guid":{"rendered":"https:\/\/www.uv.mx\/prensa\/?p=161900"},"modified":"2025-11-04T18:35:06","modified_gmt":"2025-11-05T00:35:06","slug":"estudiantes-de-arquitectura-uv-ganan-primer-lugar-en-concurso-nacional-pabellon-3r","status":"publish","type":"post","link":"https:\/\/www.uv.mx\/prensa\/general\/estudiantes-de-arquitectura-uv-ganan-primer-lugar-en-concurso-nacional-pabellon-3r\/","title":{"rendered":"Estudiantes de Arquitectura UV ganan primer lugar en concurso nacional Pabell\u00f3n 3R"},"content":{"rendered":"<ul>\n<li data-leveltext=\"\uf0b7\" data-font=\"Symbol\" data-listid=\"2\" data-list-defn-props=\"{&quot;335552541&quot;:1,&quot;335559685&quot;:720,&quot;335559991&quot;:360,&quot;469769226&quot;:&quot;Symbol&quot;,&quot;469769242&quot;:[8226],&quot;469777803&quot;:&quot;left&quot;,&quot;469777804&quot;:&quot;\uf0b7&quot;,&quot;469777815&quot;:&quot;hybridMultilevel&quot;}\" data-aria-posinset=\"1\" data-aria-level=\"1\"><i><span data-contrast=\"auto\">De la regi\u00f3n Orizaba-C\u00f3rdoba, con una estructura inspirada en las formas geom\u00e9tricas de la naturaleza, que integra un sistema pluvial con materiales reutilizados<\/span><\/i><span data-ccp-props=\"{&quot;201341983&quot;:0,&quot;335559739&quot;:0,&quot;335559740&quot;:240}\">\u00a0<\/span><\/li>\n<\/ul>\n<ul>\n<li data-leveltext=\"\uf0b7\" data-font=\"Symbol\" data-listid=\"2\" data-list-defn-props=\"{&quot;335552541&quot;:1,&quot;335559685&quot;:720,&quot;335559991&quot;:360,&quot;469769226&quot;:&quot;Symbol&quot;,&quot;469769242&quot;:[8226],&quot;469777803&quot;:&quot;left&quot;,&quot;469777804&quot;:&quot;\uf0b7&quot;,&quot;469777815&quot;:&quot;hybridMultilevel&quot;}\" data-aria-posinset=\"2\" data-aria-level=\"1\"><i><span data-contrast=\"auto\">El certamen promueve la creatividad, el trabajo colaborativo y la conciencia ambiental mediante el dise\u00f1o de estructuras ef\u00edmeras elaboradas con elementos reciclados<\/span><\/i><span data-ccp-props=\"{&quot;201341983&quot;:0,&quot;335559739&quot;:0,&quot;335559740&quot;:240}\">\u00a0<\/span><\/li>\n<\/ul>\n<ul>\n<li data-leveltext=\"\uf0b7\" data-font=\"Symbol\" data-listid=\"2\" data-list-defn-props=\"{&quot;335552541&quot;:1,&quot;335559685&quot;:720,&quot;335559991&quot;:360,&quot;469769226&quot;:&quot;Symbol&quot;,&quot;469769242&quot;:[8226],&quot;469777803&quot;:&quot;left&quot;,&quot;469777804&quot;:&quot;\uf0b7&quot;,&quot;469777815&quot;:&quot;hybridMultilevel&quot;}\" data-aria-posinset=\"3\" data-aria-level=\"1\"><i><span data-contrast=\"auto\">La propuesta universitaria refleja la innovaci\u00f3n y compromiso sustentable; permanecer\u00e1 instalada en la entidad acad\u00e9mica, en el marco de su 45 aniversario<\/span><\/i><span data-ccp-props=\"{&quot;201341983&quot;:0,&quot;335559739&quot;:0,&quot;335559740&quot;:240}\">\u00a0<\/span><\/li>\n<\/ul>\n<p>&nbsp;<\/p>\n<div id=\"attachment_161862\" style=\"width: 732px\" class=\"wp-caption aligncenter\"><a href=\"https:\/\/www.uv.mx\/prensa\/files\/2025\/11\/03112025_Eduardo-Orizaba_Pabellones-1-100k.jpg\"><img loading=\"lazy\" decoding=\"async\" aria-describedby=\"caption-attachment-161862\" class=\"size-full wp-image-161862\" src=\"https:\/\/www.uv.mx\/prensa\/files\/2025\/11\/03112025_Eduardo-Orizaba_Pabellones-1-100k.jpg\" alt=\"\" width=\"722\" height=\"482\" srcset=\"https:\/\/www.uv.mx\/prensa\/files\/2025\/11\/03112025_Eduardo-Orizaba_Pabellones-1-100k.jpg 722w, https:\/\/www.uv.mx\/prensa\/files\/2025\/11\/03112025_Eduardo-Orizaba_Pabellones-1-100k-300x200.jpg 300w\" sizes=\"auto, (max-width: 722px) 100vw, 722px\" \/><\/a><p id=\"caption-attachment-161862\" class=\"wp-caption-text\">Equipo galardonado integrado por estudiantes de la Arquitectura<\/p><\/div>\n<p>&nbsp;<\/p>\n<p><b><i><span data-contrast=\"auto\">Eduardo Ca\u00f1edo Lom\u00e1n<\/span><\/i><\/b><span data-ccp-props=\"{&quot;201341983&quot;:0,&quot;335559739&quot;:0,&quot;335559740&quot;:240}\">\u00a0<\/span><\/p>\n<p><b><i><span data-contrast=\"auto\">04\/11\/2025, C\u00f3rdoba, Ver.-<\/span><\/i><\/b><span data-contrast=\"auto\"> Con creatividad, t\u00e9cnica y compromiso ambiental, estudiantes de la Facultad de Arquitectura de la Universidad Veracruzana (UV), regi\u00f3n Orizaba-C\u00f3rdoba, obtuvieron el primer lugar y una menci\u00f3n honor\u00edfica en el Concurso Universitario de Arquitectura Ef\u00edmera Pabell\u00f3n 3R, realizado en la Facultad de Arquitectura de la Benem\u00e9rita Universidad Aut\u00f3noma de Puebla (BUAP).<\/span><span data-ccp-props=\"{&quot;201341983&quot;:0,&quot;335559739&quot;:0,&quot;335559740&quot;:240}\">\u00a0<\/span><\/p>\n<p><span data-contrast=\"auto\">El equipo Lilium, integrado por Lourdes Monserrat G\u00f3mez Osorio, David Z\u00fa\u00f1iga Hern\u00e1ndez, Jonathan P\u00e9rez Mart\u00ednez y \u00c1ngel Gabriel Paredes Ortega, bajo la asesor\u00eda de Jos\u00e9 Ren\u00e9 Morgado Bustos, destac\u00f3 entre los 14 equipos finalistas de distintas universidades del pa\u00eds, gracias a la originalidad, sustentabilidad y eficiencia constructiva de su propuesta.<\/span><span data-ccp-props=\"{&quot;201341983&quot;:0,&quot;335559731&quot;:708,&quot;335559739&quot;:0,&quot;335559740&quot;:240}\">\u00a0<\/span><\/p>\n<p>&nbsp;<\/p>\n<div id=\"attachment_161863\" style=\"width: 732px\" class=\"wp-caption aligncenter\"><a href=\"https:\/\/www.uv.mx\/prensa\/files\/2025\/11\/03112025_Eduardo-Orizaba_Pabellones-2-100k.jpg\"><img loading=\"lazy\" decoding=\"async\" aria-describedby=\"caption-attachment-161863\" class=\"size-full wp-image-161863\" src=\"https:\/\/www.uv.mx\/prensa\/files\/2025\/11\/03112025_Eduardo-Orizaba_Pabellones-2-100k.jpg\" alt=\"\" width=\"722\" height=\"482\" srcset=\"https:\/\/www.uv.mx\/prensa\/files\/2025\/11\/03112025_Eduardo-Orizaba_Pabellones-2-100k.jpg 722w, https:\/\/www.uv.mx\/prensa\/files\/2025\/11\/03112025_Eduardo-Orizaba_Pabellones-2-100k-300x200.jpg 300w\" sizes=\"auto, (max-width: 722px) 100vw, 722px\" \/><\/a><p id=\"caption-attachment-161863\" class=\"wp-caption-text\">Estudiantes durante la ceremonia de premiaci\u00f3n<\/p><\/div>\n<p>&nbsp;<\/p>\n<p><span data-contrast=\"auto\">El certamen Pabell\u00f3n 3R \u2014de car\u00e1cter nacional\u2013 tiene como prop\u00f3sito promover la creatividad, el trabajo colaborativo y la conciencia ambiental en las nuevas generaciones de arquitectos, al convocarles a dise\u00f1ar y construir un pabell\u00f3n ef\u00edmero con materiales reciclados. En esta edici\u00f3n, el reto consisti\u00f3 en desarrollar una estructura orientada a la captaci\u00f3n de agua pluvial, con soluciones pr\u00e1cticas y sostenibles para su almacenamiento y uso.<\/span><span data-ccp-props=\"{&quot;201341983&quot;:0,&quot;335559731&quot;:708,&quot;335559739&quot;:0,&quot;335559740&quot;:240}\">\u00a0<\/span><\/p>\n<p><span data-contrast=\"auto\">Durante los d\u00edas de competencia, los equipos trabajaron directamente en las instalaciones de la BUAP, donde construyeron, probaron y presentaron sus proyectos ante un jurado especializado, conformado por cinco acad\u00e9micos de reconocida trayectoria. La evaluaci\u00f3n consider\u00f3 tanto la calidad t\u00e9cnica y constructiva como la capacidad de las estructuras para funcionar en tiempo real como sistemas pluviales eficientes.<\/span><span data-ccp-props=\"{&quot;201341983&quot;:0,&quot;335559731&quot;:708,&quot;335559739&quot;:0,&quot;335559740&quot;:240}\">\u00a0<\/span><\/p>\n<p>&nbsp;<\/p>\n<div id=\"attachment_161864\" style=\"width: 732px\" class=\"wp-caption aligncenter\"><a href=\"https:\/\/www.uv.mx\/prensa\/files\/2025\/11\/03112025_Eduardo-Orizaba_Pabellones-3-100k.jpg\"><img loading=\"lazy\" decoding=\"async\" aria-describedby=\"caption-attachment-161864\" class=\"size-full wp-image-161864\" src=\"https:\/\/www.uv.mx\/prensa\/files\/2025\/11\/03112025_Eduardo-Orizaba_Pabellones-3-100k.jpg\" alt=\"\" width=\"722\" height=\"482\" srcset=\"https:\/\/www.uv.mx\/prensa\/files\/2025\/11\/03112025_Eduardo-Orizaba_Pabellones-3-100k.jpg 722w, https:\/\/www.uv.mx\/prensa\/files\/2025\/11\/03112025_Eduardo-Orizaba_Pabellones-3-100k-300x200.jpg 300w\" sizes=\"auto, (max-width: 722px) 100vw, 722px\" \/><\/a><p id=\"caption-attachment-161864\" class=\"wp-caption-text\">El pabell\u00f3n \u201cLilium\u201d se inspira en formas geom\u00e9tricas de la naturaleza<\/p><\/div>\n<p>&nbsp;<\/p>\n<p><span data-contrast=\"auto\">El pabell\u00f3n \u201cLilium\u201d \u2014nombre que evoca las formas naturales del lirio\u2014 incorpor\u00f3 elementos geom\u00e9tricos inspirados en la naturaleza, una cubierta pl\u00e1stica tensada en cuatro puntos principales y un sistema de captaci\u00f3n y almacenamiento construido con tuber\u00eda de PVC y llantas recicladas, integradas como base estructural. El resultado fue un dise\u00f1o ligero, funcional y ambientalmente responsable, que refleja el talento y la visi\u00f3n sustentable de la comunidad universitaria.<\/span><span data-ccp-props=\"{&quot;201341983&quot;:0,&quot;335559731&quot;:708,&quot;335559739&quot;:0,&quot;335559740&quot;:240}\">\u00a0<\/span><\/p>\n<p><span data-contrast=\"auto\">Como parte de la conmemoraci\u00f3n por el 45 aniversario de la Facultad de Arquitectura, el pabell\u00f3n permanecer\u00e1 instalado en esta entidad, donde podr\u00e1 ser visitado por la comunidad universitaria. Su presencia simboliza no solo un reconocimiento al esfuerzo estudiantil, sino tambi\u00e9n una muestra tangible del compromiso de la UV con la innovaci\u00f3n, la sustentabilidad y la formaci\u00f3n integral de sus estudiantes.<\/span><span data-ccp-props=\"{&quot;201341983&quot;:0,&quot;335559731&quot;:708,&quot;335559739&quot;:0,&quot;335559740&quot;:240}\">\u00a0<\/span><\/p>\n","protected":false},"excerpt":{"rendered":"<p>Con \u201cLilium\u201d, un pabell\u00f3n sustentable inspirado en la naturaleza y dise\u00f1ado para la captaci\u00f3n pluvial, el alumnado de la regi\u00f3n Orizaba-C\u00f3rdoba tambi\u00e9n recibi\u00f3 una menci\u00f3n honor\u00edfica, en el certamen realizado en la BUAP <\/p>\n","protected":false},"author":1809,"featured_media":161865,"comment_status":"closed","ping_status":"closed","sticky":false,"template":"","format":"standard","meta":{"footnotes":""},"categories":[15423,1,53,61,32],"tags":[28750,217,28745,28748,4172,28746,419,28749,28751,28747,2610,20311],"class_list":["post-161900","post","type-post","status-publish","format-standard","has-post-thumbnail","hentry","category-estudiantes","category-general","category-orizaba","category-banner","category-regiones","tag-angel-gabriel-paredes-ortega","tag-benemerita-universidad-autonoma-de-puebla-buap","tag-concurso-universitario-de-arquitectura-efimera-pabellon-3r","tag-david-zuniga-hernandez","tag-eduardo-canedo-loman","tag-equipo-lilium","tag-facultad-de-arquitectura","tag-jonathan-perez-martinez","tag-jose-rene-morgado-bustos","tag-lourdes-monserrat-gomez-osorio","tag-region-orizaba-cordoba","tag-universidad-veracruzana-uv"],"_links":{"self":[{"href":"https:\/\/www.uv.mx\/prensa\/wp-json\/wp\/v2\/posts\/161900","targetHints":{"allow":["GET"]}}],"collection":[{"href":"https:\/\/www.uv.mx\/prensa\/wp-json\/wp\/v2\/posts"}],"about":[{"href":"https:\/\/www.uv.mx\/prensa\/wp-json\/wp\/v2\/types\/post"}],"author":[{"embeddable":true,"href":"https:\/\/www.uv.mx\/prensa\/wp-json\/wp\/v2\/users\/1809"}],"replies":[{"embeddable":true,"href":"https:\/\/www.uv.mx\/prensa\/wp-json\/wp\/v2\/comments?post=161900"}],"version-history":[{"count":1,"href":"https:\/\/www.uv.mx\/prensa\/wp-json\/wp\/v2\/posts\/161900\/revisions"}],"predecessor-version":[{"id":161901,"href":"https:\/\/www.uv.mx\/prensa\/wp-json\/wp\/v2\/posts\/161900\/revisions\/161901"}],"wp:featuredmedia":[{"embeddable":true,"href":"https:\/\/www.uv.mx\/prensa\/wp-json\/wp\/v2\/media\/161865"}],"wp:attachment":[{"href":"https:\/\/www.uv.mx\/prensa\/wp-json\/wp\/v2\/media?parent=161900"}],"wp:term":[{"taxonomy":"category","embeddable":true,"href":"https:\/\/www.uv.mx\/prensa\/wp-json\/wp\/v2\/categories?post=161900"},{"taxonomy":"post_tag","embeddable":true,"href":"https:\/\/www.uv.mx\/prensa\/wp-json\/wp\/v2\/tags?post=161900"}],"curies":[{"name":"wp","href":"https:\/\/api.w.org\/{rel}","templated":true}]}}