{"id":161148,"date":"2025-10-16T11:02:55","date_gmt":"2025-10-16T16:02:55","guid":{"rendered":"https:\/\/www.uv.mx\/prensa\/?p=161148"},"modified":"2025-10-16T11:02:55","modified_gmt":"2025-10-16T16:02:55","slug":"facultad-de-arquitectura-a-la-vanguardia-en-ensenanza-luis-fernandez","status":"publish","type":"post","link":"https:\/\/www.uv.mx\/prensa\/general\/facultad-de-arquitectura-a-la-vanguardia-en-ensenanza-luis-fernandez\/","title":{"rendered":"Facultad de Arquitectura, a la vanguardia en ense\u00f1anza: Luis Fern\u00e1ndez"},"content":{"rendered":"<ul>\n<li data-leveltext=\"\uf0b7\" data-font=\"Symbol\" data-listid=\"6\" data-list-defn-props=\"{&quot;335552541&quot;:1,&quot;335559685&quot;:720,&quot;335559991&quot;:360,&quot;469769226&quot;:&quot;Symbol&quot;,&quot;469769242&quot;:[8226],&quot;469777803&quot;:&quot;left&quot;,&quot;469777804&quot;:&quot;\uf0b7&quot;,&quot;469777815&quot;:&quot;hybridMultilevel&quot;}\" data-aria-posinset=\"1\" data-aria-level=\"1\"><i><span data-contrast=\"auto\">El director de la entidad acad\u00e9mica destac\u00f3 que la actualizaci\u00f3n de plantilla docente es permanente, pues la brecha tecnol\u00f3gica se modifica cada d\u00eda\u00a0<\/span><\/i><span data-ccp-props=\"{}\">\u00a0<\/span><\/li>\n<\/ul>\n<ul>\n<li data-leveltext=\"\uf0b7\" data-font=\"Symbol\" data-listid=\"6\" data-list-defn-props=\"{&quot;335552541&quot;:1,&quot;335559685&quot;:720,&quot;335559991&quot;:360,&quot;469769226&quot;:&quot;Symbol&quot;,&quot;469769242&quot;:[8226],&quot;469777803&quot;:&quot;left&quot;,&quot;469777804&quot;:&quot;\uf0b7&quot;,&quot;469777815&quot;:&quot;hybridMultilevel&quot;}\" data-aria-posinset=\"2\" data-aria-level=\"1\"><i><span data-contrast=\"auto\">Mantiene v\u00ednculos con instituciones educativas de M\u00e9xico y el extranjero, y trabaja en la formaci\u00f3n de lazos con escuelas de Europa, Estados Unidos y Canad\u00e1<\/span><\/i><span data-ccp-props=\"{}\">\u00a0<\/span><\/li>\n<\/ul>\n<p><span data-ccp-props=\"{}\">\u00a0<\/span><\/p>\n<div id=\"attachment_161108\" style=\"width: 732px\" class=\"wp-caption aligncenter\"><a href=\"https:\/\/www.uv.mx\/prensa\/files\/2025\/10\/131025-CARLOS-Facultad-Arquitectura-1.jpg\"><img loading=\"lazy\" decoding=\"async\" aria-describedby=\"caption-attachment-161108\" class=\"size-full wp-image-161108\" src=\"https:\/\/www.uv.mx\/prensa\/files\/2025\/10\/131025-CARLOS-Facultad-Arquitectura-1.jpg\" alt=\"\" width=\"722\" height=\"542\" srcset=\"https:\/\/www.uv.mx\/prensa\/files\/2025\/10\/131025-CARLOS-Facultad-Arquitectura-1.jpg 722w, https:\/\/www.uv.mx\/prensa\/files\/2025\/10\/131025-CARLOS-Facultad-Arquitectura-1-300x225.jpg 300w\" sizes=\"auto, (max-width: 722px) 100vw, 722px\" \/><\/a><p id=\"caption-attachment-161108\" class=\"wp-caption-text\">Facultad de Arquitectura de la regi\u00f3n Xalapa<\/p><\/div>\n<p>&nbsp;<\/p>\n<p><b><i><span data-contrast=\"auto\">Carlos Hugo Hermida Rosales<\/span><\/i><\/b><span data-ccp-props=\"{}\">\u00a0<\/span><\/p>\n<p><b><i><span data-contrast=\"auto\">Fotos: Omar Portilla Palacios (2) Carlos Hermida (1, 3)\u00a0<\/span><\/i><\/b><span data-ccp-props=\"{}\">\u00a0<\/span><\/p>\n<p><b><i><span data-contrast=\"auto\">16\/10\/2025, Xalapa, Ver.-<\/span><\/i><\/b><span data-contrast=\"auto\"> \u201cLa Facultad de Arquitectura de la regi\u00f3n Xalapa de la Universidad Veracruzana (UV) se mantiene a la vanguardia en sus m\u00e9todos de ense\u00f1anza, y para ello los profesores incorporan tecnolog\u00edas de vanguardia en el proceso formativo\u201d, afirm\u00f3 Luis Miguel Fern\u00e1ndez S\u00e1nchez, director de la entidad acad\u00e9mica.\u00a0<\/span><span data-ccp-props=\"{}\">\u00a0<\/span><\/p>\n<p><span data-contrast=\"auto\">El catedr\u00e1tico asegur\u00f3 que la actualizaci\u00f3n de la plantilla docente es permanente, ya que la brecha tecnol\u00f3gica se ampl\u00eda y modifica cada d\u00eda.\u00a0<\/span><span data-ccp-props=\"{&quot;335559731&quot;:708}\">\u00a0<\/span><\/p>\n<p><span data-contrast=\"auto\">\u201cSi bien nuevas herramientas plantean retos, tambi\u00e9n ofrecen oportunidades, pues auxilian como entes creativos, fuente de inspiraci\u00f3n y en el desarrollo de labores rutinarias que consumen tiempo\u201d, coment\u00f3.<\/span><span data-ccp-props=\"{&quot;335559731&quot;:708}\">\u00a0<\/span><\/p>\n<p><span data-contrast=\"auto\">Luis Fern\u00e1ndez se\u00f1al\u00f3 que los maestros de la Facultad de Arquitectura usan la metodolog\u00eda <\/span><i><span data-contrast=\"auto\">Building Information Modeling<\/span><\/i><span data-contrast=\"auto\"> (BIM) \u2013que aborda trabajo colaborativo para la concepci\u00f3n y gesti\u00f3n de proyectos de edificaci\u00f3n y obra civil\u2013 y la integran con otros <\/span><i><span data-contrast=\"auto\">softwares<\/span><\/i><span data-contrast=\"auto\"> a fin de determinar costos m\u00e1s precisos.<\/span><span data-ccp-props=\"{&quot;335559731&quot;:708}\">\u00a0<\/span><\/p>\n<p><span data-contrast=\"auto\">\u201cLlevan a cabo los an\u00e1lisis de sitio en menos tiempo que hace una d\u00e9cada, e incorporan drones e impresoras 3D en su c\u00e1tedra\u201d, precis\u00f3.\u00a0<\/span><span data-ccp-props=\"{&quot;335559731&quot;:708}\">\u00a0<\/span><\/p>\n<p><span data-contrast=\"auto\">El directivo asever\u00f3 que se ofrece una formaci\u00f3n muy bien cimentada; cuentan con excelentes maestros que desarrollan la experimentaci\u00f3n de la mano con sus alumnos.<\/span><span data-ccp-props=\"{&quot;335559731&quot;:708}\">\u00a0<\/span><\/p>\n<p><span data-contrast=\"auto\">\u201cDebemos reflexionar hacia d\u00f3nde queremos ir como escuela de arquitectura, porque hay aspectos primordiales: mantener una postura filos\u00f3fica detr\u00e1s del dise\u00f1o, y usar todas las herramientas disponibles como apoyo y aliciente\u201d, mencion\u00f3.\u00a0<\/span><span data-ccp-props=\"{&quot;335559731&quot;:708}\">\u00a0<\/span><\/p>\n<p>&nbsp;<\/p>\n<div id=\"attachment_161107\" style=\"width: 732px\" class=\"wp-caption aligncenter\"><a href=\"https:\/\/www.uv.mx\/prensa\/files\/2025\/10\/131025-CARLOS-Facultad-Arquitectura-2.jpg\"><img loading=\"lazy\" decoding=\"async\" aria-describedby=\"caption-attachment-161107\" class=\"size-full wp-image-161107\" src=\"https:\/\/www.uv.mx\/prensa\/files\/2025\/10\/131025-CARLOS-Facultad-Arquitectura-2.jpg\" alt=\"\" width=\"722\" height=\"481\" srcset=\"https:\/\/www.uv.mx\/prensa\/files\/2025\/10\/131025-CARLOS-Facultad-Arquitectura-2.jpg 722w, https:\/\/www.uv.mx\/prensa\/files\/2025\/10\/131025-CARLOS-Facultad-Arquitectura-2-300x200.jpg 300w\" sizes=\"auto, (max-width: 722px) 100vw, 722px\" \/><\/a><p id=\"caption-attachment-161107\" class=\"wp-caption-text\">Luis Miguel Fern\u00e1ndez S\u00e1nchez, director de la Facultad de Arquitectura<\/p><\/div>\n<p>&nbsp;<\/p>\n<p><span data-contrast=\"auto\">Luis Fern\u00e1ndez comparti\u00f3 que el plan de estudios de la Licenciatura en Arquitectura se encuentra en proceso de redise\u00f1o, para lo cual se lleva a cabo un trabajo colegiado entre las cuatro entidades donde se oferta: las facultades de Arquitectura de las regiones Xalapa, Orizaba-C\u00f3rdoba y Poza Rica-Tuxpan, y la de Ingenier\u00eda de la Construcci\u00f3n y el H\u00e1bitat en la regi\u00f3n Veracruz.<\/span><span data-ccp-props=\"{&quot;335559731&quot;:708}\">\u00a0<\/span><\/p>\n<p><span data-contrast=\"auto\">\u201cLa labor ha sido enriquecedora, pues ha propiciado discusiones complejas en torno a las problem\u00e1ticas y realidades de las ciudades donde se imparte\u201d, manifest\u00f3.\u00a0<\/span><span data-ccp-props=\"{&quot;335559731&quot;:708}\">\u00a0<\/span><\/p>\n<p><b><span data-contrast=\"auto\">Vinculaci\u00f3n, factor clave\u00a0<\/span><\/b><span data-ccp-props=\"{}\">\u00a0<\/span><\/p>\n<p><span data-contrast=\"auto\">El catedr\u00e1tico resalt\u00f3 la vinculaci\u00f3n que la Facultad de Arquitectura mantiene con instituciones hermanas de M\u00e9xico y el extranjero, y agreg\u00f3 que actualmente se trabaja en la formaci\u00f3n de lazos con escuelas de Europa, Estados Unidos y Canad\u00e1, pues los mercados laborales de sitios como Montreal, Nueva York o Londres son muy interesantes para ser explorados.\u00a0<\/span><span data-ccp-props=\"{}\">\u00a0<\/span><\/p>\n<p><span data-contrast=\"auto\">Luis Fern\u00e1ndez comparti\u00f3 que hoy en d\u00eda, el principal reto de los profesores es competir con las redes sociales y los tel\u00e9fonos celulares por la atenci\u00f3n de los estudiantes, porque es dif\u00edcil captarla por m\u00e1s de una hora seguida.\u00a0<\/span><span data-ccp-props=\"{&quot;335559731&quot;:708}\">\u00a0<\/span><\/p>\n<p>&nbsp;<\/p>\n<div id=\"attachment_161109\" style=\"width: 732px\" class=\"wp-caption aligncenter\"><a href=\"https:\/\/www.uv.mx\/prensa\/files\/2025\/10\/131025-CARLOS-Facultad-Arquitectura-3.jpg\"><img loading=\"lazy\" decoding=\"async\" aria-describedby=\"caption-attachment-161109\" class=\"size-full wp-image-161109\" src=\"https:\/\/www.uv.mx\/prensa\/files\/2025\/10\/131025-CARLOS-Facultad-Arquitectura-3.jpg\" alt=\"\" width=\"722\" height=\"542\" \/><\/a><p id=\"caption-attachment-161109\" class=\"wp-caption-text\">Entre las metas a corto plazo se encuentra el fortalecimiento de los programas de difusi\u00f3n de la Facultad de Arquitectura<\/p><\/div>\n<p>&nbsp;<\/p>\n<p><span data-contrast=\"auto\">\u201cTienen acceso a una gran cantidad de informaci\u00f3n, pero sus maestros debemos lograr que entiendan los conceptos y comprendan la naturaleza de las respuestas, pues en el \u00e1mbito laboral cuando un cliente les haga preguntas necesitan resolver inmediatamente\u201d, enfatiz\u00f3.\u00a0<\/span><span data-ccp-props=\"{&quot;335559731&quot;:708}\">\u00a0<\/span><\/p>\n<p><span data-contrast=\"auto\">El acad\u00e9mico declar\u00f3 que es de suma importancia mostrar a los alumnos como pueden aplicar el conocimiento adquirido, ya que de esa manera su formaci\u00f3n profesional comienza a tener un significado.<\/span><span data-ccp-props=\"{&quot;335559731&quot;:708}\">\u00a0<\/span><\/p>\n<p><b><span data-contrast=\"auto\">Visi\u00f3n al futuro<\/span><\/b><span data-ccp-props=\"{}\">\u00a0<\/span><\/p>\n<p><span data-contrast=\"auto\">El director comparti\u00f3 que entre las metas a corto plazo se encuentra el fortalecimiento de los programas de difusi\u00f3n de la Facultad de Arquitectura, y lograr que la sociedad entienda la importancia de esta disciplina en la vida de todos.\u00a0<\/span><span data-ccp-props=\"{}\">\u00a0<\/span><\/p>\n<p><span data-contrast=\"auto\">Para ello, iniciar\u00e1n un plan de trabajo ambicioso en el que entrevistar\u00e1n a los expertos que los visitan, y registrar\u00e1n proyectos y exposiciones llevadas a cabo.<\/span><span data-ccp-props=\"{&quot;335559731&quot;:708}\">\u00a0<\/span><\/p>\n<p><span data-contrast=\"auto\">El docente declar\u00f3 que hoy en d\u00eda el arquitecto se desenvuelve en una \u00e9poca con grandes oportunidades, como el hecho de poder desempe\u00f1arse colaborativamente a nivel internacional por medio de las tecnolog\u00edas de la informaci\u00f3n y la comunicaci\u00f3n.\u00a0<\/span><span data-ccp-props=\"{&quot;335559731&quot;:708}\">\u00a0<\/span><\/p>\n<p><span data-contrast=\"auto\">\u201cEl que las empresas en el mundo desarrollen nuevos materiales para construir m\u00e1s r\u00e1pido y barato, es una de tantas ventajas que los profesionales de esta disciplina debemos aprovechar\u201d, concluy\u00f3.\u00a0\u00a0<\/span><span data-ccp-props=\"{&quot;335559731&quot;:708}\">\u00a0<\/span><\/p>\n<p><span data-ccp-props=\"{&quot;335559731&quot;:708}\">\u00a0<\/span><\/p>\n","protected":false},"excerpt":{"rendered":"<p>Con la implementaci\u00f3n de nuevas tecnolog\u00edas e inteligencia artificial <\/p>\n","protected":false},"author":1809,"featured_media":161111,"comment_status":"closed","ping_status":"closed","sticky":false,"template":"","format":"standard","meta":{"footnotes":""},"categories":[1,15424,61],"tags":[4161,419,3864,28265,28263,28264,6462,2610,2976,2642,1899,20311],"class_list":["post-161148","post","type-post","status-publish","format-standard","has-post-thumbnail","hentry","category-general","category-planta-academica","category-banner","tag-carlos-hugo-hermida-rosales","tag-facultad-de-arquitectura","tag-licenciatura-en-arquitectura","tag-licenciatura-en-ingenieria-de-la-construccion-y-el-habitat","tag-luis-miguel-fernandez-sanchez","tag-metodologia-building-information-modeling-bim","tag-omar-portilla-palacios","tag-region-orizaba-cordoba","tag-region-poza-rica-tuxpan","tag-region-veracruz","tag-region-xalapa","tag-universidad-veracruzana-uv"],"_links":{"self":[{"href":"https:\/\/www.uv.mx\/prensa\/wp-json\/wp\/v2\/posts\/161148","targetHints":{"allow":["GET"]}}],"collection":[{"href":"https:\/\/www.uv.mx\/prensa\/wp-json\/wp\/v2\/posts"}],"about":[{"href":"https:\/\/www.uv.mx\/prensa\/wp-json\/wp\/v2\/types\/post"}],"author":[{"embeddable":true,"href":"https:\/\/www.uv.mx\/prensa\/wp-json\/wp\/v2\/users\/1809"}],"replies":[{"embeddable":true,"href":"https:\/\/www.uv.mx\/prensa\/wp-json\/wp\/v2\/comments?post=161148"}],"version-history":[{"count":1,"href":"https:\/\/www.uv.mx\/prensa\/wp-json\/wp\/v2\/posts\/161148\/revisions"}],"predecessor-version":[{"id":161151,"href":"https:\/\/www.uv.mx\/prensa\/wp-json\/wp\/v2\/posts\/161148\/revisions\/161151"}],"wp:featuredmedia":[{"embeddable":true,"href":"https:\/\/www.uv.mx\/prensa\/wp-json\/wp\/v2\/media\/161111"}],"wp:attachment":[{"href":"https:\/\/www.uv.mx\/prensa\/wp-json\/wp\/v2\/media?parent=161148"}],"wp:term":[{"taxonomy":"category","embeddable":true,"href":"https:\/\/www.uv.mx\/prensa\/wp-json\/wp\/v2\/categories?post=161148"},{"taxonomy":"post_tag","embeddable":true,"href":"https:\/\/www.uv.mx\/prensa\/wp-json\/wp\/v2\/tags?post=161148"}],"curies":[{"name":"wp","href":"https:\/\/api.w.org\/{rel}","templated":true}]}}