{"id":16094,"date":"2016-09-29T13:56:40","date_gmt":"2016-09-29T18:56:40","guid":{"rendered":"https:\/\/www.uv.mx\/prensa\/?p=16094"},"modified":"2016-09-29T14:40:26","modified_gmt":"2016-09-29T19:40:26","slug":"promover-los-valores-parte-de-la-cultura-universitaria","status":"publish","type":"post","link":"https:\/\/www.uv.mx\/prensa\/regiones\/promover-los-valores-parte-de-la-cultura-universitaria\/","title":{"rendered":"Promover los valores, parte de la cultura universitaria"},"content":{"rendered":"<ul>\n<li><em>Se\u00f1al\u00f3 el vicerrector Jos\u00e9 Luis Alan\u00eds M\u00e9ndez al inaugurar el 2\u00ba Foro Regional Intersecciones de G\u00e9nero<\/em><\/li>\n<\/ul>\n<p>&nbsp;<\/p>\n<div id=\"attachment_16101\" style=\"width: 732px\" class=\"wp-caption aligncenter\"><a href=\"https:\/\/www.uv.mx\/prensa\/files\/2016\/09\/Fo-29.jpg\"><img loading=\"lazy\" decoding=\"async\" aria-describedby=\"caption-attachment-16101\" class=\"size-full wp-image-16101\" src=\"https:\/\/www.uv.mx\/prensa\/files\/2016\/09\/Fo-29.jpg\" alt=\"Ana Herrera present\u00f3 la exposici\u00f3n Seres M\u00e1gicos, temple, enc\u00e1ustica y tinta, en la USBI Poza Rica \" width=\"722\" height=\"1090\" srcset=\"https:\/\/www.uv.mx\/prensa\/files\/2016\/09\/Fo-29.jpg 722w, https:\/\/www.uv.mx\/prensa\/files\/2016\/09\/Fo-29-199x300.jpg 199w, https:\/\/www.uv.mx\/prensa\/files\/2016\/09\/Fo-29-678x1024.jpg 678w\" sizes=\"auto, (max-width: 722px) 100vw, 722px\" \/><\/a><p id=\"caption-attachment-16101\" class=\"wp-caption-text\">Ana Herrera present\u00f3 la exposici\u00f3n Seres M\u00e1gicos, temple, enc\u00e1ustica y tinta, en la USBI Poza Rica<\/p><\/div>\n<p>&nbsp;<\/p>\n<p><strong><em>Alma Celia San Mart\u00edn <\/em><\/strong><\/p>\n<p>&nbsp;<\/p>\n<p><strong><em>Poza Rica, Ver.<\/em><\/strong><strong><em>29\/09\/2016.-<\/em><\/strong>El 2\u00ba Foro Regional Intersecciones de G\u00e9nero, realizado por Vicerrector\u00eda Poza Rica-Tuxpan de la Universidad Veracruzana (UV), demuestra que esta casa de estudio promueve los valores como parte de la vida universitaria, se\u00f1al\u00f3 el vicerrector Jos\u00e9 Luis Alan\u00eds M\u00e9ndez durante la jornada inicial de actividades, en la sala de videoconferencias de la Unidad de Servicios bibliotecarios y de Informaci\u00f3n (USBI).<\/p>\n<p>El objetivo del foro fue promover la equidad de g\u00e9nero entre los universitarios, a trav\u00e9s de conferencias magistrales, mesas de trabajo, as\u00ed como una exposici\u00f3n de pintura y arte popular.<\/p>\n<p>&nbsp;<\/p>\n<div id=\"attachment_16103\" style=\"width: 732px\" class=\"wp-caption aligncenter\"><a href=\"https:\/\/www.uv.mx\/prensa\/files\/2016\/09\/F-2-29.jpg\"><img loading=\"lazy\" decoding=\"async\" aria-describedby=\"caption-attachment-16103\" class=\"size-full wp-image-16103\" src=\"https:\/\/www.uv.mx\/prensa\/files\/2016\/09\/F-2-29.jpg\" alt=\"Genoveva Rold\u00e1n D\u00e1vila durante su conferencia magistral\" width=\"722\" height=\"1255\" srcset=\"https:\/\/www.uv.mx\/prensa\/files\/2016\/09\/F-2-29.jpg 722w, https:\/\/www.uv.mx\/prensa\/files\/2016\/09\/F-2-29-173x300.jpg 173w, https:\/\/www.uv.mx\/prensa\/files\/2016\/09\/F-2-29-589x1024.jpg 589w\" sizes=\"auto, (max-width: 722px) 100vw, 722px\" \/><\/a><p id=\"caption-attachment-16103\" class=\"wp-caption-text\">Genoveva Rold\u00e1n D\u00e1vila durante su conferencia magistral<\/p><\/div>\n<p>&nbsp;<\/p>\n<p>\u201cEs muy importante generar espacios para la recreaci\u00f3n y el di\u00e1logo, y compartir las experiencias desarrolladas tanto en los espacios universitarios como en la sociedad en general\u201d, expres\u00f3 el Vicerrector.<\/p>\n<p>Por su parte Jes\u00fas Alberto Martell Le\u00f3n, coordinador regional de la Unidad de G\u00e9nero, coment\u00f3 que el foro represent\u00f3 una oportunidad para conocer los puntos de vista de quienes participaron y enriquecerlos con las opiniones de los asistentes.<\/p>\n<p>Norma Arango Gibb, directora del Instituto Municipal de la Mujer en Poza Rica, fue la encargada de inaugurar el foro, en el que se realizaron las conferencias magistrales \u201cMigraciones internacionales desde la perspectiva de g\u00e9nero\u201d y \u201cEl arte y la perspectiva de g\u00e9nero\u201d, a cargo de Genoveva Rold\u00e1n D\u00e1vila, del Instituto de Investigaciones Econ\u00f3micas de la UNAM, y Gladys Morales Villegas, del Centros de Estudios de G\u00e9nero de la UV.<\/p>\n<p>Las actividades incluyeron la exposici\u00f3n <em>Seres m\u00e1gicos, temple, enc\u00e1ustica y tinta<\/em>, de la artista pl\u00e1stica Ana Herrera, en el <em>lobby<\/em> de la USBI.<\/p>\n<p>Dentro de las ponencias presentadas por las participantes, se abordaron las tem\u00e1ticas: educaci\u00f3n, salud, cultura, sociedad y pol\u00edtica.<\/p>\n<div id=\"attachment_16104\" style=\"width: 732px\" class=\"wp-caption aligncenter\"><a href=\"https:\/\/www.uv.mx\/prensa\/files\/2016\/09\/299.jpg\"><img loading=\"lazy\" decoding=\"async\" aria-describedby=\"caption-attachment-16104\" class=\"size-full wp-image-16104\" src=\"https:\/\/www.uv.mx\/prensa\/files\/2016\/09\/299.jpg\" alt=\"Participantes del foro y asistentes estuvieron presentes en la inauguraci\u00f3n\" width=\"722\" height=\"277\" srcset=\"https:\/\/www.uv.mx\/prensa\/files\/2016\/09\/299.jpg 722w, https:\/\/www.uv.mx\/prensa\/files\/2016\/09\/299-300x115.jpg 300w\" sizes=\"auto, (max-width: 722px) 100vw, 722px\" \/><\/a><p id=\"caption-attachment-16104\" class=\"wp-caption-text\">Participantes del foro y asistentes estuvieron presentes en la inauguraci\u00f3n<\/p><\/div>\n","protected":false},"excerpt":{"rendered":"<p><strong><em>Alma Celia San Mart\u00edn.-<\/em><\/strong>El 2\u00ba Foro Regional Intersecciones de G\u00e9nero, realizado por Vicerrector\u00eda Poza Rica-Tuxpan de la Universidad Veracruzana (UV), demuestra que esta casa de estudio promueve los valores como parte de la vida universitaria, se\u00f1al\u00f3 el vicerrector Jos\u00e9 Luis Alan\u00eds M\u00e9ndez durante la jornada inicial de actividades, en la sala de videoconferencias de la Unidad de Servicios bibliotecarios y de Informaci\u00f3n (USBI).<\/p>\n","protected":false},"author":1810,"featured_media":16130,"comment_status":"closed","ping_status":"closed","sticky":false,"template":"","format":"standard","meta":{"footnotes":""},"categories":[32],"tags":[33],"class_list":["post-16094","post","type-post","status-publish","format-standard","has-post-thumbnail","hentry","category-regiones","tag-regiones"],"_links":{"self":[{"href":"https:\/\/www.uv.mx\/prensa\/wp-json\/wp\/v2\/posts\/16094","targetHints":{"allow":["GET"]}}],"collection":[{"href":"https:\/\/www.uv.mx\/prensa\/wp-json\/wp\/v2\/posts"}],"about":[{"href":"https:\/\/www.uv.mx\/prensa\/wp-json\/wp\/v2\/types\/post"}],"author":[{"embeddable":true,"href":"https:\/\/www.uv.mx\/prensa\/wp-json\/wp\/v2\/users\/1810"}],"replies":[{"embeddable":true,"href":"https:\/\/www.uv.mx\/prensa\/wp-json\/wp\/v2\/comments?post=16094"}],"version-history":[{"count":0,"href":"https:\/\/www.uv.mx\/prensa\/wp-json\/wp\/v2\/posts\/16094\/revisions"}],"wp:featuredmedia":[{"embeddable":true,"href":"https:\/\/www.uv.mx\/prensa\/wp-json\/wp\/v2\/media\/16130"}],"wp:attachment":[{"href":"https:\/\/www.uv.mx\/prensa\/wp-json\/wp\/v2\/media?parent=16094"}],"wp:term":[{"taxonomy":"category","embeddable":true,"href":"https:\/\/www.uv.mx\/prensa\/wp-json\/wp\/v2\/categories?post=16094"},{"taxonomy":"post_tag","embeddable":true,"href":"https:\/\/www.uv.mx\/prensa\/wp-json\/wp\/v2\/tags?post=16094"}],"curies":[{"name":"wp","href":"https:\/\/api.w.org\/{rel}","templated":true}]}}