{"id":160761,"date":"2025-10-07T12:10:25","date_gmt":"2025-10-07T17:10:25","guid":{"rendered":"https:\/\/www.uv.mx\/prensa\/?p=160761"},"modified":"2025-10-07T12:11:00","modified_gmt":"2025-10-07T17:11:00","slug":"desarrollo-sustentable-concepto-que-puede-volverse-contradictorio","status":"publish","type":"post","link":"https:\/\/www.uv.mx\/prensa\/general\/desarrollo-sustentable-concepto-que-puede-volverse-contradictorio\/","title":{"rendered":"Desarrollo sustentable, concepto que puede volverse contradictorio"},"content":{"rendered":"<ul>\n<li data-leveltext=\"\uf0b7\" data-font=\"Symbol\" data-listid=\"1\" data-list-defn-props=\"{&quot;335552541&quot;:1,&quot;335559685&quot;:720,&quot;335559991&quot;:360,&quot;469769226&quot;:&quot;Symbol&quot;,&quot;469769242&quot;:[8226],&quot;469777803&quot;:&quot;left&quot;,&quot;469777804&quot;:&quot;\uf0b7&quot;,&quot;469777815&quot;:&quot;hybridMultilevel&quot;}\" data-aria-posinset=\"1\" data-aria-level=\"1\"><i><span data-contrast=\"auto\">Jos\u00e9 Ram\u00f3n Orrantia, acad\u00e9mico que realiza estancia posdoctoral en el Instituto de Filosof\u00eda UV, habl\u00f3 sobre el tema<\/span><\/i><span data-ccp-props=\"{&quot;201341983&quot;:0,&quot;335559739&quot;:0,&quot;335559740&quot;:240}\">\u00a0<\/span><\/li>\n<\/ul>\n<ul>\n<li data-leveltext=\"\uf0b7\" data-font=\"Symbol\" data-listid=\"1\" data-list-defn-props=\"{&quot;335552541&quot;:1,&quot;335559685&quot;:720,&quot;335559991&quot;:360,&quot;469769226&quot;:&quot;Symbol&quot;,&quot;469769242&quot;:[8226],&quot;469777803&quot;:&quot;left&quot;,&quot;469777804&quot;:&quot;\uf0b7&quot;,&quot;469777815&quot;:&quot;hybridMultilevel&quot;}\" data-aria-posinset=\"2\" data-aria-level=\"1\"><i><span data-contrast=\"auto\">De acuerdo con estudios recientes, no atender las necesidades sociales b\u00e1sicas es parte del problema<\/span><\/i><span data-ccp-props=\"{&quot;201341983&quot;:0,&quot;335559739&quot;:0,&quot;335559740&quot;:240}\">\u00a0<\/span><\/li>\n<\/ul>\n<p><span data-ccp-props=\"{&quot;201341983&quot;:0,&quot;335559739&quot;:0,&quot;335559740&quot;:240}\">\u00a0<\/span><\/p>\n<div id=\"attachment_160706\" style=\"width: 732px\" class=\"wp-caption aligncenter\"><a href=\"https:\/\/www.uv.mx\/prensa\/files\/2025\/10\/031025-DAVID-Conf-problema-nocion-desarrollo-sustentable-Mtria-Arquitectura-1.jpg\"><img loading=\"lazy\" decoding=\"async\" aria-describedby=\"caption-attachment-160706\" class=\"size-full wp-image-160706\" src=\"https:\/\/www.uv.mx\/prensa\/files\/2025\/10\/031025-DAVID-Conf-problema-nocion-desarrollo-sustentable-Mtria-Arquitectura-1.jpg\" alt=\"\" width=\"722\" height=\"488\" srcset=\"https:\/\/www.uv.mx\/prensa\/files\/2025\/10\/031025-DAVID-Conf-problema-nocion-desarrollo-sustentable-Mtria-Arquitectura-1.jpg 722w, https:\/\/www.uv.mx\/prensa\/files\/2025\/10\/031025-DAVID-Conf-problema-nocion-desarrollo-sustentable-Mtria-Arquitectura-1-300x203.jpg 300w\" sizes=\"auto, (max-width: 722px) 100vw, 722px\" \/><\/a><p id=\"caption-attachment-160706\" class=\"wp-caption-text\"><span data-contrast=\"auto\">Jos\u00e9 Ram\u00f3n Orrantia, investigador posdoctoral en el Instituto de Filosof\u00eda<\/span><span data-ccp-props=\"{&quot;201341983&quot;:0,&quot;335559739&quot;:0,&quot;335559740&quot;:240}\">\u00a0<\/span><\/p><\/div>\n<p>&nbsp;<\/p>\n<p><b><i><span data-contrast=\"auto\">David Sandoval Rodr\u00edguez<\/span><\/i><\/b><span data-ccp-props=\"{&quot;201341983&quot;:0,&quot;335559739&quot;:0,&quot;335559740&quot;:240}\">\u00a0<\/span><\/p>\n<p><b><i><span data-contrast=\"auto\">Fotos: C\u00e9sar Pisil Ramos<\/span><\/i><\/b><span data-ccp-props=\"{&quot;201341983&quot;:0,&quot;335559739&quot;:0,&quot;335559740&quot;:240}\">\u00a0<\/span><\/p>\n<p><b><i><span data-contrast=\"auto\">07\/10\/2025, Xalapa, Ver.-<\/span><\/i><\/b><span data-contrast=\"auto\"> El concepto de sostenibilidad o sustentabilidad plantea dificultades para llevarse a la pr\u00e1ctica cuando se toman en cuenta otras consideraciones como la equidad y el acceso a los recursos, observ\u00f3 Jos\u00e9 Ram\u00f3n Orrantia Cavazos, quien actualmente es investigador posdoctoral en el Instituto de Filosof\u00eda de la Universidad Veracruzana (UV).<\/span><span data-ccp-props=\"{&quot;201341983&quot;:0,&quot;335559739&quot;:0,&quot;335559740&quot;:240}\">\u00a0<\/span><\/p>\n<p><span data-contrast=\"auto\">El acad\u00e9mico fue invitado por la Maestr\u00eda en Arquitectura de la Facultad de Arquitectura para impartir la conferencia \u201cEl problema de la noci\u00f3n de desarrollo sustentable\u201d; de inicio, se\u00f1al\u00f3 la dificultad para establecer un t\u00e9rmino en espa\u00f1ol, dado que tanto sustentabilidad como sostenibilidad provienen de distintas interpretaciones para traducir el concepto en ingl\u00e9s <\/span><i><span data-contrast=\"auto\">sustainability<\/span><\/i><span data-contrast=\"auto\">, lo que conlleva a discusiones sobre su aplicaci\u00f3n en contextos espec\u00edficos.<\/span><span data-ccp-props=\"{&quot;201341983&quot;:0,&quot;335559731&quot;:708,&quot;335559739&quot;:0,&quot;335559740&quot;:240}\">\u00a0<\/span><\/p>\n<p><span data-contrast=\"auto\">Dijo que esta preocupaci\u00f3n por el deterioro al ambiente a nivel planetario, generado por la actividad humana, inici\u00f3 en la d\u00e9cada de 1970 luego de la publicaci\u00f3n, en 1962, del libro <\/span><i><span data-contrast=\"auto\">Primavera silenciosa<\/span><\/i><span data-contrast=\"auto\"> de Rachel Carson, cient\u00edfica norteamericana que alert\u00f3 sobre el uso indiscriminado de pesticidas, particularmente el DDT, y su efecto potencialmente da\u00f1ino en diversas especies, adem\u00e1s de los humanos.<\/span><span data-ccp-props=\"{&quot;201341983&quot;:0,&quot;335559731&quot;:708,&quot;335559739&quot;:0,&quot;335559740&quot;:240}\">\u00a0<\/span><\/p>\n<p><span data-contrast=\"auto\">Esta obra fue criticada severamente por el <\/span><i><span data-contrast=\"auto\">statu quo<\/span><\/i><span data-contrast=\"auto\"> cient\u00edfico e industrial que la descalificaron primero por estar escrito con la sensibilidad de una mujer y, segundo, por publicarlo como literatura y no como resultados en una revista acad\u00e9mica avalada por pares.<\/span><span data-ccp-props=\"{&quot;201341983&quot;:0,&quot;335559731&quot;:708,&quot;335559739&quot;:0,&quot;335559740&quot;:240}\">\u00a0<\/span><\/p>\n<p>&nbsp;<\/p>\n<div id=\"attachment_160705\" style=\"width: 732px\" class=\"wp-caption aligncenter\"><a href=\"https:\/\/www.uv.mx\/prensa\/files\/2025\/10\/031025-DAVID-Conf-problema-nocion-desarrollo-sustentable-Mtria-Arquitectura-2.jpg\"><img loading=\"lazy\" decoding=\"async\" aria-describedby=\"caption-attachment-160705\" class=\"size-full wp-image-160705\" src=\"https:\/\/www.uv.mx\/prensa\/files\/2025\/10\/031025-DAVID-Conf-problema-nocion-desarrollo-sustentable-Mtria-Arquitectura-2.jpg\" alt=\"\" width=\"722\" height=\"489\" srcset=\"https:\/\/www.uv.mx\/prensa\/files\/2025\/10\/031025-DAVID-Conf-problema-nocion-desarrollo-sustentable-Mtria-Arquitectura-2.jpg 722w, https:\/\/www.uv.mx\/prensa\/files\/2025\/10\/031025-DAVID-Conf-problema-nocion-desarrollo-sustentable-Mtria-Arquitectura-2-300x203.jpg 300w\" sizes=\"auto, (max-width: 722px) 100vw, 722px\" \/><\/a><p id=\"caption-attachment-160705\" class=\"wp-caption-text\">El ponente se\u00f1al\u00f3 que los conceptos de sustentabilidad y sostenibilidad hacen referencia al mismo concepto del ingl\u00e9s: <em>sustainability<\/em><\/p><\/div>\n<p>&nbsp;<\/p>\n<p><span data-contrast=\"auto\">No obstante, su impacto en la sociedad gener\u00f3 m\u00e1s estudios similares, as\u00ed como esta conciencia colectiva sobre el da\u00f1o que se generaba al planeta debido a la actividad humana, movimiento conocido como \u201cla revoluci\u00f3n verde\u201d.<\/span><span data-ccp-props=\"{&quot;201341983&quot;:0,&quot;335559731&quot;:708,&quot;335559739&quot;:0,&quot;335559740&quot;:240}\">\u00a0<\/span><\/p>\n<p><span data-contrast=\"auto\">En 1972 se public\u00f3 el Informe Meadows, que sigui\u00f3 esta l\u00ednea y estableci\u00f3 que los l\u00edmites del crecimiento ya se hab\u00edan rebasado, es decir, que no habr\u00eda los recursos suficientes para cubrir los satisfactores de la humanidad, empero no se hace ninguna observaci\u00f3n que cuestione directamente el capitalismo global.<\/span><span data-ccp-props=\"{&quot;201341983&quot;:0,&quot;335559731&quot;:708,&quot;335559739&quot;:0,&quot;335559740&quot;:240}\">\u00a0<\/span><\/p>\n<p><span data-contrast=\"auto\">Este tipo de enfoques contin\u00faan, como el de Kenneth Boulding que elabora la met\u00e1fora del planeta Tierra como una nave espacial en la que vamos juntos por el universo y la cual debe de preservarse para hacer posible el viaje.<\/span><span data-ccp-props=\"{&quot;201341983&quot;:0,&quot;335559731&quot;:708,&quot;335559739&quot;:0,&quot;335559740&quot;:240}\">\u00a0<\/span><\/p>\n<p><span data-contrast=\"auto\">Sin embargo, en sus planteamientos se expresa \u201cuna gesti\u00f3n no politizada de los recursos naturales y una igualdad en la distribuci\u00f3n de los mismos\u201d, al no mencionarse las desigualdades existentes en distintas regiones del planeta.<\/span><span data-ccp-props=\"{&quot;201341983&quot;:0,&quot;335559731&quot;:708,&quot;335559739&quot;:0,&quot;335559740&quot;:240}\">\u00a0<\/span><\/p>\n<p>&nbsp;<\/p>\n<div id=\"attachment_160704\" style=\"width: 732px\" class=\"wp-caption aligncenter\"><a href=\"https:\/\/www.uv.mx\/prensa\/files\/2025\/10\/031025-DAVID-Conf-problema-nocion-desarrollo-sustentable-Mtria-Arquitectura-3.jpg\"><img loading=\"lazy\" decoding=\"async\" aria-describedby=\"caption-attachment-160704\" class=\"size-full wp-image-160704\" src=\"https:\/\/www.uv.mx\/prensa\/files\/2025\/10\/031025-DAVID-Conf-problema-nocion-desarrollo-sustentable-Mtria-Arquitectura-3.jpg\" alt=\"\" width=\"722\" height=\"355\" srcset=\"https:\/\/www.uv.mx\/prensa\/files\/2025\/10\/031025-DAVID-Conf-problema-nocion-desarrollo-sustentable-Mtria-Arquitectura-3.jpg 722w, https:\/\/www.uv.mx\/prensa\/files\/2025\/10\/031025-DAVID-Conf-problema-nocion-desarrollo-sustentable-Mtria-Arquitectura-3-300x148.jpg 300w\" sizes=\"auto, (max-width: 722px) 100vw, 722px\" \/><\/a><p id=\"caption-attachment-160704\" class=\"wp-caption-text\">Orrantia Cavazos mostr\u00f3 algunos de los modelos que se\u00f1alan los l\u00edmites de los recursos disponibles en el planeta<\/p><\/div>\n<p>&nbsp;<\/p>\n<p><span data-contrast=\"auto\">Para 2017, la economista brit\u00e1nica Kate Raworth propone el enfoque \u201ceconom\u00eda de dona\u201d, que consiste en un cambio de paradigma econ\u00f3mico que se diferencia del enfoque tradicional de crecimiento ilimitado y considera variables como la base social, integrada por las necesidades b\u00e1sicas para una vida digna: alimentaci\u00f3n, acceso a la salud, educaci\u00f3n, vivienda, igualdad de g\u00e9nero, participaci\u00f3n pol\u00edtica, acceso al agua y justicia social.<\/span><span data-ccp-props=\"{&quot;201341983&quot;:0,&quot;335559731&quot;:708,&quot;335559739&quot;:0,&quot;335559740&quot;:240}\">\u00a0<\/span><\/p>\n<p><span data-contrast=\"auto\">Pregunt\u00f3 a los asistentes si consideraban que dichas necesidades son satisfechas actualmente en todos los pa\u00edses y dijo que mientras no se cumplan no se puede hablar de la existencia de un desarrollo sostenible, dado que se contraponen la necesidad de satisfactores para una poblaci\u00f3n cada vez mayor con la tambi\u00e9n creciente escasez de recursos.<\/span><span data-ccp-props=\"{&quot;201341983&quot;:0,&quot;335559731&quot;:708,&quot;335559739&quot;:0,&quot;335559740&quot;:240}\">\u00a0<\/span><\/p>\n","protected":false},"excerpt":{"rendered":"<p>Los modelos emanados del movimiento conocido como \u201crevoluci\u00f3n verde\u201d omit\u00edan el acceso a la salud, vivienda y agua, entre otros, destac\u00f3 el investigador Jos\u00e9 Ram\u00f3n Orrantia Cavazos <\/p>\n","protected":false},"author":1809,"featured_media":160703,"comment_status":"closed","ping_status":"closed","sticky":false,"template":"","format":"standard","meta":{"footnotes":""},"categories":[1,15424,61,6299],"tags":[6263,27938,4159,27943,419,27940,11270,27937,27942,27941,27939,10380,11260,295,20311],"class_list":["post-160761","post","type-post","status-publish","format-standard","has-post-thumbnail","hentry","category-general","category-planta-academica","category-banner","category-sustentabilidad","tag-cesar-pisil-ramos","tag-conferencia-el-problema-de-la-nocion-de-desarrollo-sustentable","tag-david-sandoval-rodriguez","tag-enfoque-economia-de-dona","tag-facultad-de-arquitectura","tag-informe-meadows","tag-instituto-de-filosofia","tag-jose-ramon-orrantia-cavazos","tag-kate-raworth","tag-kenneth-boulding","tag-libro-primavera-silenciosa-de-rachel-carson","tag-maestria-en-arquitectura","tag-sostenibilidad","tag-sustentabilidad","tag-universidad-veracruzana-uv"],"_links":{"self":[{"href":"https:\/\/www.uv.mx\/prensa\/wp-json\/wp\/v2\/posts\/160761","targetHints":{"allow":["GET"]}}],"collection":[{"href":"https:\/\/www.uv.mx\/prensa\/wp-json\/wp\/v2\/posts"}],"about":[{"href":"https:\/\/www.uv.mx\/prensa\/wp-json\/wp\/v2\/types\/post"}],"author":[{"embeddable":true,"href":"https:\/\/www.uv.mx\/prensa\/wp-json\/wp\/v2\/users\/1809"}],"replies":[{"embeddable":true,"href":"https:\/\/www.uv.mx\/prensa\/wp-json\/wp\/v2\/comments?post=160761"}],"version-history":[{"count":1,"href":"https:\/\/www.uv.mx\/prensa\/wp-json\/wp\/v2\/posts\/160761\/revisions"}],"predecessor-version":[{"id":160763,"href":"https:\/\/www.uv.mx\/prensa\/wp-json\/wp\/v2\/posts\/160761\/revisions\/160763"}],"wp:featuredmedia":[{"embeddable":true,"href":"https:\/\/www.uv.mx\/prensa\/wp-json\/wp\/v2\/media\/160703"}],"wp:attachment":[{"href":"https:\/\/www.uv.mx\/prensa\/wp-json\/wp\/v2\/media?parent=160761"}],"wp:term":[{"taxonomy":"category","embeddable":true,"href":"https:\/\/www.uv.mx\/prensa\/wp-json\/wp\/v2\/categories?post=160761"},{"taxonomy":"post_tag","embeddable":true,"href":"https:\/\/www.uv.mx\/prensa\/wp-json\/wp\/v2\/tags?post=160761"}],"curies":[{"name":"wp","href":"https:\/\/api.w.org\/{rel}","templated":true}]}}