{"id":160656,"date":"2025-10-03T18:32:53","date_gmt":"2025-10-03T23:32:53","guid":{"rendered":"https:\/\/www.uv.mx\/prensa\/?p=160656"},"modified":"2025-10-03T18:32:53","modified_gmt":"2025-10-03T23:32:53","slug":"voces-nahuas-se-unieron-en-la-uv-para-derribar-fronteras-linguisticas","status":"publish","type":"post","link":"https:\/\/www.uv.mx\/prensa\/general\/voces-nahuas-se-unieron-en-la-uv-para-derribar-fronteras-linguisticas\/","title":{"rendered":"Voces nahuas se unieron en la UV para derribar fronteras ling\u00fc\u00edsticas"},"content":{"rendered":"<p>&nbsp;<\/p>\n<ul>\n<li data-leveltext=\"\uf0b7\" data-font=\"Symbol\" data-listid=\"7\" data-list-defn-props=\"{&quot;335552541&quot;:1,&quot;335559685&quot;:795,&quot;335559991&quot;:360,&quot;469769226&quot;:&quot;Symbol&quot;,&quot;469769242&quot;:[8226],&quot;469777803&quot;:&quot;left&quot;,&quot;469777804&quot;:&quot;\uf0b7&quot;,&quot;469777815&quot;:&quot;hybridMultilevel&quot;}\" data-aria-posinset=\"1\" data-aria-level=\"1\"><i><span data-contrast=\"auto\">Alumnas de la Maestr\u00eda en Lengua y Cultura Nahua de la UV-Intercultural reflexionaron sobre sus variantes en el IX Foro Internacional de Lenguas Maternas por el Mundo<\/span><\/i><span data-ccp-props=\"{}\">\u00a0<\/span><\/li>\n<\/ul>\n<ul>\n<li data-leveltext=\"\uf0b7\" data-font=\"Symbol\" data-listid=\"7\" data-list-defn-props=\"{&quot;335552541&quot;:1,&quot;335559685&quot;:795,&quot;335559991&quot;:360,&quot;469769226&quot;:&quot;Symbol&quot;,&quot;469769242&quot;:[8226],&quot;469777803&quot;:&quot;left&quot;,&quot;469777804&quot;:&quot;\uf0b7&quot;,&quot;469777815&quot;:&quot;hybridMultilevel&quot;}\" data-aria-posinset=\"2\" data-aria-level=\"1\"><i><span data-contrast=\"auto\">Coincidieron en que el respeto, la escucha y la creaci\u00f3n colectiva de nuevos significados son vitales para su fortalecimiento<\/span><\/i><span data-ccp-props=\"{}\">\u00a0<\/span><\/li>\n<\/ul>\n<p><span data-ccp-props=\"{}\">\u00a0<\/span><\/p>\n<div id=\"attachment_160617\" style=\"width: 732px\" class=\"wp-caption aligncenter\"><img loading=\"lazy\" decoding=\"async\" aria-describedby=\"caption-attachment-160617\" class=\"size-full wp-image-160617\" src=\"https:\/\/www.uv.mx\/prensa\/files\/2025\/10\/021025-CARLOS-Comunicacion-Nahua-1-100k.jpg\" alt=\"\" width=\"722\" height=\"482\" srcset=\"https:\/\/www.uv.mx\/prensa\/files\/2025\/10\/021025-CARLOS-Comunicacion-Nahua-1-100k.jpg 722w, https:\/\/www.uv.mx\/prensa\/files\/2025\/10\/021025-CARLOS-Comunicacion-Nahua-1-100k-300x200.jpg 300w\" sizes=\"auto, (max-width: 722px) 100vw, 722px\" \/><p id=\"caption-attachment-160617\" class=\"wp-caption-text\">El conversatorio fue moderado por el docente Rafael Nava Vite<\/p><\/div>\n<p><span data-ccp-props=\"{}\">\u00a0<\/span><\/p>\n<p><b><i><span data-contrast=\"auto\">Carlos Hugo Hermida Rosales<\/span><\/i><\/b><span data-ccp-props=\"{}\">\u00a0<\/span><\/p>\n<p><b><i><span data-contrast=\"auto\">Fot\u00f3grafo: Luis Fernando Fern\u00e1ndez<\/span><\/i><\/b><span data-ccp-props=\"{}\">\u00a0<\/span><\/p>\n<p><b><i><span data-contrast=\"auto\">03\/10\/2025, Xalapa, Ver.-<\/span><\/i><\/b><span data-contrast=\"auto\"> Estudiantes de la Maestr\u00eda en Lengua y Cultura Nahua de la sede Grandes Monta\u00f1as de la Universidad Veracruzana-Intercultural (UV-Intercultural), disertaron en torno a los desaf\u00edos que implica comprender las diversas variantes de esta lengua, en un conversatorio que se llev\u00f3 a cabo en el Sal\u00f3n Azul de la Unidad de Humanidades de la Universidad Veracruzana (UV).<\/span><span data-ccp-props=\"{}\">\u00a0<\/span><\/p>\n<p><span data-contrast=\"auto\">Esto en el marco del IX Foro Internacional de Lenguas Maternas por el Mundo \u201cTransling\u00fcismo y normalizaci\u00f3n ling\u00fc\u00edstica\u201d, y fue moderado por Rafael Nava Vite, catedr\u00e1tico de la UV-Intercultural sede Xalapa.<\/span><\/p>\n<p>&nbsp;<\/p>\n<div id=\"attachment_160618\" style=\"width: 732px\" class=\"wp-caption aligncenter\"><img loading=\"lazy\" decoding=\"async\" aria-describedby=\"caption-attachment-160618\" class=\"size-full wp-image-160618\" src=\"https:\/\/www.uv.mx\/prensa\/files\/2025\/10\/021025-CARLOS-Comunicacion-Nahua-2-100k.jpg\" alt=\"\" width=\"722\" height=\"482\" srcset=\"https:\/\/www.uv.mx\/prensa\/files\/2025\/10\/021025-CARLOS-Comunicacion-Nahua-2-100k.jpg 722w, https:\/\/www.uv.mx\/prensa\/files\/2025\/10\/021025-CARLOS-Comunicacion-Nahua-2-100k-300x200.jpg 300w\" sizes=\"auto, (max-width: 722px) 100vw, 722px\" \/><p id=\"caption-attachment-160618\" class=\"wp-caption-text\">Numerosos estudiantes escucharon los puntos de vista de las j\u00f3venes<\/p><\/div>\n<p><span data-ccp-props=\"{&quot;335559731&quot;:708}\">\u00a0<\/span><\/p>\n<p><span data-contrast=\"auto\">Gabriela Citlahua Zepahua explic\u00f3 que el estado se ha encargado de dictar qu\u00e9 variante de nahua hablar, lo cual hist\u00f3ricamente ha fomentado una idea de separaci\u00f3n que no ocurre en lenguas hegem\u00f3nicas como el espa\u00f1ol.<\/span><span data-ccp-props=\"{&quot;335559731&quot;:708}\">\u00a0<\/span><\/p>\n<p><span data-contrast=\"auto\">\u201cEn espacios acad\u00e9micos, culturales y sociales generados por el gobierno para fortalecer las lenguas originarias, los nahuahablantes tenemos temor de no entender una variante distinta\u201d, asegur\u00f3.<\/span><span data-ccp-props=\"{&quot;335559731&quot;:708}\">\u00a0<\/span><\/p>\n<p><span data-contrast=\"auto\">La joven coment\u00f3 que los profesionistas sin formaci\u00f3n intercultural que hablan nahua enfrentan un choque al descubrir estas diferencias, y afirm\u00f3 que los encuentros de hablantes son de gran utilidad para conocer las particularidades regionales.<\/span><\/p>\n<p>&nbsp;<\/p>\n<div id=\"attachment_160619\" style=\"width: 732px\" class=\"wp-caption aligncenter\"><img loading=\"lazy\" decoding=\"async\" aria-describedby=\"caption-attachment-160619\" class=\"size-full wp-image-160619\" src=\"https:\/\/www.uv.mx\/prensa\/files\/2025\/10\/021025-CARLOS-Comunicacion-Nahua-3-100k.jpg\" alt=\"\" width=\"722\" height=\"482\" srcset=\"https:\/\/www.uv.mx\/prensa\/files\/2025\/10\/021025-CARLOS-Comunicacion-Nahua-3-100k.jpg 722w, https:\/\/www.uv.mx\/prensa\/files\/2025\/10\/021025-CARLOS-Comunicacion-Nahua-3-100k-300x200.jpg 300w\" sizes=\"auto, (max-width: 722px) 100vw, 722px\" \/><p id=\"caption-attachment-160619\" class=\"wp-caption-text\">Gabriela Citlahua Zepahua<\/p><\/div>\n<p><span data-contrast=\"auto\">\u00a0<\/span><span data-ccp-props=\"{&quot;335559731&quot;:708}\">\u00a0<\/span><\/p>\n<p><span data-contrast=\"auto\">Gabriela Citlahua destac\u00f3 que estudiantes, docentes e investigadores han desarrollado un nahua acad\u00e9mico, que usa pr\u00e9stamos de diversas variantes, lo cual lo vuelve enriquecedor.<\/span><span data-ccp-props=\"{&quot;335559731&quot;:708}\">\u00a0<\/span><\/p>\n<p><span data-contrast=\"auto\">Alejandra Apale Cort\u00e9s declar\u00f3 que, aunque comprender las caracter\u00edsticas regionales de la lengua representa un desaf\u00edo, el respeto y la escucha atenta a quienes las hablan es de gran ayuda.<\/span><span data-ccp-props=\"{&quot;335559731&quot;:708}\">\u00a0<\/span><\/p>\n<p><span data-contrast=\"auto\">\u201cEn mi caso, anoto las palabras que no entiendo y luego pregunto su significado a quien las expres\u00f3\u201d, comparti\u00f3.<\/span><span data-ccp-props=\"{&quot;335559731&quot;:708}\">\u00a0<\/span><\/p>\n<p><span data-contrast=\"auto\">La estudiante inst\u00f3 a los hablantes de nahua a usar esta lengua en todos los \u00e1mbitos y disciplinas, pues de lo contrario es imposible que alcance un estatus donde sea ampliamente conocida.<\/span><\/p>\n<p>&nbsp;<\/p>\n<div id=\"attachment_160620\" style=\"width: 732px\" class=\"wp-caption aligncenter\"><img loading=\"lazy\" decoding=\"async\" aria-describedby=\"caption-attachment-160620\" class=\"size-full wp-image-160620\" src=\"https:\/\/www.uv.mx\/prensa\/files\/2025\/10\/021025-CARLOS-Comunicacion-Nahua-4-100k.jpg\" alt=\"\" width=\"722\" height=\"482\" srcset=\"https:\/\/www.uv.mx\/prensa\/files\/2025\/10\/021025-CARLOS-Comunicacion-Nahua-4-100k.jpg 722w, https:\/\/www.uv.mx\/prensa\/files\/2025\/10\/021025-CARLOS-Comunicacion-Nahua-4-100k-300x200.jpg 300w\" sizes=\"auto, (max-width: 722px) 100vw, 722px\" \/><p id=\"caption-attachment-160620\" class=\"wp-caption-text\">Alejandra Apale Cort\u00e9s<\/p><\/div>\n<p><span data-contrast=\"auto\">\u00a0\u00a0<\/span><span data-ccp-props=\"{&quot;335559731&quot;:708}\">\u00a0<\/span><\/p>\n<p><span data-contrast=\"auto\">\u201cEs fundamental buscar terminolog\u00eda nueva para aquellas cosas que no tienen palabras asociadas y validarla en comunidad a fin de que pueda ser utilizada por los dem\u00e1s\u201d, dijo.\u00a0<\/span><span data-ccp-props=\"{&quot;335559731&quot;:708}\">\u00a0<\/span><\/p>\n<p><span data-contrast=\"auto\">Finalmente, Bernarda Panzo Tezoco abord\u00f3 la necesidad de situar el contexto al momento de desarrollar investigaci\u00f3n desde el nahua, porque los libros o art\u00edculos analizados est\u00e1n escritos en espa\u00f1ol u otro idioma.<\/span><span data-ccp-props=\"{&quot;335559731&quot;:708}\">\u00a0<\/span><\/p>\n<p><span data-contrast=\"auto\">\u201cPara ello es esencial consultar a compa\u00f1eros y maestros, buscar sin\u00f3nimos y generar otros significados que sumen a la riqueza ling\u00fc\u00edstica\u201d, enfatiz\u00f3.<\/span><\/p>\n<p>&nbsp;<\/p>\n<div id=\"attachment_160621\" style=\"width: 732px\" class=\"wp-caption aligncenter\"><img loading=\"lazy\" decoding=\"async\" aria-describedby=\"caption-attachment-160621\" class=\"size-full wp-image-160621\" src=\"https:\/\/www.uv.mx\/prensa\/files\/2025\/10\/021025-CARLOS-Comunicacion-Nahua-5-100k.jpg\" alt=\"\" width=\"722\" height=\"482\" srcset=\"https:\/\/www.uv.mx\/prensa\/files\/2025\/10\/021025-CARLOS-Comunicacion-Nahua-5-100k.jpg 722w, https:\/\/www.uv.mx\/prensa\/files\/2025\/10\/021025-CARLOS-Comunicacion-Nahua-5-100k-300x200.jpg 300w\" sizes=\"auto, (max-width: 722px) 100vw, 722px\" \/><p id=\"caption-attachment-160621\" class=\"wp-caption-text\">Bernarda Panzo Tezoco<\/p><\/div>\n","protected":false},"excerpt":{"rendered":"<p>En un conversatorio realizado en el Sal\u00f3n Azul de la Unidad de Humanidades\u00a0<\/p>\n","protected":false},"author":1869,"featured_media":160622,"comment_status":"closed","ping_status":"closed","sticky":false,"template":"","format":"standard","meta":{"footnotes":""},"categories":[6301,15423,1,8445,61,8444],"tags":[27830,27831,4161,27829,27827,6592,10928,15511,10353,27826,6132,8749,27828],"class_list":["post-160656","post","type-post","status-publish","format-standard","has-post-thumbnail","hentry","category-derechos-humanos","category-estudiantes","category-general","category-inclusion","category-banner","category-universidad-veracruzana-intercultural","tag-alejandra-apale-cortes","tag-bernarda-panzo-tezoco","tag-carlos-hugo-hermida-rosales","tag-gabriela-citlahua-zepahua","tag-ix-foro-internacional-de-lenguas-maternas-por-el-mundo-translinguismo-y-normalizacion-linguistica","tag-luis-fernando-fernandez","tag-maestria-en-lengua-y-cultura-nahua","tag-nahuahablantes","tag-rafael-nava-vite","tag-salon-azul-de-la-unidad-de-humanidades-de-la-universidad-veracruzana-uv","tag-sede-grandes-montanas","tag-universidad-veracruzana-intercultural-uv-intercultural","tag-uv-intercultural-sede-xalapa"],"_links":{"self":[{"href":"https:\/\/www.uv.mx\/prensa\/wp-json\/wp\/v2\/posts\/160656","targetHints":{"allow":["GET"]}}],"collection":[{"href":"https:\/\/www.uv.mx\/prensa\/wp-json\/wp\/v2\/posts"}],"about":[{"href":"https:\/\/www.uv.mx\/prensa\/wp-json\/wp\/v2\/types\/post"}],"author":[{"embeddable":true,"href":"https:\/\/www.uv.mx\/prensa\/wp-json\/wp\/v2\/users\/1869"}],"replies":[{"embeddable":true,"href":"https:\/\/www.uv.mx\/prensa\/wp-json\/wp\/v2\/comments?post=160656"}],"version-history":[{"count":1,"href":"https:\/\/www.uv.mx\/prensa\/wp-json\/wp\/v2\/posts\/160656\/revisions"}],"predecessor-version":[{"id":160657,"href":"https:\/\/www.uv.mx\/prensa\/wp-json\/wp\/v2\/posts\/160656\/revisions\/160657"}],"wp:featuredmedia":[{"embeddable":true,"href":"https:\/\/www.uv.mx\/prensa\/wp-json\/wp\/v2\/media\/160622"}],"wp:attachment":[{"href":"https:\/\/www.uv.mx\/prensa\/wp-json\/wp\/v2\/media?parent=160656"}],"wp:term":[{"taxonomy":"category","embeddable":true,"href":"https:\/\/www.uv.mx\/prensa\/wp-json\/wp\/v2\/categories?post=160656"},{"taxonomy":"post_tag","embeddable":true,"href":"https:\/\/www.uv.mx\/prensa\/wp-json\/wp\/v2\/tags?post=160656"}],"curies":[{"name":"wp","href":"https:\/\/api.w.org\/{rel}","templated":true}]}}