{"id":160484,"date":"2025-10-01T16:37:03","date_gmt":"2025-10-01T21:37:03","guid":{"rendered":"https:\/\/www.uv.mx\/prensa\/?p=160484"},"modified":"2025-10-01T16:37:03","modified_gmt":"2025-10-01T21:37:03","slug":"pasion-esencial-en-el-divulgador-cientifico-investigadores","status":"publish","type":"post","link":"https:\/\/www.uv.mx\/prensa\/general\/pasion-esencial-en-el-divulgador-cientifico-investigadores\/","title":{"rendered":"Pasi\u00f3n, esencial en el divulgador cient\u00edfico: investigadores"},"content":{"rendered":"<ul>\n<li><em><span class=\"TextRun SCXW123388177 BCX0\" lang=\"ES-MX\" xml:lang=\"ES-MX\" data-contrast=\"auto\"><span class=\"NormalTextRun SCXW123388177 BCX0\" data-ccp-parastyle=\"No Spacing\">Docentes<\/span><span class=\"NormalTextRun SCXW123388177 BCX0\" data-ccp-parastyle=\"No Spacing\"> de distintas entidades acad\u00e9micas participaron en <\/span><span class=\"NormalTextRun SCXW123388177 BCX0\" data-ccp-parastyle=\"No Spacing\">coloquio<\/span> <span class=\"NormalTextRun SCXW123388177 BCX0\" data-ccp-parastyle=\"No Spacing\">realizado<\/span><span class=\"NormalTextRun SCXW123388177 BCX0\" data-ccp-parastyle=\"No Spacing\"> en<\/span><span class=\"NormalTextRun SCXW123388177 BCX0\" data-ccp-parastyle=\"No Spacing\"> el auditorio de<\/span><span class=\"NormalTextRun SCXW123388177 BCX0\" data-ccp-parastyle=\"No Spacing\"> la <\/span><span class=\"NormalTextRun SCXW123388177 BCX0\" data-ccp-parastyle=\"No Spacing\">Direcci\u00f3n<\/span><span class=\"NormalTextRun SCXW123388177 BCX0\" data-ccp-parastyle=\"No Spacing\"> Ge<\/span><span class=\"NormalTextRun SCXW123388177 BCX0\" data-ccp-parastyle=\"No Spacing\">neral de Investigaciones\u00a0<\/span><\/span><\/em><span class=\"EOP SCXW123388177 BCX0\" data-ccp-props=\"{}\">\u00a0<\/span><\/li>\n<\/ul>\n<p>&nbsp;<\/p>\n<div id=\"attachment_160382\" style=\"width: 732px\" class=\"wp-caption aligncenter\"><a href=\"https:\/\/www.uv.mx\/prensa\/files\/2025\/09\/290925-CARLOS-Ciencia-desafios-1-100k.jpg\"><img loading=\"lazy\" decoding=\"async\" aria-describedby=\"caption-attachment-160382\" class=\"size-full wp-image-160382\" src=\"https:\/\/www.uv.mx\/prensa\/files\/2025\/09\/290925-CARLOS-Ciencia-desafios-1-100k.jpg\" alt=\"\" width=\"722\" height=\"482\" \/><\/a><p id=\"caption-attachment-160382\" class=\"wp-caption-text\">Los investigadores compartieron su experiencia al realizar divulgaci\u00f3n cient\u00edfica<\/p><\/div>\n<p>&nbsp;<\/p>\n<p><b><i><span data-contrast=\"auto\">Texto y fotos: Carlos Hugo Hermida Rosales<\/span><\/i><\/b><span data-ccp-props=\"{}\">\u00a0<\/span><\/p>\n<p><b><i><span data-contrast=\"auto\">01\/10\/2025, Xalapa, Ver.-<\/span><\/i><\/b><span data-contrast=\"auto\"> Investigadores de diversas entidades acad\u00e9micas de la Universidad Veracruzana (UV) disertaron en torno a los retos y oportunidades al realizar divulgaci\u00f3n cient\u00edfica, en un coloquio que se llev\u00f3 a cabo en el auditorio de la Direcci\u00f3n General de Investigaciones (DGI).<\/span><span data-ccp-props=\"{}\">\u00a0<\/span><\/p>\n<p><span data-contrast=\"auto\">En el evento realizado en el marco del ciclo <\/span><span data-contrast=\"none\">\u201cDivulgaci\u00f3n del conocimiento: experiencias, retos y voces\u201d, <\/span><span data-contrast=\"auto\">los expertos abordaron cuestiones que han superado, y coincidieron en la importancia del compromiso y la disciplina.\u00a0<\/span><span data-ccp-props=\"{&quot;335559731&quot;:708}\">\u00a0<\/span><\/p>\n<p><span data-contrast=\"auto\">Ibiza Mart\u00ednez Serrano, catedr\u00e1tica de la Facultad de Biolog\u00eda, mencion\u00f3 que en la divulgaci\u00f3n cient\u00edfica es fundamental perder el miedo a equivocarse, para compartir la informaci\u00f3n con libertad y seguridad.\u00a0<\/span><span data-ccp-props=\"{&quot;335559731&quot;:708}\">\u00a0<\/span><\/p>\n<p><span data-contrast=\"auto\">\u201cMuchas veces queremos hacer todo de manera muy estructurada, pero esto impide interactuar adecuadamente con el p\u00fablico, re\u00edr con \u00e9l y construir curiosidades al resolver sus dudas\u201d, enfatiz\u00f3.\u00a0<\/span><span data-ccp-props=\"{&quot;335559731&quot;:708}\">\u00a0<\/span><\/p>\n<p><span data-contrast=\"auto\">En su intervenci\u00f3n, Yareni Perroni Ventura, investigadora del Instituto de Biotecnolog\u00eda y Ecolog\u00eda Aplicada, declar\u00f3 que es primordial reflexionar en torno a la divulgaci\u00f3n cient\u00edfica, pues algunas disciplinas pueden parecer aburridas y falta demostrar lo contrario.<\/span><span data-ccp-props=\"{&quot;335559731&quot;:708}\">\u00a0<\/span><\/p>\n<p>&nbsp;<\/p>\n<div id=\"attachment_160383\" style=\"width: 732px\" class=\"wp-caption aligncenter\"><a href=\"https:\/\/www.uv.mx\/prensa\/files\/2025\/09\/290925-CARLOS-Ciencia-desafios-2-100k.jpg\"><img loading=\"lazy\" decoding=\"async\" aria-describedby=\"caption-attachment-160383\" class=\"size-full wp-image-160383\" src=\"https:\/\/www.uv.mx\/prensa\/files\/2025\/09\/290925-CARLOS-Ciencia-desafios-2-100k.jpg\" alt=\"\" width=\"722\" height=\"482\" srcset=\"https:\/\/www.uv.mx\/prensa\/files\/2025\/09\/290925-CARLOS-Ciencia-desafios-2-100k.jpg 722w, https:\/\/www.uv.mx\/prensa\/files\/2025\/09\/290925-CARLOS-Ciencia-desafios-2-100k-300x200.jpg 300w\" sizes=\"auto, (max-width: 722px) 100vw, 722px\" \/><\/a><p id=\"caption-attachment-160383\" class=\"wp-caption-text\">Docentes y estudiantes presenciaron el coloquio \u201cDivulgaci\u00f3n de la ciencia: desaf\u00edos y oportunidades en la UV\u201d<\/p><\/div>\n<p>&nbsp;<\/p>\n<p><span data-contrast=\"auto\">\u201cEs indispensable llevar a cabo la actividad bien, porque de esta forma se invita a la sociedad a presionar para que se invierta m\u00e1s en la producci\u00f3n cient\u00edfica\u201d, expuso.<\/span><span data-ccp-props=\"{&quot;335559731&quot;:708}\">\u00a0<\/span><\/p>\n<p><span data-contrast=\"auto\">La docente coment\u00f3 que cuando se identifica a alguien con talento para la divulgaci\u00f3n, es necesario impulsarlo de todas las maneras posibles.<\/span><span data-ccp-props=\"{&quot;335559731&quot;:708}\">\u00a0<\/span><\/p>\n<p><span data-contrast=\"auto\">Por su parte, Antonio Mar\u00edn Hern\u00e1ndez, del Instituto de Investigaciones en Inteligencia Artificial, relat\u00f3 que de peque\u00f1o acudi\u00f3 varias veces a los \u201cS\u00e1bados en la Ciencia\u201d organizados por la UV, hecho que despert\u00f3 su vocaci\u00f3n y marc\u00f3 su trayectoria profesional.\u00a0<\/span><span data-ccp-props=\"{&quot;335559731&quot;:708}\">\u00a0<\/span><\/p>\n<p><span data-contrast=\"auto\">\u201cLos que estamos en el camino cient\u00edfico debemos mostrar pasi\u00f3n por transmitir lo que conocemos, porque no sabemos en quien vamos a impactar de forma positiva en su vida\u201d.\u00a0<\/span><span data-ccp-props=\"{&quot;335559731&quot;:708}\">\u00a0<\/span><\/p>\n<p><span data-contrast=\"auto\">El investigador puntualiz\u00f3 que es primordial delimitar el sector del p\u00fablico al que se quiere llegar y analizar sus caracter\u00edsticas con el objetivo de despertar su inter\u00e9s.<\/span><span data-ccp-props=\"{&quot;335559731&quot;:708}\">\u00a0<\/span><\/p>\n<p>&nbsp;<\/p>\n<div id=\"attachment_160384\" style=\"width: 732px\" class=\"wp-caption aligncenter\"><a href=\"https:\/\/www.uv.mx\/prensa\/files\/2025\/09\/290925-CARLOS-Ciencia-desafios-3-100k.jpg\"><img loading=\"lazy\" decoding=\"async\" aria-describedby=\"caption-attachment-160384\" class=\"size-full wp-image-160384\" src=\"https:\/\/www.uv.mx\/prensa\/files\/2025\/09\/290925-CARLOS-Ciencia-desafios-3-100k.jpg\" alt=\"\" width=\"722\" height=\"482\" srcset=\"https:\/\/www.uv.mx\/prensa\/files\/2025\/09\/290925-CARLOS-Ciencia-desafios-3-100k.jpg 722w, https:\/\/www.uv.mx\/prensa\/files\/2025\/09\/290925-CARLOS-Ciencia-desafios-3-100k-300x200.jpg 300w\" sizes=\"auto, (max-width: 722px) 100vw, 722px\" \/><\/a><p id=\"caption-attachment-160384\" class=\"wp-caption-text\">Alejandro Alaffita particip\u00f3 de forma virtual<\/p><\/div>\n<p>&nbsp;<\/p>\n<p><span data-contrast=\"auto\">Juan Manuel Pech Canch\u00e9, docente de la Facultad de Ciencias Biol\u00f3gicas y Agropecuarias de la regi\u00f3n Poza Rica-Tuxpan, mencion\u00f3 que en la divulgaci\u00f3n cient\u00edfica es necesario realizar ejercicios pr\u00e1cticos que permitan a las personas cambiar su perspectiva sobre diversos temas.\u00a0<\/span><span data-ccp-props=\"{&quot;335559731&quot;:708}\">\u00a0<\/span><\/p>\n<p><span data-contrast=\"auto\">\u201cTrabajo con murci\u00e9lagos, y mostrar ejemplares me ha ayudado a entusiasmar a los ni\u00f1os y a modificar la percepci\u00f3n negativa que algunos ganaderos tienen en torno a estos mam\u00edferos voladores\u201d, asegur\u00f3.\u00a0<\/span><span data-ccp-props=\"{&quot;335559731&quot;:708}\">\u00a0<\/span><\/p>\n<p><span data-contrast=\"auto\">Finalmente, en su intervenci\u00f3n virtual, Francisco Alejandro Alaffita Hern\u00e1ndez, del Centro de Investigaci\u00f3n en Recursos Energ\u00e9ticos y Sustentables de la regi\u00f3n Coatzacoalcos-Minatitl\u00e1n, llam\u00f3 a descentralizar la divulgaci\u00f3n y expandirla a todas las zonas de la UV.<\/span><span data-ccp-props=\"{&quot;335559731&quot;:708}\">\u00a0<\/span><\/p>\n<p><span data-contrast=\"auto\">\u201cLa pasi\u00f3n es indispensable en nuestra labor, as\u00ed como la paciencia y creatividad, pues si no podemos explicar a un ni\u00f1o de seis a\u00f1os lo que hacemos, eso representa un problema\u201d, asegur\u00f3.\u00a0<\/span><span data-ccp-props=\"{&quot;335559731&quot;:708}\">\u00a0<\/span><\/p>\n<p>&nbsp;<\/p>\n","protected":false},"excerpt":{"rendered":"<p>Se pronunciaron por expandir esta labor a todas las regiones de la Universidad Veracruzana, y transmitir con entusiasmo el conocimiento  <\/p>\n","protected":false},"author":1809,"featured_media":160385,"comment_status":"closed","ping_status":"closed","sticky":false,"template":"","format":"standard","meta":{"footnotes":""},"categories":[45,1,15424,61],"tags":[12857,4161,3440,27722,241,147,1720,6332,6300,869,3425,8831,2798,2976,27723,2530,20311,7593],"class_list":["post-160484","post","type-post","status-publish","format-standard","has-post-thumbnail","hentry","category-ciencia","category-general","category-planta-academica","category-banner","tag-antonio-marin-hernandez","tag-carlos-hugo-hermida-rosales","tag-centro-de-investigacion-en-recursos-energeticos-y-sustentables","tag-ciclo-divulgacion-del-conocimiento-experiencias","tag-direccion-general-de-investigaciones-dgi","tag-facultad-de-biologia","tag-facultad-de-ciencias-biologicas-y-agropecuarias","tag-francisco-alejandro-alaffita-hernandez","tag-ibiza-martinez-serrano","tag-instituto-de-biotecnologia-y-ecologia-aplicada","tag-instituto-de-investigaciones-en-inteligencia-artificial","tag-juan-manuel-pech-canche","tag-region-coatzacoalcos-minatitlan","tag-region-poza-rica-tuxpan","tag-retos-y-voces","tag-sabados-en-la-ciencia","tag-universidad-veracruzana-uv","tag-yareni-perroni-ventura"],"_links":{"self":[{"href":"https:\/\/www.uv.mx\/prensa\/wp-json\/wp\/v2\/posts\/160484","targetHints":{"allow":["GET"]}}],"collection":[{"href":"https:\/\/www.uv.mx\/prensa\/wp-json\/wp\/v2\/posts"}],"about":[{"href":"https:\/\/www.uv.mx\/prensa\/wp-json\/wp\/v2\/types\/post"}],"author":[{"embeddable":true,"href":"https:\/\/www.uv.mx\/prensa\/wp-json\/wp\/v2\/users\/1809"}],"replies":[{"embeddable":true,"href":"https:\/\/www.uv.mx\/prensa\/wp-json\/wp\/v2\/comments?post=160484"}],"version-history":[{"count":1,"href":"https:\/\/www.uv.mx\/prensa\/wp-json\/wp\/v2\/posts\/160484\/revisions"}],"predecessor-version":[{"id":160485,"href":"https:\/\/www.uv.mx\/prensa\/wp-json\/wp\/v2\/posts\/160484\/revisions\/160485"}],"wp:featuredmedia":[{"embeddable":true,"href":"https:\/\/www.uv.mx\/prensa\/wp-json\/wp\/v2\/media\/160385"}],"wp:attachment":[{"href":"https:\/\/www.uv.mx\/prensa\/wp-json\/wp\/v2\/media?parent=160484"}],"wp:term":[{"taxonomy":"category","embeddable":true,"href":"https:\/\/www.uv.mx\/prensa\/wp-json\/wp\/v2\/categories?post=160484"},{"taxonomy":"post_tag","embeddable":true,"href":"https:\/\/www.uv.mx\/prensa\/wp-json\/wp\/v2\/tags?post=160484"}],"curies":[{"name":"wp","href":"https:\/\/api.w.org\/{rel}","templated":true}]}}