{"id":159583,"date":"2025-09-10T19:50:39","date_gmt":"2025-09-11T00:50:39","guid":{"rendered":"https:\/\/www.uv.mx\/prensa\/?p=159583"},"modified":"2025-09-10T21:47:43","modified_gmt":"2025-09-11T02:47:43","slug":"expertos-analizan-en-la-uv-desafios-que-enfrentan-las-ciudades-y-sus-habitantes","status":"publish","type":"post","link":"https:\/\/www.uv.mx\/prensa\/general\/expertos-analizan-en-la-uv-desafios-que-enfrentan-las-ciudades-y-sus-habitantes\/","title":{"rendered":"Expertos analizan en la UV desaf\u00edos que enfrentan las ciudades y sus habitantes"},"content":{"rendered":"<ul>\n<li data-leveltext=\"\uf0b7\" data-font=\"Symbol\" data-listid=\"6\" data-list-defn-props=\"{&quot;335552541&quot;:1,&quot;335559685&quot;:720,&quot;335559991&quot;:360,&quot;469769226&quot;:&quot;Symbol&quot;,&quot;469769242&quot;:[8226],&quot;469777803&quot;:&quot;left&quot;,&quot;469777804&quot;:&quot;\uf0b7&quot;,&quot;469777815&quot;:&quot;hybridMultilevel&quot;}\" data-aria-posinset=\"1\" data-aria-level=\"1\"><i><span data-contrast=\"auto\">Investigadores de instituciones de educaci\u00f3n superior abordan temas relativos a las urbes, sus retos y \u00e1reas de oportunidad<\/span><\/i><span data-ccp-props=\"{}\">\u00a0<\/span><\/li>\n<\/ul>\n<ul>\n<li data-leveltext=\"\uf0b7\" data-font=\"Symbol\" data-listid=\"6\" data-list-defn-props=\"{&quot;335552541&quot;:1,&quot;335559685&quot;:720,&quot;335559991&quot;:360,&quot;469769226&quot;:&quot;Symbol&quot;,&quot;469769242&quot;:[8226],&quot;469777803&quot;:&quot;left&quot;,&quot;469777804&quot;:&quot;\uf0b7&quot;,&quot;469777815&quot;:&quot;hybridMultilevel&quot;}\" data-aria-posinset=\"2\" data-aria-level=\"1\"><i><span data-contrast=\"auto\">En la conferencia inaugural, Geiser Manuel Caso Molinari, docente de la Universidad Crist\u00f3bal Col\u00f3n, habl\u00f3 sobre derechos humanos, inteligencia artificial y resiliencia\u00a0<\/span><\/i><span data-ccp-props=\"{}\">\u00a0<\/span><\/li>\n<\/ul>\n<p><span data-ccp-props=\"{&quot;335559685&quot;:360}\">\u00a0<\/span><\/p>\n<div id=\"attachment_159555\" style=\"width: 732px\" class=\"wp-caption aligncenter\"><img loading=\"lazy\" decoding=\"async\" aria-describedby=\"caption-attachment-159555\" class=\"size-full wp-image-159555\" src=\"https:\/\/www.uv.mx\/prensa\/files\/2025\/09\/100925-CARLOS-Cuestiones-metropolitanas-comunes-1-100k.jpg\" alt=\"El evento fue inaugurado por directivos y docentes de la Facultad de Arquitectura \" width=\"722\" height=\"277\" srcset=\"https:\/\/www.uv.mx\/prensa\/files\/2025\/09\/100925-CARLOS-Cuestiones-metropolitanas-comunes-1-100k.jpg 722w, https:\/\/www.uv.mx\/prensa\/files\/2025\/09\/100925-CARLOS-Cuestiones-metropolitanas-comunes-1-100k-300x115.jpg 300w\" sizes=\"auto, (max-width: 722px) 100vw, 722px\" \/><p id=\"caption-attachment-159555\" class=\"wp-caption-text\">El evento fue inaugurado por directivos y docentes de la Facultad de Arquitectura<\/p><\/div>\n<p>&nbsp;<\/p>\n<p><b><i><span data-contrast=\"auto\">Carlos Hugo Hermida Rosales<\/span><\/i><\/b><span data-ccp-props=\"{}\">\u00a0<\/span><\/p>\n<p><b><i><span data-contrast=\"auto\">Fotos: C\u00e9sar Pisil Ramos<\/span><\/i><\/b><\/p>\n<p><b><i><span data-contrast=\"auto\">10\/09\/2025. Xalapa, Ver<\/span><\/i><\/b><span data-contrast=\"auto\">. La Facultad de Arquitectura de la Universidad Veracruzana (UV), inici\u00f3 las actividades del 3er Congreso Internacional \u201cCuestiones metropolitanas comunes\u201d, organizado de forma virtual por el Cuerpo Acad\u00e9mico (CA) \u201cArquitectura y Urbanismo para el Desarrollo\u201d.<\/span><span data-ccp-props=\"{}\">\u00a0<\/span><\/p>\n<p><span data-contrast=\"auto\">En este evento, que culmina el 11 de septiembre, investigadores de instituciones de educaci\u00f3n superior nacionales e internacionales, abordar\u00e1n temas relativos a las metr\u00f3polis, sus retos y \u00e1reas de oportunidad.\u00a0<\/span><span data-ccp-props=\"{&quot;335559731&quot;:708}\">\u00a0<\/span><\/p>\n<p><span data-contrast=\"auto\">Daniel Rolando Mart\u00ed Capitanachi, presidente del congreso, expres\u00f3 que para la comunidad de la Facultad de Arquitectura es muy grato colaborar con colegas de M\u00e9xico y otras partes del mundo.<\/span><span data-ccp-props=\"{&quot;335559731&quot;:708}\">\u00a0<\/span><\/p>\n<p><span data-contrast=\"auto\">El catedr\u00e1tico comparti\u00f3 que las ponencias se agrupar\u00e1n en tres mesas de trabajo: \u201cDerechos humanos, derechos urbanos\u201d, \u201cUrbanismo e inteligencia artificial\u201d y \u201cPrevenci\u00f3n del riesgo y resiliencia\u201d.\u00a0<\/span><\/p>\n<div id=\"attachment_159556\" style=\"width: 732px\" class=\"wp-caption aligncenter\"><img loading=\"lazy\" decoding=\"async\" aria-describedby=\"caption-attachment-159556\" class=\"wp-image-159556 size-full\" src=\"https:\/\/www.uv.mx\/prensa\/files\/2025\/09\/100925-CARLOS-Cuestiones-metropolitanas-comunes-2-100k.jpg\" alt=\"\" width=\"722\" height=\"482\" srcset=\"https:\/\/www.uv.mx\/prensa\/files\/2025\/09\/100925-CARLOS-Cuestiones-metropolitanas-comunes-2-100k.jpg 722w, https:\/\/www.uv.mx\/prensa\/files\/2025\/09\/100925-CARLOS-Cuestiones-metropolitanas-comunes-2-100k-300x200.jpg 300w\" sizes=\"auto, (max-width: 722px) 100vw, 722px\" \/><p id=\"caption-attachment-159556\" class=\"wp-caption-text\">Daniel Rolando Mart\u00ed Capitanachi, presidente del congreso<\/p><\/div>\n<p>&nbsp;<\/p>\n<p><span data-contrast=\"auto\">A su vez, Luis Manuel Fern\u00e1ndez S\u00e1nchez, director de la entidad acad\u00e9mica, afirm\u00f3 que el foro sirve de espacio de encuentro profesional, donde se reflexionar\u00e1 sobre los desaf\u00edos que enfrentan las ciudades.\u00a0<\/span><span data-ccp-props=\"{&quot;335559731&quot;:708}\">\u00a0<\/span><\/p>\n<p><span data-contrast=\"auto\">\u201cContaremos con la valiosa colaboraci\u00f3n de distinguidos ponentes, quienes compartir\u00e1n investigaciones y experiencias en torno a temas fundamentales\u201d, puntualiz\u00f3.\u00a0<\/span><span data-ccp-props=\"{&quot;335559731&quot;:708}\">\u00a0<\/span><\/p>\n<p><span data-contrast=\"auto\">El directivo inst\u00f3 a los participantes a construir puentes entre disciplinas y generar propuestas que incidan en la transformaci\u00f3n del territorio.\u00a0<\/span><\/p>\n<p><b><i><span data-contrast=\"auto\">Derechos humanos, inteligencia artificial y resiliencia<br \/>\n<\/span><\/i><\/b><span data-contrast=\"auto\">Posterior al acto inaugural, Geiser Manuel Caso Molinari, docente de la Universidad Crist\u00f3bal Col\u00f3n, mencion\u00f3 que los derechos econ\u00f3micos, sociales, culturales y ambientales son la base de una vida digna, y dictan que la educaci\u00f3n, la salud y el trabajo son pilares fundamentales que deben estar garantizados a cada persona.<\/span><\/p>\n<div id=\"attachment_159557\" style=\"width: 732px\" class=\"wp-caption aligncenter\"><img loading=\"lazy\" decoding=\"async\" aria-describedby=\"caption-attachment-159557\" class=\"wp-image-159557 size-full\" src=\"https:\/\/www.uv.mx\/prensa\/files\/2025\/09\/100925-CARLOS-Cuestiones-metropolitanas-comunes-3-100k.jpg\" alt=\"\" width=\"722\" height=\"482\" srcset=\"https:\/\/www.uv.mx\/prensa\/files\/2025\/09\/100925-CARLOS-Cuestiones-metropolitanas-comunes-3-100k.jpg 722w, https:\/\/www.uv.mx\/prensa\/files\/2025\/09\/100925-CARLOS-Cuestiones-metropolitanas-comunes-3-100k-300x200.jpg 300w\" sizes=\"auto, (max-width: 722px) 100vw, 722px\" \/><p id=\"caption-attachment-159557\" class=\"wp-caption-text\">Geiser Caso imparti\u00f3 la ponencia \u201cDerechos humanos, inteligencia artificial y resiliencia\u201d<\/p><\/div>\n<p>&nbsp;<\/p>\n<p><span data-contrast=\"auto\">El acad\u00e9mico subray\u00f3 que un medio ambiente saludable exige aire puro, agua limpia y ecosistemas funcionales esenciales para la vida y el bienestar de generaciones actuales y futuras.\u00a0<\/span><span data-ccp-props=\"{&quot;335559731&quot;:708}\">\u00a0<\/span><\/p>\n<p><span data-contrast=\"auto\">\u201cCon su capacidad de an\u00e1lisis y optimizaci\u00f3n, la inteligencia artificial (IA) se presenta como un aliado poderoso para la sostenibilidad, pero con sus propios desaf\u00edos\u201d, enfatiz\u00f3.<\/span><span data-ccp-props=\"{&quot;335559731&quot;:708}\">\u00a0<\/span><\/p>\n<p><span data-contrast=\"auto\">Geiser Caso destac\u00f3 que la IA permite detectar la deforestaci\u00f3n, la contaminaci\u00f3n y los cambios clim\u00e1ticos con precisi\u00f3n, lo cual anticipa desastres naturales y eficientiza el uso de recursos, aunque el consumo energ\u00e9tico de sus centros de datos es considerable, por lo que es esencial el desarrollo de investigaci\u00f3n con el objetivo de reducir su huella de carbono.<\/span><span data-ccp-props=\"{&quot;335559731&quot;:708}\">\u00a0<\/span><\/p>\n<p><span data-contrast=\"auto\">El docente coment\u00f3 que la vivienda digna es un pilar fundamental del bienestar social y no debe abarcar simplemente contar con un techo, sino acceder a un espacio seguro, asequible y con todos los servicios b\u00e1sicos, en un entorno que favorezca la calidad de vida.<\/span><\/p>\n<div id=\"attachment_159558\" style=\"width: 732px\" class=\"wp-caption aligncenter\"><img loading=\"lazy\" decoding=\"async\" aria-describedby=\"caption-attachment-159558\" class=\"wp-image-159558 size-full\" src=\"https:\/\/www.uv.mx\/prensa\/files\/2025\/09\/100925-CARLOS-Cuestiones-metropolitanas-comunes-4-100k.jpg\" alt=\"\" width=\"722\" height=\"482\" srcset=\"https:\/\/www.uv.mx\/prensa\/files\/2025\/09\/100925-CARLOS-Cuestiones-metropolitanas-comunes-4-100k.jpg 722w, https:\/\/www.uv.mx\/prensa\/files\/2025\/09\/100925-CARLOS-Cuestiones-metropolitanas-comunes-4-100k-300x200.jpg 300w\" sizes=\"auto, (max-width: 722px) 100vw, 722px\" \/><p id=\"caption-attachment-159558\" class=\"wp-caption-text\">Luis Fern\u00e1ndez afirm\u00f3 que el congreso sirve de espacio a la reflexi\u00f3n en torno a ciudades y territorios<\/p><\/div>\n<p>&nbsp;<\/p>\n<p><span data-contrast=\"auto\">\u201cLa IA puede mejorar la planificaci\u00f3n de ciudades, gestionar el consumo energ\u00e9tico en edificios inteligentes y optimizar los recursos en la construcci\u00f3n de viviendas\u201d, afirm\u00f3.\u00a0<\/span><span data-ccp-props=\"{&quot;335559731&quot;:708}\">\u00a0<\/span><\/p>\n<p><span data-contrast=\"auto\">El ponente manifest\u00f3 que, no obstante, los algoritmos de IA en el mercado inmobiliario podr\u00edan perpetuar la discriminaci\u00f3n o gentrificaci\u00f3n, y dificultar el acceso a grupos vulnerables, ante lo cual es primordial implementar pol\u00edticas que gu\u00eden su uso adecuado en este sector.\u00a0<\/span><span data-ccp-props=\"{&quot;335559731&quot;:708}\">\u00a0<\/span><\/p>\n<p><span data-contrast=\"auto\">En el inicio de actividades del 3er Congreso Internacional \u201cCuestiones metropolitanas comunes\u201d, tambi\u00e9n estuvieron presentes Ezequiel Melgarejo Ochoa, secretario Acad\u00e9mico de la Facultad de Arquitectura; Noemi Uehara Guerrero, responsable del CA \u201cArquitectura y urbanismo para el desarrollo\u201d, y Mar\u00eda Concepci\u00f3n Chong Gardu\u00f1o, vicepresidenta del congreso.\u00a0<\/span><span data-ccp-props=\"{&quot;335559731&quot;:708}\">\u00a0<\/span><\/p>\n","protected":false},"excerpt":{"rendered":"<p>En congreso organizado de forma virtual por el Cuerpo Acad\u00e9mico \u201cArquitectura y Urbanismo para el Desarrollo\u201d de la Facultad de Arquitectura, con actividades hasta el jueves 11 de septiembre <\/p>\n","protected":false},"author":1775,"featured_media":159584,"comment_status":"closed","ping_status":"closed","sticky":false,"template":"","format":"standard","meta":{"footnotes":""},"categories":[45,1,15424,61],"tags":[1006,753,4161,6263,5386,752,9927,1327,27149,2292,5568,419,27150,3706,19625,5387,6815,4916,19602,8327,9080,9880],"class_list":["post-159583","post","type-post","status-publish","format-standard","has-post-thumbnail","hentry","category-ciencia","category-general","category-planta-academica","category-banner","tag-arquitectura","tag-ca","tag-carlos-hugo-hermida-rosales","tag-cesar-pisil-ramos","tag-congreso-internacional","tag-cuerpo-academico","tag-daniel-rolando-marti-capitanachi","tag-derechos-humanos","tag-derechos-urbanos","tag-desarrollo","tag-ezequiel-melgarejo-ochoa","tag-facultad-de-arquitectura","tag-geiser-manuel-caso-molinari","tag-inteligencia-artificial","tag-luis-manuel-fernandez-sanchez","tag-maria-concepcion-chong-garduno","tag-noemi-uehara-guerrero","tag-prevencion","tag-resiliencia","tag-riesgo","tag-universidad-cristobal-colon","tag-urbanismo"],"_links":{"self":[{"href":"https:\/\/www.uv.mx\/prensa\/wp-json\/wp\/v2\/posts\/159583","targetHints":{"allow":["GET"]}}],"collection":[{"href":"https:\/\/www.uv.mx\/prensa\/wp-json\/wp\/v2\/posts"}],"about":[{"href":"https:\/\/www.uv.mx\/prensa\/wp-json\/wp\/v2\/types\/post"}],"author":[{"embeddable":true,"href":"https:\/\/www.uv.mx\/prensa\/wp-json\/wp\/v2\/users\/1775"}],"replies":[{"embeddable":true,"href":"https:\/\/www.uv.mx\/prensa\/wp-json\/wp\/v2\/comments?post=159583"}],"version-history":[{"count":1,"href":"https:\/\/www.uv.mx\/prensa\/wp-json\/wp\/v2\/posts\/159583\/revisions"}],"predecessor-version":[{"id":159591,"href":"https:\/\/www.uv.mx\/prensa\/wp-json\/wp\/v2\/posts\/159583\/revisions\/159591"}],"wp:featuredmedia":[{"embeddable":true,"href":"https:\/\/www.uv.mx\/prensa\/wp-json\/wp\/v2\/media\/159584"}],"wp:attachment":[{"href":"https:\/\/www.uv.mx\/prensa\/wp-json\/wp\/v2\/media?parent=159583"}],"wp:term":[{"taxonomy":"category","embeddable":true,"href":"https:\/\/www.uv.mx\/prensa\/wp-json\/wp\/v2\/categories?post=159583"},{"taxonomy":"post_tag","embeddable":true,"href":"https:\/\/www.uv.mx\/prensa\/wp-json\/wp\/v2\/tags?post=159583"}],"curies":[{"name":"wp","href":"https:\/\/api.w.org\/{rel}","templated":true}]}}