{"id":159536,"date":"2025-09-09T21:11:02","date_gmt":"2025-09-10T02:11:02","guid":{"rendered":"https:\/\/www.uv.mx\/prensa\/?p=159536"},"modified":"2025-09-09T21:11:02","modified_gmt":"2025-09-10T02:11:02","slug":"uv-realiza-examen-de-salud-integral-2025-al-alumnado-de-nuevo-ingreso","status":"publish","type":"post","link":"https:\/\/www.uv.mx\/prensa\/general\/uv-realiza-examen-de-salud-integral-2025-al-alumnado-de-nuevo-ingreso\/","title":{"rendered":"UV realiza Examen de Salud Integral 2025 al alumnado de nuevo ingreso"},"content":{"rendered":"<ul>\n<li data-leveltext=\"\uf0b7\" data-font=\"Symbol\" data-listid=\"6\" data-list-defn-props=\"{&quot;335552541&quot;:1,&quot;335559685&quot;:720,&quot;335559991&quot;:360,&quot;469769226&quot;:&quot;Symbol&quot;,&quot;469769242&quot;:[8226],&quot;469777803&quot;:&quot;left&quot;,&quot;469777804&quot;:&quot;\uf0b7&quot;,&quot;469777815&quot;:&quot;hybridMultilevel&quot;}\" data-aria-posinset=\"1\" data-aria-level=\"1\"><i><span data-contrast=\"auto\">En las cinco regiones universitarias <\/span><\/i><span data-ccp-props=\"{}\">\u00a0<\/span><\/li>\n<\/ul>\n<ul>\n<li data-leveltext=\"\uf0b7\" data-font=\"Symbol\" data-listid=\"6\" data-list-defn-props=\"{&quot;335552541&quot;:1,&quot;335559685&quot;:720,&quot;335559991&quot;:360,&quot;469769226&quot;:&quot;Symbol&quot;,&quot;469769242&quot;:[8226],&quot;469777803&quot;:&quot;left&quot;,&quot;469777804&quot;:&quot;\uf0b7&quot;,&quot;469777815&quot;:&quot;hybridMultilevel&quot;}\" data-aria-posinset=\"2\" data-aria-level=\"1\"><i><span data-contrast=\"auto\">Tiene por objetivo valorar factores de riesgo e <\/span><\/i><i><span data-contrast=\"none\">identificar las \u00e1reas de atenci\u00f3n prioritarias, a fin de facilitarles un estilo de vida sano en su etapa de formaci\u00f3n acad\u00e9mica<\/span><\/i><span data-ccp-props=\"{}\">\u00a0<\/span><\/li>\n<\/ul>\n<ul>\n<li data-leveltext=\"\uf0b7\" data-font=\"Symbol\" data-listid=\"6\" data-list-defn-props=\"{&quot;335552541&quot;:1,&quot;335559685&quot;:720,&quot;335559991&quot;:360,&quot;469769226&quot;:&quot;Symbol&quot;,&quot;469769242&quot;:[8226],&quot;469777803&quot;:&quot;left&quot;,&quot;469777804&quot;:&quot;\uf0b7&quot;,&quot;469777815&quot;:&quot;hybridMultilevel&quot;}\" data-aria-posinset=\"3\" data-aria-level=\"1\"><i><span data-contrast=\"auto\">Esta iniciativa se realiza desde hace m\u00e1s de tres d\u00e9cadas con muy buenos resultados<\/span><\/i><span data-ccp-props=\"{}\">\u00a0<\/span><\/li>\n<\/ul>\n<p><span data-ccp-props=\"{&quot;335559685&quot;:0}\">\u00a0<\/span><\/p>\n<div id=\"attachment_159485\" style=\"width: 732px\" class=\"wp-caption aligncenter\"><img loading=\"lazy\" decoding=\"async\" aria-describedby=\"caption-attachment-159485\" class=\"size-full wp-image-159485\" src=\"https:\/\/www.uv.mx\/prensa\/files\/2025\/09\/080925-CARLOS-Examen-de-salud-integral-1-100k.jpg\" alt=\"El ESI 2025 incluye una revisi\u00f3n odontol\u00f3gica  \" width=\"722\" height=\"482\" srcset=\"https:\/\/www.uv.mx\/prensa\/files\/2025\/09\/080925-CARLOS-Examen-de-salud-integral-1-100k.jpg 722w, https:\/\/www.uv.mx\/prensa\/files\/2025\/09\/080925-CARLOS-Examen-de-salud-integral-1-100k-300x200.jpg 300w\" sizes=\"auto, (max-width: 722px) 100vw, 722px\" \/><p id=\"caption-attachment-159485\" class=\"wp-caption-text\">El ESI 2025 incluye una revisi\u00f3n odontol\u00f3gica<\/p><\/div>\n<p>&nbsp;<\/p>\n<p><b><i><span data-contrast=\"auto\">Carlos Hugo Hermida Rosales<\/span><\/i><\/b><span data-ccp-props=\"{}\">\u00a0<\/span><\/p>\n<p><b><i><span data-contrast=\"auto\">Fotos: C\u00e9sar Pisil Ramos<\/span><\/i><\/b><\/p>\n<p><b><i><span data-contrast=\"auto\">09\/09\/2025, Xalapa, Ver.-<\/span><\/i><\/b><span data-contrast=\"auto\"> Estudiantes de nuevo ingreso a la Universidad Veracruzana (UV), en sus cinco regiones, de los niveles de Licenciatura y T\u00e9cnico Superior Universitario (TSU), participan en el Examen de Salud Integral (ESI) 2025, que tiene por objetivo valorar factores de riesgo e <\/span><span data-contrast=\"none\">identificar las \u00e1reas de atenci\u00f3n prioritarias, a fin de facilitarles un estilo de vida sano durante su etapa de formaci\u00f3n acad\u00e9mica.\u00a0<\/span><span data-ccp-props=\"{}\">\u00a0<\/span><\/p>\n<p><span data-contrast=\"none\">A partir del 8 de septiembre y hasta marzo del 2026 (dependiendo la programaci\u00f3n de cada regi\u00f3n universitaria) el ESI se aplicar\u00e1 a alrededor de 18 mil 277 alumnas y alumnos, a quienes se valorar\u00e1 por medio de an\u00e1lisis cl\u00ednicos, examen general de orina y toma de signos vitales.<\/span><span data-ccp-props=\"{}\">\u00a0<\/span><\/p>\n<p><span data-contrast=\"none\">Adem\u00e1s, se consideran estudios antropom\u00e9tricos (medici\u00f3n de peso, talla, grasa corporal y circunferencia de cintura), m\u00e9dica y odontol\u00f3gica.<\/span><span data-ccp-props=\"{}\">\u00a0<\/span><\/p>\n<p><span data-contrast=\"none\">\u00a0Con base en la programaci\u00f3n proporcionada por el \u00c1rea Acad\u00e9mica de Ciencias de la Salud (AACS), en la regi\u00f3n Xalapa, entre el 8 de septiembre de 2025 y el <\/span><span data-contrast=\"auto\">20 de marzo de 2026, se atender\u00e1n a 7 mil 378 estudiantes, en la Unidad de Ciencias de la Salud.<\/span><span data-ccp-props=\"{}\">\u00a0<\/span><\/p>\n<p><span data-contrast=\"auto\">En la regi\u00f3n Veracruz-Boca del R\u00edo, entre el 8 de septiembre de 2025 y 4 de marzo de 2026, acudir\u00e1n un total de 4 mil 161 alumnas y alumnos, al Centro de Estudios y Servicios en Salud.<\/span><\/p>\n<div id=\"attachment_159486\" style=\"width: 732px\" class=\"wp-caption aligncenter\"><img loading=\"lazy\" decoding=\"async\" aria-describedby=\"caption-attachment-159486\" class=\"size-full wp-image-159486\" src=\"https:\/\/www.uv.mx\/prensa\/files\/2025\/09\/080925-CARLOS-Examen-de-salud-integral-2-100k.jpg\" alt=\"Los estudiantes de nuevo ingreso respondieron favorablemente al examen  \" width=\"722\" height=\"482\" srcset=\"https:\/\/www.uv.mx\/prensa\/files\/2025\/09\/080925-CARLOS-Examen-de-salud-integral-2-100k.jpg 722w, https:\/\/www.uv.mx\/prensa\/files\/2025\/09\/080925-CARLOS-Examen-de-salud-integral-2-100k-300x200.jpg 300w\" sizes=\"auto, (max-width: 722px) 100vw, 722px\" \/><p id=\"caption-attachment-159486\" class=\"wp-caption-text\">Los estudiantes de nuevo ingreso respondieron favorablemente al examen<\/p><\/div>\n<p>&nbsp;<\/p>\n<p><span data-contrast=\"none\">Tambi\u00e9n, a partir de la misma fecha y hasta el 24 de noviembre del presente a\u00f1o, en la regi\u00f3n Orizaba-C\u00f3rdoba se favorecer\u00e1 a <\/span><span data-contrast=\"auto\">2 mil 425<\/span><span data-contrast=\"none\">\u00a0universitarias y universitarios, en las sedes ubicadas en la Unidad Acad\u00e9mica de Ingenier\u00eda y Ciencias Qu\u00edmicas, y en la Facultad de Medicina de Ciudad Mendoza.<\/span><span data-ccp-props=\"{&quot;335559731&quot;:708}\">\u00a0<\/span><\/p>\n<p><span data-contrast=\"auto\">En Poza Rica Tuxpan, se atender\u00e1 a 2 mil 400 estudiantes hasta el 3 de diciembre del presente a\u00f1o; mientras que en Coatzacoalcos-Minatitl\u00e1n, la valoraci\u00f3n concluir\u00e1 el 5 de febrero de 2026, en beneficio de mil 913 j\u00f3venes, en las Unidades de Ciencias de la Salud de cada regi\u00f3n.<\/span><span data-ccp-props=\"{&quot;335559731&quot;:708}\">\u00a0<\/span><\/p>\n<p><span data-contrast=\"auto\">\u00a0Es importante destacar que los resultados est\u00e1n protegidos por el aviso de privacidad del ESI, mismos que las alumnas y alumnos podr\u00e1n consultar en su portal MIUV.<\/span><span data-ccp-props=\"{&quot;335559731&quot;:708}\">\u00a0<\/span><\/p>\n<p><span data-contrast=\"none\">En la regi\u00f3n Xalapa, la etapa de aplicaci\u00f3n se dividi\u00f3 en dos fases: virtual y presencial. La primera inici\u00f3 el 1 de agosto con el llenado de una encuesta en l\u00ednea, en la cual se recopilaron d<\/span><span data-contrast=\"none\">atos generales, aspectos psicol\u00f3gicos, nutricionales y de la actividad f\u00edsica.<\/span><\/p>\n<div id=\"attachment_159487\" style=\"width: 732px\" class=\"wp-caption aligncenter\"><img loading=\"lazy\" decoding=\"async\" aria-describedby=\"caption-attachment-159487\" class=\"size-full wp-image-159487\" src=\"https:\/\/www.uv.mx\/prensa\/files\/2025\/09\/080925-CARLOS-Examen-de-salud-integral-3-100k.jpg\" alt=\"Guillermo Contreras Alarc\u00f3n, coordinador del ESI en la regi\u00f3n Xalapa \" width=\"722\" height=\"482\" srcset=\"https:\/\/www.uv.mx\/prensa\/files\/2025\/09\/080925-CARLOS-Examen-de-salud-integral-3-100k.jpg 722w, https:\/\/www.uv.mx\/prensa\/files\/2025\/09\/080925-CARLOS-Examen-de-salud-integral-3-100k-300x200.jpg 300w\" sizes=\"auto, (max-width: 722px) 100vw, 722px\" \/><p id=\"caption-attachment-159487\" class=\"wp-caption-text\">Guillermo Contreras Alarc\u00f3n, coordinador del ESI en la regi\u00f3n Xalapa<\/p><\/div>\n<p>&nbsp;<\/p>\n<p><span data-contrast=\"none\">La presencial comenz\u00f3 el 8 de septiembre <\/span><span data-contrast=\"none\">con j\u00f3venes que cursan la Licenciatura en M\u00e9dico Cirujano, y concluir\u00e1 el 20 de marzo del a\u00f1o entrante con estudiantes de Administraci\u00f3n del Sistema de Ense\u00f1anza Abierta. <\/span><span data-ccp-props=\"{&quot;335559731&quot;:708}\">\u00a0<\/span><\/p>\n<p><span data-contrast=\"auto\">Guillermo Contreras Alarc\u00f3n, coordinador del ESI en esta regi\u00f3n, explic\u00f3 que a los alumnos se les realizan pruebas de qu\u00edmica sangu\u00ednea y biometr\u00eda hem\u00e1tica, un examen general de orina, revisi\u00f3n odontol\u00f3gica y medici\u00f3n de peso, talla e \u00edndice de masa corporal, con el objetivo de desarrollar su historia cl\u00ednica y brindar un diagn\u00f3stico.\u00a0<\/span><span data-ccp-props=\"{&quot;335559731&quot;:708}\">\u00a0<\/span><\/p>\n<p><span data-contrast=\"auto\">\u201cEsta iniciativa se lleva a cabo desde hace m\u00e1s de tres d\u00e9cadas con muy buenos resultados\u201d, asegur\u00f3.<\/span><span data-ccp-props=\"{&quot;335559731&quot;:708}\">\u00a0<\/span><\/p>\n<p><span data-contrast=\"auto\">El m\u00e9dico destac\u00f3 que de alrededor de siete mil 378 j\u00f3venes de nuevo ingreso en la regi\u00f3n Xalapa, m\u00e1s del 70 % participan en el ESI.<\/span><\/p>\n<div id=\"attachment_159488\" style=\"width: 732px\" class=\"wp-caption aligncenter\"><img loading=\"lazy\" decoding=\"async\" aria-describedby=\"caption-attachment-159488\" class=\"size-full wp-image-159488\" src=\"https:\/\/www.uv.mx\/prensa\/files\/2025\/09\/080925-CARLOS-Examen-de-salud-integral-4-100k.jpg\" alt=\"Laura Ben\u00edtez Coeto, responsable del \u00e1rea de nutrici\u00f3n del examen  \" width=\"722\" height=\"482\" srcset=\"https:\/\/www.uv.mx\/prensa\/files\/2025\/09\/080925-CARLOS-Examen-de-salud-integral-4-100k.jpg 722w, https:\/\/www.uv.mx\/prensa\/files\/2025\/09\/080925-CARLOS-Examen-de-salud-integral-4-100k-300x200.jpg 300w\" sizes=\"auto, (max-width: 722px) 100vw, 722px\" \/><p id=\"caption-attachment-159488\" class=\"wp-caption-text\">Laura Ben\u00edtez Coeto, responsable del \u00e1rea de nutrici\u00f3n del examen<\/p><\/div>\n<p>&nbsp;<\/p>\n<p><span data-contrast=\"auto\">\u201cEs primordial que vinculen su salud con la formaci\u00f3n universitaria, porque ello les permitir\u00e1 tener un mejor rendimiento\u201d, enfatiz\u00f3.\u00a0<\/span><span data-ccp-props=\"{&quot;335559731&quot;:708}\">\u00a0<\/span><\/p>\n<p><span data-contrast=\"auto\">Laura Ben\u00edtez Coeto, catedr\u00e1tica responsable del \u00e1rea de nutrici\u00f3n en el examen, comparti\u00f3 que a cada estudiante se le realizan valoraciones antropom\u00e9tricas y de composici\u00f3n corporal, para determinar de una manera eficiente su estado nutricional.<\/span><span data-ccp-props=\"{&quot;335559731&quot;:708}\">\u00a0<\/span><\/p>\n<p><span data-contrast=\"auto\">\u201cEn el consultorio se detecta quienes est\u00e1n en riesgo de malnutrici\u00f3n y presentan obesidad o desnutrici\u00f3n que desemboque en bajo peso, se les entrega una dieta individualizada acorde a sus necesidades\u201d, puntualiz\u00f3.\u00a0<\/span><span data-ccp-props=\"{&quot;335559731&quot;:708}\">\u00a0<\/span><\/p>\n<p><span data-contrast=\"auto\">Mar\u00eda del Carmen S\u00e1nchez Guerra, egresada de la Facultad de Medicina y prestadora de servicio social, mencion\u00f3 que realiza un interrogatorio a cada alumno de nuevo ingreso para descubrir si tiene alguna enfermedad o predisposici\u00f3n a padecerla.\u00a0<\/span><\/p>\n<div id=\"attachment_159489\" style=\"width: 732px\" class=\"wp-caption aligncenter\"><img loading=\"lazy\" decoding=\"async\" aria-describedby=\"caption-attachment-159489\" class=\"size-full wp-image-159489\" src=\"https:\/\/www.uv.mx\/prensa\/files\/2025\/09\/080925-CARLOS-Examen-de-salud-integral-5-100k.jpg\" alt=\"Mar\u00eda Del Carmen S\u00e1nchez Guerra  \" width=\"722\" height=\"482\" srcset=\"https:\/\/www.uv.mx\/prensa\/files\/2025\/09\/080925-CARLOS-Examen-de-salud-integral-5-100k.jpg 722w, https:\/\/www.uv.mx\/prensa\/files\/2025\/09\/080925-CARLOS-Examen-de-salud-integral-5-100k-300x200.jpg 300w\" sizes=\"auto, (max-width: 722px) 100vw, 722px\" \/><p id=\"caption-attachment-159489\" class=\"wp-caption-text\">Mar\u00eda Del Carmen S\u00e1nchez Guerra<\/p><\/div>\n<p>&nbsp;<\/p>\n<p><span data-contrast=\"auto\">La m\u00e9dico pasante coment\u00f3 que la etapa universitaria es intensa y requiere resistencia, por lo cual es primordial que quienes la inician presenten buenas condiciones f\u00edsicas y mentales.<\/span><span data-ccp-props=\"{&quot;335559731&quot;:708}\">\u00a0<\/span><\/p>\n<p><span data-contrast=\"auto\">Por su parte, los estudiantes de Medicina coincidieron en el valor del ESI, pues promueve la salud preventiva entre su comunidad.\u00a0<\/span><span data-ccp-props=\"{&quot;335559731&quot;:708}\">\u00a0<\/span><\/p>\n<p><span data-contrast=\"auto\">Fernando Aramis Cruz L\u00f3pez declar\u00f3 que es de suma importancia hacerse el examen porque sirve para detectar padecimientos ocultos, a trav\u00e9s de las diversas pruebas que incluye.\u00a0<\/span><span data-ccp-props=\"{&quot;335559731&quot;:708}\">\u00a0<\/span><\/p>\n<p><span data-contrast=\"auto\">\u201cEsto se traduce en un mejor desempe\u00f1o en el aula\u201d, afirm\u00f3.<\/span><span data-ccp-props=\"{&quot;335559731&quot;:708}\">\u00a0<\/span><\/p>\n<p><span data-contrast=\"auto\">A su vez, Yuliana Itzel Silgado Contreras aplaudi\u00f3 a la UV por implementar acciones que velan por el bienestar de sus alumnos.<\/span><\/p>\n<div id=\"attachment_159490\" style=\"width: 732px\" class=\"wp-caption aligncenter\"><img loading=\"lazy\" decoding=\"async\" aria-describedby=\"caption-attachment-159490\" class=\"size-full wp-image-159490\" src=\"https:\/\/www.uv.mx\/prensa\/files\/2025\/09\/080925-CARLOS-Examen-de-salud-integral-6-100k.jpg\" alt=\"Yuliana Silgado y Fernando Cruz  \" width=\"722\" height=\"482\" srcset=\"https:\/\/www.uv.mx\/prensa\/files\/2025\/09\/080925-CARLOS-Examen-de-salud-integral-6-100k.jpg 722w, https:\/\/www.uv.mx\/prensa\/files\/2025\/09\/080925-CARLOS-Examen-de-salud-integral-6-100k-300x200.jpg 300w\" sizes=\"auto, (max-width: 722px) 100vw, 722px\" \/><p id=\"caption-attachment-159490\" class=\"wp-caption-text\">Yuliana Silgado y Fernando Cruz<\/p><\/div>\n<p>&nbsp;<\/p>\n<p><span data-contrast=\"auto\">\u201cComo futura profesionista de la salud debo dar el ejemplo y participar\u201d, agreg\u00f3.<\/span><span data-ccp-props=\"{&quot;335559731&quot;:708}\">\u00a0<\/span><\/p>\n<p><span data-contrast=\"auto\">Cristian David Aguilar Aburto asever\u00f3 que el ESI muestra c\u00f3mo tratar a los pacientes, al tiempo que otorga una visi\u00f3n sobre el estado f\u00edsico de cada persona.\u00a0<\/span><span data-ccp-props=\"{&quot;335559731&quot;:708}\">\u00a0<\/span><\/p>\n<p><span data-contrast=\"auto\">Finalmente, Kenya Lizett Jacobo Tenorio mencion\u00f3 que la Licenciatura en Medicina requiere disciplina y vocaci\u00f3n, y ante ello es necesario contar con buena salud.<\/span><span data-ccp-props=\"{&quot;335559731&quot;:708}\">\u00a0<\/span><\/p>\n<p><span data-contrast=\"auto\">\u201cEl examen promueve la prevenci\u00f3n y ayuda a eliminar estigmas de las pruebas m\u00e9dicas\u201d, manifest\u00f3.<\/span><\/p>\n<div id=\"attachment_159491\" style=\"width: 732px\" class=\"wp-caption aligncenter\"><img loading=\"lazy\" decoding=\"async\" aria-describedby=\"caption-attachment-159491\" class=\"size-full wp-image-159491\" src=\"https:\/\/www.uv.mx\/prensa\/files\/2025\/09\/080925-CARLOS-Examen-de-salud-integral-7-100k.jpg\" alt=\"David Aguilar y Lizett Jacobo \" width=\"722\" height=\"482\" srcset=\"https:\/\/www.uv.mx\/prensa\/files\/2025\/09\/080925-CARLOS-Examen-de-salud-integral-7-100k.jpg 722w, https:\/\/www.uv.mx\/prensa\/files\/2025\/09\/080925-CARLOS-Examen-de-salud-integral-7-100k-300x200.jpg 300w\" sizes=\"auto, (max-width: 722px) 100vw, 722px\" \/><p id=\"caption-attachment-159491\" class=\"wp-caption-text\">David Aguilar y Lizett Jacobo<\/p><\/div>\n","protected":false},"excerpt":{"rendered":"<p>Incluye diversas pruebas para desarrollar su historia cl\u00ednica y brindar un diagn\u00f3stico <\/p>\n","protected":false},"author":1775,"featured_media":159492,"comment_status":"closed","ping_status":"closed","sticky":false,"template":"","format":"standard","meta":{"footnotes":""},"categories":[52,15423,1,53,54,61,32,55],"tags":[618,18555,617,4161,1707,6263,27130,8403,27122,27123,27124,8402,18556,23566,27128,7842,27131,27126,777,5699,27127,710,1605,13845,1606,27125,1794,27129],"class_list":["post-159536","post","type-post","status-publish","format-standard","has-post-thumbnail","hentry","category-coatzacoalcos","category-estudiantes","category-general","category-orizaba","category-poza-rica","category-banner","category-regiones","category-veracruz","tag-aacs","tag-analisis-clinicos","tag-area-academica-de-ciencias-de-la-salud","tag-carlos-hugo-hermida-rosales","tag-centro-de-estudios-y-servicios-en-salud","tag-cesar-pisil-ramos","tag-david-aguilar-aburto","tag-esi","tag-estudios-antropometricos","tag-estudios-medicos","tag-estudios-odontologicos","tag-examen-de-salud-integral","tag-examen-general-de-orina","tag-facultad-de-medicina-de-ciudad-mendoza","tag-fernando-aramis-cruz-lopez","tag-guillermo-contreras-alarcon","tag-kenya-lizett-jacobo-tenorio","tag-laura-benitez-coeto","tag-licenciatura","tag-licenciatura-en-medico-cirujano","tag-maria-del-carmen-sanchez-guerra","tag-sistema-de-ensenanza-abierta","tag-tecnico-superior-universitario","tag-toma-de-signos-vitales","tag-tsu","tag-unidad-academica-de-ingenieria-y-ciencias-quimicas","tag-unidad-de-ciencias-de-la-salud","tag-yuliana-itzel-silgado-contreras"],"_links":{"self":[{"href":"https:\/\/www.uv.mx\/prensa\/wp-json\/wp\/v2\/posts\/159536","targetHints":{"allow":["GET"]}}],"collection":[{"href":"https:\/\/www.uv.mx\/prensa\/wp-json\/wp\/v2\/posts"}],"about":[{"href":"https:\/\/www.uv.mx\/prensa\/wp-json\/wp\/v2\/types\/post"}],"author":[{"embeddable":true,"href":"https:\/\/www.uv.mx\/prensa\/wp-json\/wp\/v2\/users\/1775"}],"replies":[{"embeddable":true,"href":"https:\/\/www.uv.mx\/prensa\/wp-json\/wp\/v2\/comments?post=159536"}],"version-history":[{"count":1,"href":"https:\/\/www.uv.mx\/prensa\/wp-json\/wp\/v2\/posts\/159536\/revisions"}],"predecessor-version":[{"id":159537,"href":"https:\/\/www.uv.mx\/prensa\/wp-json\/wp\/v2\/posts\/159536\/revisions\/159537"}],"wp:featuredmedia":[{"embeddable":true,"href":"https:\/\/www.uv.mx\/prensa\/wp-json\/wp\/v2\/media\/159492"}],"wp:attachment":[{"href":"https:\/\/www.uv.mx\/prensa\/wp-json\/wp\/v2\/media?parent=159536"}],"wp:term":[{"taxonomy":"category","embeddable":true,"href":"https:\/\/www.uv.mx\/prensa\/wp-json\/wp\/v2\/categories?post=159536"},{"taxonomy":"post_tag","embeddable":true,"href":"https:\/\/www.uv.mx\/prensa\/wp-json\/wp\/v2\/tags?post=159536"}],"curies":[{"name":"wp","href":"https:\/\/api.w.org\/{rel}","templated":true}]}}