{"id":159459,"date":"2025-09-08T20:36:04","date_gmt":"2025-09-09T01:36:04","guid":{"rendered":"https:\/\/www.uv.mx\/prensa\/?p=159459"},"modified":"2025-09-08T20:36:04","modified_gmt":"2025-09-09T01:36:04","slug":"supervision-de-medicos-residentes-tiene-fundamento-juridico-academica","status":"publish","type":"post","link":"https:\/\/www.uv.mx\/prensa\/general\/supervision-de-medicos-residentes-tiene-fundamento-juridico-academica\/","title":{"rendered":"Supervisi\u00f3n de m\u00e9dicos residentes tiene fundamento jur\u00eddico: acad\u00e9mica"},"content":{"rendered":"<ul>\n<li data-leveltext=\"\uf0b7\" data-font=\"Symbol\" data-listid=\"6\" data-list-defn-props=\"{&quot;335552541&quot;:1,&quot;335559685&quot;:720,&quot;335559991&quot;:360,&quot;469769226&quot;:&quot;Symbol&quot;,&quot;469769242&quot;:[8226],&quot;469777803&quot;:&quot;left&quot;,&quot;469777804&quot;:&quot;\uf0b7&quot;,&quot;469777815&quot;:&quot;hybridMultilevel&quot;}\" data-aria-posinset=\"1\" data-aria-level=\"1\"><i><span data-contrast=\"auto\">Concepci\u00f3n Guillerm\u00edn, docente de la Universidad Veracruzana, imparti\u00f3 una conferencia virtual en el marco del seminario \u201c60 a\u00f1os del movimiento m\u00e9dico en M\u00e9xico\u201d<\/span><\/i><span data-ccp-props=\"{}\">\u00a0<\/span><\/li>\n<\/ul>\n<ul>\n<li data-leveltext=\"\uf0b7\" data-font=\"Symbol\" data-listid=\"6\" data-list-defn-props=\"{&quot;335552541&quot;:1,&quot;335559685&quot;:720,&quot;335559991&quot;:360,&quot;469769226&quot;:&quot;Symbol&quot;,&quot;469769242&quot;:[8226],&quot;469777803&quot;:&quot;left&quot;,&quot;469777804&quot;:&quot;\uf0b7&quot;,&quot;469777815&quot;:&quot;hybridMultilevel&quot;}\" data-aria-posinset=\"2\" data-aria-level=\"1\"><i><span data-contrast=\"auto\">La catedr\u00e1tica de la regi\u00f3n Orizaba-C\u00f3rdoba explic\u00f3 las responsabilidades del residente, su tutor y la instituci\u00f3n de salud<\/span><\/i><span data-ccp-props=\"{}\">\u00a0<\/span><\/li>\n<\/ul>\n<p><span data-ccp-props=\"{}\">\u00a0<\/span><\/p>\n<div id=\"attachment_159422\" style=\"width: 732px\" class=\"wp-caption aligncenter\"><img loading=\"lazy\" decoding=\"async\" aria-describedby=\"caption-attachment-159422\" class=\"size-full wp-image-159422\" src=\"https:\/\/www.uv.mx\/prensa\/files\/2025\/09\/030925-CARLOS-Residencia-medica-en-Mexico-1-100k.jpg\" alt=\"Concepci\u00f3n Guillerm\u00edn V\u00e1zquez \" width=\"722\" height=\"447\" \/><p id=\"caption-attachment-159422\" class=\"wp-caption-text\">Concepci\u00f3n Guillerm\u00edn V\u00e1zquez<\/p><\/div>\n<p>&nbsp;<\/p>\n<p><b><i><span data-contrast=\"auto\">Carlos Hugo Hermida Rosales<\/span><\/i><\/b><span data-ccp-props=\"{}\">\u00a0<\/span><\/p>\n<p><b><i><span data-contrast=\"auto\">Fotos: Omar Portilla Palacios<\/span><\/i><\/b><\/p>\n<p><b><i><span data-contrast=\"auto\">08\/09\/2025, Xalapa, Ver.-<\/span><\/i><\/b><span data-contrast=\"auto\"> \u201cLa supervisi\u00f3n de m\u00e9dicos residentes en M\u00e9xico tiene un fundamento jur\u00eddico s\u00f3lido en la Constituci\u00f3n, la Ley General de Salud, las Normas Oficiales Mexicanas y los reglamentos hospitalarios\u201d, asever\u00f3 Concepci\u00f3n Guillerm\u00edn V\u00e1zquez, catedr\u00e1tica de la Facultad de Medicina de la Universidad Veracruzana (UV), regi\u00f3n Orizaba-C\u00f3rdoba.<\/span><span data-ccp-props=\"{}\">\u00a0<\/span><\/p>\n<p><span data-contrast=\"auto\">Al impartir la conferencia virtual \u201cAspectos jur\u00eddicos de la supervisi\u00f3n de residentes en M\u00e9xico\u201d, organizada por el <\/span><span data-contrast=\"none\">Observatorio de Educaci\u00f3n M\u00e9dica y Derechos Humanos (<\/span><i><span data-contrast=\"none\">Obeme<\/span><\/i><span data-contrast=\"none\">), la docente explic\u00f3 que la residencia en el pa\u00eds se desarrolla bajo un marco normativo que regula la formaci\u00f3n, las responsabilidades y la inspecci\u00f3n de los m\u00e9dicos en instituciones de salud.\u00a0<\/span><span data-ccp-props=\"{&quot;335559731&quot;:708}\">\u00a0<\/span><\/p>\n<p><span data-contrast=\"none\">\u201cLa supervisi\u00f3n no solo es un aspecto acad\u00e9mico, sino tambi\u00e9n jur\u00eddico, ya que implica obligaciones compartidas entre el residente, los m\u00e9dicos adscritos, las entidades sanitarias y las autoridades educativas\u201d, a\u00f1adi\u00f3.\u00a0<\/span><span data-ccp-props=\"{&quot;335559731&quot;:708}\">\u00a0<\/span><\/p>\n<p><span data-contrast=\"auto\">Concepci\u00f3n Guillerm\u00edn puntualiz\u00f3 que el residente es un trabajador titulado y con c\u00e9dula profesional, pero est\u00e1 en formaci\u00f3n especializada, por lo cual jur\u00eddicamente no es un estudiante com\u00fan, pues recibe una beca-salario y presta servicios asistenciales.<\/span><\/p>\n<div id=\"attachment_159423\" style=\"width: 732px\" class=\"wp-caption aligncenter\"><img loading=\"lazy\" decoding=\"async\" aria-describedby=\"caption-attachment-159423\" class=\"size-full wp-image-159423\" src=\"https:\/\/www.uv.mx\/prensa\/files\/2025\/09\/030925-CARLOS-Residencia-medica-en-Mexico-2-100k.jpg\" alt=\"La acad\u00e9mica puntualiz\u00f3 que el m\u00e9dico residente no es estudiante com\u00fan, sino un trabajador en formaci\u00f3n  \" width=\"722\" height=\"446\" srcset=\"https:\/\/www.uv.mx\/prensa\/files\/2025\/09\/030925-CARLOS-Residencia-medica-en-Mexico-2-100k.jpg 722w, https:\/\/www.uv.mx\/prensa\/files\/2025\/09\/030925-CARLOS-Residencia-medica-en-Mexico-2-100k-300x185.jpg 300w, https:\/\/www.uv.mx\/prensa\/files\/2025\/09\/030925-CARLOS-Residencia-medica-en-Mexico-2-100k-200x125.jpg 200w\" sizes=\"auto, (max-width: 722px) 100vw, 722px\" \/><p id=\"caption-attachment-159423\" class=\"wp-caption-text\">La acad\u00e9mica puntualiz\u00f3 que el m\u00e9dico residente no es estudiante com\u00fan, sino un trabajador en formaci\u00f3n<\/p><\/div>\n<p>&nbsp;<\/p>\n<p><span data-contrast=\"auto\">\u201cEsta doble naturaleza genera obligaciones compartidas\u201d, apunt\u00f3.\u00a0<\/span><span data-ccp-props=\"{&quot;335559731&quot;:708}\">\u00a0<\/span><\/p>\n<p><span data-contrast=\"auto\">Tanto el residente como el m\u00e9dico tutor y la instituci\u00f3n de salud poseen compromisos, que var\u00edan en cada uno.<\/span><span data-ccp-props=\"{&quot;335559731&quot;:708}\">\u00a0<\/span><\/p>\n<p><span data-contrast=\"auto\">El primero debe responder por los actos que realiza, de acuerdo con su grado de adiestramiento y no puede ejercer sin vigilancia en procedimientos de alta complejidad, por el riesgo de incurrir en responsabilidad civil, penal o administrativa en caso de negligencia.\u00a0<\/span><span data-ccp-props=\"{&quot;335559731&quot;:708}\">\u00a0<\/span><\/p>\n<p><span data-contrast=\"auto\">Por su parte, el tutor tiene que inspeccionar al anterior y respaldar solidariamente la labor bajo sus indicaciones, mientras que la instituci\u00f3n de salud debe garantizar la existencia de m\u00e9dicos suficientes y preparados, y solucionar los da\u00f1os ocasionados.\u00a0<\/span><\/p>\n<div id=\"attachment_159424\" style=\"width: 732px\" class=\"wp-caption aligncenter\"><img loading=\"lazy\" decoding=\"async\" aria-describedby=\"caption-attachment-159424\" class=\"size-full wp-image-159424\" src=\"https:\/\/www.uv.mx\/prensa\/files\/2025\/09\/030925-CARLOS-Residencia-medica-en-Mexico-3-100k.jpg\" alt=\"En M\u00e9xico, la Ley General de Salud regula a los m\u00e9dicos residentes\" width=\"722\" height=\"447\" srcset=\"https:\/\/www.uv.mx\/prensa\/files\/2025\/09\/030925-CARLOS-Residencia-medica-en-Mexico-3-100k.jpg 722w, https:\/\/www.uv.mx\/prensa\/files\/2025\/09\/030925-CARLOS-Residencia-medica-en-Mexico-3-100k-300x186.jpg 300w, https:\/\/www.uv.mx\/prensa\/files\/2025\/09\/030925-CARLOS-Residencia-medica-en-Mexico-3-100k-200x125.jpg 200w\" sizes=\"auto, (max-width: 722px) 100vw, 722px\" \/><p id=\"caption-attachment-159424\" class=\"wp-caption-text\">En M\u00e9xico, la Ley General de Salud regula a los m\u00e9dicos residentes<\/p><\/div>\n<p>&nbsp;<\/p>\n<p><span data-contrast=\"auto\">La acad\u00e9mica declar\u00f3 que la finalidad del fundamento jur\u00eddico de la supervisi\u00f3n de residentes es proteger al paciente, avalar la calidad de la atenci\u00f3n y asegurar la adecuada capacitaci\u00f3n m\u00e9dica especializada.\u00a0<\/span><span data-ccp-props=\"{&quot;335559731&quot;:708}\">\u00a0<\/span><\/p>\n<p><span data-contrast=\"auto\">Desde el punto de vista legal el residente asume repercusiones de sus actos, pero siempre como profesionista en formaci\u00f3n; el m\u00e9dico adscrito tiene la misi\u00f3n de supervisar, y la instituci\u00f3n es responsable de proveer las condiciones para ello.\u00a0<\/span><span data-ccp-props=\"{&quot;335559731&quot;:708}\">\u00a0<\/span><\/p>\n<p><span data-contrast=\"auto\">\u201cLa omisi\u00f3n de estas obligaciones puede generar consecuencias civiles, administrativas y penales\u201d, concluy\u00f3 la docente.<\/span><span data-ccp-props=\"{&quot;335559731&quot;:708}\">\u00a0<\/span><\/p>\n","protected":false},"excerpt":{"rendered":"<p>Con la finalidad de proteger al paciente y garantizar la calidad de la atenci\u00f3n, se\u00f1al\u00f3 Concepci\u00f3n Guillerm\u00edn, docente de la UV, regi\u00f3n Orizaba-C\u00f3rdoba<\/p>\n","protected":false},"author":1775,"featured_media":159425,"comment_status":"closed","ping_status":"closed","sticky":false,"template":"","format":"standard","meta":{"footnotes":""},"categories":[15423,1,61],"tags":[27070,4161,27069,1044,14700,872,8058,15584,648,27068,21308,2141,6462,2610,27071],"class_list":["post-159459","post","type-post","status-publish","format-standard","has-post-thumbnail","hentry","category-estudiantes","category-general","category-banner","tag-aspectos-juridicos","tag-carlos-hugo-hermida-rosales","tag-concepcion-guillermin-vazquez","tag-conferencia-virtual","tag-constitucion","tag-facultad-de-medicina","tag-ley-general-de-salud","tag-medicos-residentes","tag-mexico","tag-normas-oficiales-mexicanas","tag-obeme","tag-observatorio-de-educacion-medica-y-derechos-humanos","tag-omar-portilla-palacios","tag-region-orizaba-cordoba","tag-supervision-de-residentes"],"_links":{"self":[{"href":"https:\/\/www.uv.mx\/prensa\/wp-json\/wp\/v2\/posts\/159459","targetHints":{"allow":["GET"]}}],"collection":[{"href":"https:\/\/www.uv.mx\/prensa\/wp-json\/wp\/v2\/posts"}],"about":[{"href":"https:\/\/www.uv.mx\/prensa\/wp-json\/wp\/v2\/types\/post"}],"author":[{"embeddable":true,"href":"https:\/\/www.uv.mx\/prensa\/wp-json\/wp\/v2\/users\/1775"}],"replies":[{"embeddable":true,"href":"https:\/\/www.uv.mx\/prensa\/wp-json\/wp\/v2\/comments?post=159459"}],"version-history":[{"count":1,"href":"https:\/\/www.uv.mx\/prensa\/wp-json\/wp\/v2\/posts\/159459\/revisions"}],"predecessor-version":[{"id":159460,"href":"https:\/\/www.uv.mx\/prensa\/wp-json\/wp\/v2\/posts\/159459\/revisions\/159460"}],"wp:featuredmedia":[{"embeddable":true,"href":"https:\/\/www.uv.mx\/prensa\/wp-json\/wp\/v2\/media\/159425"}],"wp:attachment":[{"href":"https:\/\/www.uv.mx\/prensa\/wp-json\/wp\/v2\/media?parent=159459"}],"wp:term":[{"taxonomy":"category","embeddable":true,"href":"https:\/\/www.uv.mx\/prensa\/wp-json\/wp\/v2\/categories?post=159459"},{"taxonomy":"post_tag","embeddable":true,"href":"https:\/\/www.uv.mx\/prensa\/wp-json\/wp\/v2\/tags?post=159459"}],"curies":[{"name":"wp","href":"https:\/\/api.w.org\/{rel}","templated":true}]}}