{"id":159318,"date":"2025-09-04T18:48:20","date_gmt":"2025-09-04T23:48:20","guid":{"rendered":"https:\/\/www.uv.mx\/prensa\/?p=159318"},"modified":"2025-09-04T18:48:20","modified_gmt":"2025-09-04T23:48:20","slug":"sector-salud-debe-enfocarse-en-atender-diversos-tipos-de-vejez","status":"publish","type":"post","link":"https:\/\/www.uv.mx\/prensa\/general\/sector-salud-debe-enfocarse-en-atender-diversos-tipos-de-vejez\/","title":{"rendered":"Sector salud debe enfocarse en atender diversos tipos de vejez"},"content":{"rendered":"<ul>\n<li data-leveltext=\"\uf0b7\" data-font=\"Symbol\" data-listid=\"3\" data-list-defn-props=\"{&quot;335552541&quot;:1,&quot;335559685&quot;:720,&quot;335559991&quot;:360,&quot;469769226&quot;:&quot;Symbol&quot;,&quot;469769242&quot;:[8226],&quot;469777803&quot;:&quot;left&quot;,&quot;469777804&quot;:&quot;\uf0b7&quot;,&quot;469777815&quot;:&quot;hybridMultilevel&quot;}\" data-aria-posinset=\"1\" data-aria-level=\"1\"><i><span data-contrast=\"auto\">La bio\u00e9tica geri\u00e1trica tiene un fundamento humanista orientado a la dignidad, las emociones y la espiritualidad de las personas<\/span><\/i><span data-ccp-props=\"{&quot;134233117&quot;:false,&quot;134233118&quot;:false,&quot;201341983&quot;:0,&quot;335559738&quot;:0,&quot;335559739&quot;:0,&quot;335559740&quot;:240}\">\u00a0<\/span><\/li>\n<\/ul>\n<ul>\n<li data-leveltext=\"\uf0b7\" data-font=\"Symbol\" data-listid=\"3\" data-list-defn-props=\"{&quot;335552541&quot;:1,&quot;335559685&quot;:720,&quot;335559991&quot;:360,&quot;469769226&quot;:&quot;Symbol&quot;,&quot;469769242&quot;:[8226],&quot;469777803&quot;:&quot;left&quot;,&quot;469777804&quot;:&quot;\uf0b7&quot;,&quot;469777815&quot;:&quot;hybridMultilevel&quot;}\" data-aria-posinset=\"2\" data-aria-level=\"1\"><i><span data-contrast=\"auto\">El especialista Erick Ruiz imparti\u00f3 conferencia virtual sobre el tema<\/span><\/i><span data-ccp-props=\"{&quot;134233117&quot;:false,&quot;134233118&quot;:false,&quot;201341983&quot;:0,&quot;335559738&quot;:0,&quot;335559739&quot;:0,&quot;335559740&quot;:240}\">\u00a0<\/span><\/li>\n<\/ul>\n<p><span data-ccp-props=\"{&quot;134233117&quot;:false,&quot;134233118&quot;:false,&quot;201341983&quot;:0,&quot;335559738&quot;:0,&quot;335559739&quot;:0,&quot;335559740&quot;:240}\">\u00a0<\/span><\/p>\n<div id=\"attachment_159269\" style=\"width: 732px\" class=\"wp-caption aligncenter\"><img loading=\"lazy\" decoding=\"async\" aria-describedby=\"caption-attachment-159269\" class=\"size-full wp-image-159269\" src=\"https:\/\/www.uv.mx\/prensa\/files\/2025\/09\/260825-DAVID-Conferencia-Bioetica-geriatrica-8vo-foro-internacional-1-100k.jpg\" alt=\"La conferencia virtual fue impartida por el m\u00e9dico Erick Ruiz Moya, cuya \u00e1rea de especializaci\u00f3n es la geriatr\u00eda \" width=\"722\" height=\"410\" srcset=\"https:\/\/www.uv.mx\/prensa\/files\/2025\/09\/260825-DAVID-Conferencia-Bioetica-geriatrica-8vo-foro-internacional-1-100k.jpg 722w, https:\/\/www.uv.mx\/prensa\/files\/2025\/09\/260825-DAVID-Conferencia-Bioetica-geriatrica-8vo-foro-internacional-1-100k-300x170.jpg 300w\" sizes=\"auto, (max-width: 722px) 100vw, 722px\" \/><p id=\"caption-attachment-159269\" class=\"wp-caption-text\">La conferencia virtual fue impartida por el m\u00e9dico Erick Ruiz Moya, cuya \u00e1rea de especializaci\u00f3n es la geriatr\u00eda<\/p><\/div>\n<p>&nbsp;<\/p>\n<p><b><i><span data-contrast=\"auto\">David Sandoval Rodr\u00edguez<\/span><\/i><\/b><span data-ccp-props=\"{&quot;134233117&quot;:false,&quot;134233118&quot;:false,&quot;201341983&quot;:0,&quot;335559738&quot;:0,&quot;335559739&quot;:0,&quot;335559740&quot;:240}\">\u00a0<\/span><\/p>\n<p><b><i><span data-contrast=\"auto\">Fotos: C\u00e9sar Pisil Ramos<\/span><\/i><\/b><\/p>\n<p><b><i><span data-contrast=\"auto\">04\/09\/2025, Xalapa, Ver.<\/span><\/i><\/b><span data-contrast=\"auto\">&#8211; M\u00e9xico experimenta un envejecimiento poblacional in\u00e9dito en su historia, por ello se hace necesario contar con los conocimientos adecuados para atender a esta poblaci\u00f3n sin vulnerar sus derechos humanos ni su dignidad, plante\u00f3 Erick Ruiz Moya, m\u00e9dico especialista en salud p\u00fablica y bio\u00e9tica por la Universidad de Zacatecas, instructor reconocido por la Harvard Medical School y director del Centro de Longevidad en Xalapa.<\/span><span data-ccp-props=\"{&quot;134233117&quot;:false,&quot;134233118&quot;:false,&quot;201341983&quot;:0,&quot;335559738&quot;:0,&quot;335559739&quot;:0,&quot;335559740&quot;:240}\">\u00a0<\/span><\/p>\n<p><span data-contrast=\"auto\">El especialista imparti\u00f3 la conferencia \u201cBio\u00e9tica geri\u00e1trica\u201d como parte del 8vo Foro Internacional de Educaci\u00f3n M\u00e9dica y Derechos Humanos y 1er Encuentro Veracruzano de Educaci\u00f3n M\u00e9dica, organizado por el Observatorio de Buenas Pr\u00e1cticas en Educaci\u00f3n M\u00e9dica (<\/span><i><span data-contrast=\"auto\">Obeme)<\/span><\/i><span data-contrast=\"auto\"> de la Universidad Veracruzana (UV), en colaboraci\u00f3n con la Asociaci\u00f3n Mexicana de Facultades y Escuelas de Medicina (AMFEM) regi\u00f3n Sureste y la Academia Nacional de Educaci\u00f3n M\u00e9dica y DPC de M\u00e9xico (<\/span><i><span data-contrast=\"auto\">Acanemed<\/span><\/i><span data-contrast=\"auto\">), cap\u00edtulo Veracruz.<\/span><span data-ccp-props=\"{&quot;134233117&quot;:false,&quot;134233118&quot;:false,&quot;201341983&quot;:0,&quot;335559731&quot;:705,&quot;335559738&quot;:0,&quot;335559739&quot;:0,&quot;335559740&quot;:240}\">\u00a0<\/span><\/p>\n<p><span data-contrast=\"auto\">Con m\u00e1s de una d\u00e9cada de experiencia en geriatr\u00eda, Ruiz Moya comparti\u00f3 parte de su libro, tambi\u00e9n titulado <\/span><i><span data-contrast=\"auto\">Bio\u00e9tica geri\u00e1trica<\/span><\/i><span data-contrast=\"auto\">, en el que promueve la educaci\u00f3n en salud como un pilar fundamental para la atenci\u00f3n del adulto mayor.<\/span><span data-ccp-props=\"{&quot;134233117&quot;:false,&quot;134233118&quot;:false,&quot;201341983&quot;:0,&quot;335559731&quot;:705,&quot;335559738&quot;:0,&quot;335559739&quot;:0,&quot;335559740&quot;:240}\">\u00a0<\/span><\/p>\n<p><span data-contrast=\"auto\">\u201cEstamos en un tiempo de uni\u00f3n, la transversalidad tiene que darse en todos los sectores de la salud y la geriatr\u00eda es un punto importante dentro del tema de los derechos humanos\u201d, puntualiz\u00f3.<\/span><span data-ccp-props=\"{&quot;134233117&quot;:false,&quot;134233118&quot;:false,&quot;201341983&quot;:0,&quot;335559731&quot;:705,&quot;335559738&quot;:0,&quot;335559739&quot;:0,&quot;335559740&quot;:240}\">\u00a0<\/span><\/p>\n<p><span data-contrast=\"auto\">Los trabajadores de la salud deben tomar en cuenta el envejecimiento poblacional, que en M\u00e9xico se considera acelerado por determinantes sociales relacionados con el abandono, la pobreza, las condiciones de marginaci\u00f3n y la salud mental.<\/span><\/p>\n<div id=\"attachment_159270\" style=\"width: 732px\" class=\"wp-caption aligncenter\"><img loading=\"lazy\" decoding=\"async\" aria-describedby=\"caption-attachment-159270\" class=\"size-full wp-image-159270\" src=\"https:\/\/www.uv.mx\/prensa\/files\/2025\/09\/260825-DAVID-Conferencia-Bioetica-geriatrica-8vo-foro-internacional-2-100k.jpg\" alt=\"Ruiz Moya dijo que est\u00e1 ocurriendo una transici\u00f3n del concepto de vejez hacia m\u00faltiples vejeces \" width=\"722\" height=\"430\" srcset=\"https:\/\/www.uv.mx\/prensa\/files\/2025\/09\/260825-DAVID-Conferencia-Bioetica-geriatrica-8vo-foro-internacional-2-100k.jpg 722w, https:\/\/www.uv.mx\/prensa\/files\/2025\/09\/260825-DAVID-Conferencia-Bioetica-geriatrica-8vo-foro-internacional-2-100k-300x179.jpg 300w\" sizes=\"auto, (max-width: 722px) 100vw, 722px\" \/><p id=\"caption-attachment-159270\" class=\"wp-caption-text\">Ruiz Moya dijo que est\u00e1 ocurriendo una transici\u00f3n del concepto de vejez hacia m\u00faltiples vejeces<\/p><\/div>\n<p>&nbsp;<\/p>\n<p><span data-contrast=\"auto\">Su propuesta plantea un enfoque integral desde la salud f\u00edsica, transitando de un modelo de atenci\u00f3n paternalista hacia un modelo que busca atender otros elementos como la demanda de los sistemas de salud y los requerimientos existenciales de este grupo etario.<\/span><span data-ccp-props=\"{&quot;134233117&quot;:false,&quot;134233118&quot;:false,&quot;201341983&quot;:0,&quot;335559731&quot;:705,&quot;335559738&quot;:0,&quot;335559739&quot;:0,&quot;335559740&quot;:240}\">\u00a0<\/span><\/p>\n<p><span data-contrast=\"auto\">\u201cHoy en d\u00eda se habla de vejeces, de adultos mayores, considerando que son personas las que atienden a personas, dado que no existe una forma \u00fanica de envejecer y la vejez es atravesada por m\u00faltiples factores\u201d, agreg\u00f3.<\/span><span data-ccp-props=\"{&quot;134233117&quot;:false,&quot;134233118&quot;:false,&quot;201341983&quot;:0,&quot;335559731&quot;:705,&quot;335559738&quot;:0,&quot;335559739&quot;:0,&quot;335559740&quot;:240}\">\u00a0<\/span><\/p>\n<p><span data-contrast=\"auto\">Un tema muy importante para tener presente es el nivel socioecon\u00f3mico, el acceso a los servicios y considerar las vejeces diversas porque \u201ces hablar de inclusi\u00f3n, lo que implica atenci\u00f3n digna para todas las personas en esta condici\u00f3n\u201d.<\/span><span data-ccp-props=\"{&quot;134233117&quot;:false,&quot;134233118&quot;:false,&quot;201341983&quot;:0,&quot;335559731&quot;:705,&quot;335559738&quot;:0,&quot;335559739&quot;:0,&quot;335559740&quot;:240}\">\u00a0<\/span><\/p>\n<p><span data-contrast=\"auto\">Precis\u00f3 que la bio\u00e9tica geri\u00e1trica analiza los dilemas \u00e9ticos relacionados con la atenci\u00f3n, el bienestar y los derechos de las personas mayores.<\/span><span data-ccp-props=\"{&quot;134233117&quot;:false,&quot;134233118&quot;:false,&quot;201341983&quot;:0,&quot;335559731&quot;:705,&quot;335559738&quot;:0,&quot;335559739&quot;:0,&quot;335559740&quot;:240}\">\u00a0<\/span><\/p>\n<p><span data-contrast=\"auto\">\u201cEn geriatr\u00eda, la bio\u00e9tica va m\u00e1s all\u00e1 de la simple toma de decisiones cl\u00ednicas, aborda la calidad de vida, la autonom\u00eda, la justicia y el respeto a la identidad personal para poder equilibrar tres dimensiones: biol\u00f3gica, psicol\u00f3gica y espiritual-humanista\u201d.<\/span><\/p>\n<div id=\"attachment_159271\" style=\"width: 732px\" class=\"wp-caption aligncenter\"><img loading=\"lazy\" decoding=\"async\" aria-describedby=\"caption-attachment-159271\" class=\"size-full wp-image-159271\" src=\"https:\/\/www.uv.mx\/prensa\/files\/2025\/09\/260825-DAVID-Conferencia-Bioetica-geriatrica-8vo-foro-internacional-3-100k.jpg\" alt=\"El ponente destac\u00f3 que la bio\u00e9tica geri\u00e1trica tiene como prop\u00f3sito el respeto a la identidad y dignidad de la persona adulta mayor \" width=\"722\" height=\"459\" srcset=\"https:\/\/www.uv.mx\/prensa\/files\/2025\/09\/260825-DAVID-Conferencia-Bioetica-geriatrica-8vo-foro-internacional-3-100k.jpg 722w, https:\/\/www.uv.mx\/prensa\/files\/2025\/09\/260825-DAVID-Conferencia-Bioetica-geriatrica-8vo-foro-internacional-3-100k-300x191.jpg 300w\" sizes=\"auto, (max-width: 722px) 100vw, 722px\" \/><p id=\"caption-attachment-159271\" class=\"wp-caption-text\">El ponente destac\u00f3 que la bio\u00e9tica geri\u00e1trica tiene como prop\u00f3sito el respeto a la identidad y dignidad de la persona adulta mayor<\/p><\/div>\n<p>&nbsp;<\/p>\n<p><span data-contrast=\"auto\">Recalc\u00f3 que al paciente se le debe incluir en la toma de decisiones, brindar respeto a las preferencias personales sobre tratamientos, cuidados paliativos o el final de la vida.<\/span><span data-ccp-props=\"{&quot;134233117&quot;:false,&quot;134233118&quot;:false,&quot;201341983&quot;:0,&quot;335559731&quot;:705,&quot;335559738&quot;:0,&quot;335559739&quot;:0,&quot;335559740&quot;:240}\">\u00a0<\/span><\/p>\n<p><span data-contrast=\"auto\">El enfoque humanista en la bio\u00e9tica geri\u00e1trica considera a la persona mayor como un ser integral; su esencia se centra en reconocer y respetar la dignidad intr\u00ednseca de cada individuo; la persona est\u00e1 por encima de la enfermedad y su cuidado debe ser relacional, dado que la salud se construye en el v\u00ednculo con familiares, cuidadores y comunidad, asever\u00f3 Erick Ruiz.<\/span><span data-ccp-props=\"{&quot;134233117&quot;:false,&quot;134233118&quot;:false,&quot;201341983&quot;:0,&quot;335559731&quot;:705,&quot;335559738&quot;:0,&quot;335559739&quot;:0,&quot;335559740&quot;:240}\">\u00a0<\/span><\/p>\n<p><span data-contrast=\"auto\">Dijo adem\u00e1s que en la vejez el desarrollo individual no se detiene, se transforma, y la bio\u00e9tica geri\u00e1trica la considera como una etapa activa de la construcci\u00f3n del ser, a partir de una resignificaci\u00f3n, el aceptar cambios y dar un nuevo sentido ante los l\u00edmites f\u00edsicos.<\/span><span data-ccp-props=\"{&quot;134233117&quot;:false,&quot;134233118&quot;:false,&quot;201341983&quot;:0,&quot;335559731&quot;:705,&quot;335559738&quot;:0,&quot;335559739&quot;:0,&quot;335559740&quot;:240}\">\u00a0<\/span><\/p>\n<p><span data-contrast=\"auto\">Se busca que la aplicaci\u00f3n de la bio\u00e9tica geri\u00e1trica en hospitales, residencias y consultorios facilite elaborar planes de atenci\u00f3n especializados, formar profesionales con competencias \u00e9ticas y relacionales, as\u00ed como dise\u00f1ar programas que integren las dimensiones de cuerpo, mente, emociones y espiritualidad.<\/span><span data-ccp-props=\"{&quot;134233117&quot;:false,&quot;134233118&quot;:false,&quot;201341983&quot;:0,&quot;335559731&quot;:705,&quot;335559738&quot;:0,&quot;335559739&quot;:0,&quot;335559740&quot;:240}\">\u00a0<\/span><\/p>\n","protected":false},"excerpt":{"rendered":"<p>La bio\u00e9tica geri\u00e1trica se debe de integrar a la formaci\u00f3n de los profesionales de la salud <\/p>\n","protected":false},"author":1775,"featured_media":159272,"comment_status":"closed","ping_status":"closed","sticky":false,"template":"","format":"standard","meta":{"footnotes":""},"categories":[1,15424,61],"tags":[26946,26947,6251,6250,26943,26948,26942,6263,591,4159,1327,14456,26656,26940,5991,22567,26949,21308,26944,26945,26941],"class_list":["post-159318","post","type-post","status-publish","format-standard","has-post-thumbnail","hentry","category-general","category-planta-academica","category-banner","tag-academia-nacional-de-educacion-medica-y-dpc-de-mexico","tag-acanemed","tag-amfem","tag-asociacion-mexicana-de-facultades-y-escuelas-de-medicina","tag-bioetica-geriatrica","tag-capitulo-veracruz","tag-centro-de-longevidad-en-xalapa","tag-cesar-pisil-ramos","tag-conferencia","tag-david-sandoval-rodriguez","tag-derechos-humanos","tag-educacion-medica","tag-encuentro-veracruzano","tag-erick-ruiz-moya","tag-foro-internacional","tag-harvard-medical-school","tag-libro-bioetica-geriatrica","tag-obeme","tag-observatorio-de-buenas-practicas-en-educacion-medica","tag-region-sureste","tag-universidad-de-zacatecas"],"_links":{"self":[{"href":"https:\/\/www.uv.mx\/prensa\/wp-json\/wp\/v2\/posts\/159318","targetHints":{"allow":["GET"]}}],"collection":[{"href":"https:\/\/www.uv.mx\/prensa\/wp-json\/wp\/v2\/posts"}],"about":[{"href":"https:\/\/www.uv.mx\/prensa\/wp-json\/wp\/v2\/types\/post"}],"author":[{"embeddable":true,"href":"https:\/\/www.uv.mx\/prensa\/wp-json\/wp\/v2\/users\/1775"}],"replies":[{"embeddable":true,"href":"https:\/\/www.uv.mx\/prensa\/wp-json\/wp\/v2\/comments?post=159318"}],"version-history":[{"count":1,"href":"https:\/\/www.uv.mx\/prensa\/wp-json\/wp\/v2\/posts\/159318\/revisions"}],"predecessor-version":[{"id":159319,"href":"https:\/\/www.uv.mx\/prensa\/wp-json\/wp\/v2\/posts\/159318\/revisions\/159319"}],"wp:featuredmedia":[{"embeddable":true,"href":"https:\/\/www.uv.mx\/prensa\/wp-json\/wp\/v2\/media\/159272"}],"wp:attachment":[{"href":"https:\/\/www.uv.mx\/prensa\/wp-json\/wp\/v2\/media?parent=159318"}],"wp:term":[{"taxonomy":"category","embeddable":true,"href":"https:\/\/www.uv.mx\/prensa\/wp-json\/wp\/v2\/categories?post=159318"},{"taxonomy":"post_tag","embeddable":true,"href":"https:\/\/www.uv.mx\/prensa\/wp-json\/wp\/v2\/tags?post=159318"}],"curies":[{"name":"wp","href":"https:\/\/api.w.org\/{rel}","templated":true}]}}