{"id":159255,"date":"2025-09-03T20:44:31","date_gmt":"2025-09-04T01:44:31","guid":{"rendered":"https:\/\/www.uv.mx\/prensa\/?p=159255"},"modified":"2025-09-03T20:44:31","modified_gmt":"2025-09-04T01:44:31","slug":"uv-celebra-15-anos-de-la-biblioteca-digital-de-humanidades","status":"publish","type":"post","link":"https:\/\/www.uv.mx\/prensa\/general\/uv-celebra-15-anos-de-la-biblioteca-digital-de-humanidades\/","title":{"rendered":"UV celebra 15 a\u00f1os de la Biblioteca Digital de Humanidades"},"content":{"rendered":"<ul>\n<li data-leveltext=\"\uf0b7\" data-font=\"Symbol\" data-listid=\"3\" data-list-defn-props=\"{&quot;335552541&quot;:1,&quot;335559685&quot;:720,&quot;335559991&quot;:360,&quot;469769226&quot;:&quot;Symbol&quot;,&quot;469769242&quot;:[8226],&quot;469777803&quot;:&quot;left&quot;,&quot;469777804&quot;:&quot;\uf0b7&quot;,&quot;469777815&quot;:&quot;hybridMultilevel&quot;}\" data-aria-posinset=\"1\" data-aria-level=\"1\"><i><span data-contrast=\"auto\">Autores, colaboradores e integrantes de la BDH participan en actividades conmemorativas\u00a0<\/span><\/i><span data-ccp-props=\"{&quot;134233117&quot;:false,&quot;134233118&quot;:false,&quot;201341983&quot;:0,&quot;335559738&quot;:0,&quot;335559739&quot;:0,&quot;335559740&quot;:240}\">\u00a0<\/span><\/li>\n<\/ul>\n<ul>\n<li data-leveltext=\"\uf0b7\" data-font=\"Symbol\" data-listid=\"3\" data-list-defn-props=\"{&quot;335552541&quot;:1,&quot;335559685&quot;:720,&quot;335559991&quot;:360,&quot;469769226&quot;:&quot;Symbol&quot;,&quot;469769242&quot;:[8226],&quot;469777803&quot;:&quot;left&quot;,&quot;469777804&quot;:&quot;\uf0b7&quot;,&quot;469777815&quot;:&quot;hybridMultilevel&quot;}\" data-aria-posinset=\"2\" data-aria-level=\"1\"><i><span data-contrast=\"auto\">Desde 2010 ofrece una colecci\u00f3n de obras multidisciplinares con consulta y descarga gratuita<\/span><\/i><span data-ccp-props=\"{&quot;134233117&quot;:false,&quot;134233118&quot;:false,&quot;201341983&quot;:0,&quot;335559738&quot;:0,&quot;335559739&quot;:0,&quot;335559740&quot;:240}\">\u00a0<\/span><\/li>\n<\/ul>\n<p><span data-ccp-props=\"{&quot;134233117&quot;:false,&quot;134233118&quot;:false,&quot;201341983&quot;:0,&quot;335559738&quot;:0,&quot;335559739&quot;:0,&quot;335559740&quot;:240}\">\u00a0<\/span><\/p>\n<div id=\"attachment_159235\" style=\"width: 732px\" class=\"wp-caption aligncenter\"><img loading=\"lazy\" decoding=\"async\" aria-describedby=\"caption-attachment-159235\" class=\"size-full wp-image-159235\" src=\"https:\/\/www.uv.mx\/prensa\/files\/2025\/09\/030925-DAVID-Mesa-que-es-la-BDH-festejos-15-aniversario-1.jpg\" alt=\"En el Sal\u00f3n Azul de Humanidades iniciaron los festejos del decimoquinto aniversario de la Biblioteca Digital de Humanidades \" width=\"722\" height=\"410\" srcset=\"https:\/\/www.uv.mx\/prensa\/files\/2025\/09\/030925-DAVID-Mesa-que-es-la-BDH-festejos-15-aniversario-1.jpg 722w, https:\/\/www.uv.mx\/prensa\/files\/2025\/09\/030925-DAVID-Mesa-que-es-la-BDH-festejos-15-aniversario-1-300x170.jpg 300w\" sizes=\"auto, (max-width: 722px) 100vw, 722px\" \/><p id=\"caption-attachment-159235\" class=\"wp-caption-text\">En el Sal\u00f3n Azul de Humanidades iniciaron los festejos del decimoquinto aniversario de la Biblioteca Digital de Humanidades<\/p><\/div>\n<p>&nbsp;<\/p>\n<p><b><i><span data-contrast=\"auto\">David Sandoval Rodr\u00edguez<\/span><\/i><\/b><span data-ccp-props=\"{&quot;134233117&quot;:false,&quot;134233118&quot;:false,&quot;201341983&quot;:0,&quot;335559738&quot;:0,&quot;335559739&quot;:0,&quot;335559740&quot;:240}\">\u00a0<\/span><\/p>\n<p><b><i><span data-contrast=\"auto\">Fotos: C\u00e9sar Pisil Ramos<\/span><\/i><\/b><\/p>\n<p><b><i><span data-contrast=\"auto\">03\/09\/2025, Xalapa, Ver.-<\/span><\/i><\/b><span data-contrast=\"auto\"> La Biblioteca Digital de Humanidades (BDH) de la Universidad Veracruzana (UV) celebra los d\u00edas 3 y 4 de septiembre, su decimoquinto aniversario con una serie de actividades que iniciaron con la inauguraci\u00f3n formal de los festejos y la mesa \u201c\u00bfQu\u00e9 es la Biblioteca Digital de Humanidades?\u201d.<\/span><span data-ccp-props=\"{&quot;134233117&quot;:false,&quot;134233118&quot;:false,&quot;201341983&quot;:0,&quot;335559738&quot;:0,&quot;335559739&quot;:0,&quot;335559740&quot;:240}\">\u00a0<\/span><\/p>\n<p><span data-contrast=\"auto\">En el Sal\u00f3n Azul de la Unidad de Humanidades participaron en el evento: Yolanda Gonz\u00e1lez Molohua, directora general del \u00c1rea Acad\u00e9mica de Humanidades; Roc\u00edo L\u00f3pez Gonz\u00e1lez, coordinadora del Centro de Investigaci\u00f3n e Innovaci\u00f3n en Educaci\u00f3n Superior (CIIES), y Luis C\u00e9sar Gonz\u00e1lez Pardo, coordinador editorial de la BDH.<\/span><span data-ccp-props=\"{&quot;134233117&quot;:false,&quot;134233118&quot;:false,&quot;201341983&quot;:0,&quot;335559731&quot;:705,&quot;335559738&quot;:0,&quot;335559739&quot;:0,&quot;335559740&quot;:240}\">\u00a0<\/span><\/p>\n<p><span data-contrast=\"auto\">Al iniciar el encuentro, Gonz\u00e1lez Molohua dijo que esta biblioteca cuenta con un acervo muy particular, sustentado en la propuesta editorial nacida en 2010 desde las humanidades, que busca incorporar diversas disciplinas, facilitando su acceso no s\u00f3lo a la comunidad estudiantil de la m\u00e1xima casa de estudios sino de la sociedad en general, a trav\u00e9s de un cat\u00e1logo de obras caracterizadas por su enfoque claro y accesible.<\/span><span data-ccp-props=\"{&quot;134233117&quot;:false,&quot;134233118&quot;:false,&quot;201341983&quot;:0,&quot;335559731&quot;:705,&quot;335559738&quot;:0,&quot;335559739&quot;:0,&quot;335559740&quot;:240}\">\u00a0<\/span><\/p>\n<p><span data-contrast=\"auto\">Cuenta adem\u00e1s con el respaldo y el apoyo de la Editorial UV, la Secretar\u00eda Acad\u00e9mica y la Secretar\u00eda de Desarrollo Institucional, apunt\u00f3 la funcionaria, compartiendo la liga a dicho portal: <\/span><a href=\"https:\/\/www.uv.mx\/bdh\/\"><span data-contrast=\"none\">https:\/\/www.uv.mx\/bdh\/<\/span><\/a><span data-ccp-props=\"{&quot;134233117&quot;:false,&quot;134233118&quot;:false,&quot;201341983&quot;:0,&quot;335559731&quot;:705,&quot;335559738&quot;:0,&quot;335559739&quot;:0,&quot;335559740&quot;:240}\">\u00a0<\/span><\/p>\n<p><span data-contrast=\"auto\">\u201cTenemos una relaci\u00f3n directa con las entidades, es decir, con las facultades, los centros y los institutos que se interesan en publicar con nosotros; la publicaci\u00f3n pasa por todo un proceso de revisi\u00f3n que conocemos como arbitraje: se hace una evaluaci\u00f3n de todos los trabajos que ah\u00ed llegan y se revisan a doble ciego, se eligen los id\u00f3neos y entonces se posibilita su publicaci\u00f3n\u201d, agreg\u00f3.<\/span><\/p>\n<div id=\"attachment_159236\" style=\"width: 732px\" class=\"wp-caption aligncenter\"><img loading=\"lazy\" decoding=\"async\" aria-describedby=\"caption-attachment-159236\" class=\"size-full wp-image-159236\" src=\"https:\/\/www.uv.mx\/prensa\/files\/2025\/09\/030925-DAVID-Mesa-que-es-la-BDH-festejos-15-aniversario-2.jpg\" alt=\"Yolanda Gonz\u00e1lez, titular del \u00c1rea Acad\u00e9mica de Humanidades, destac\u00f3 el trabajo de edici\u00f3n y selecci\u00f3n del comit\u00e9 editorial \" width=\"722\" height=\"299\" \/><p id=\"caption-attachment-159236\" class=\"wp-caption-text\">Yolanda Gonz\u00e1lez, titular del \u00c1rea Acad\u00e9mica de Humanidades, destac\u00f3 el trabajo de edici\u00f3n y selecci\u00f3n del comit\u00e9 editorial<\/p><\/div>\n<p>&nbsp;<\/p>\n<p><span data-contrast=\"auto\">Recalc\u00f3 la importancia de que las y los acad\u00e9micos conozcan de este acervo porque contiene \u201clibros muy interesantes del \u00e1rea de humanidades y tambi\u00e9n multidisciplinarios, los estudiantes los pueden consultar sin costo, tambi\u00e9n pueden imprimirlos, la p\u00e1gina siempre est\u00e1 disponible\u201d.<\/span><span data-ccp-props=\"{&quot;134233117&quot;:false,&quot;134233118&quot;:false,&quot;201341983&quot;:0,&quot;335559731&quot;:705,&quot;335559738&quot;:0,&quot;335559739&quot;:0,&quot;335559740&quot;:240}\">\u00a0<\/span><\/p>\n<p><span data-contrast=\"auto\">Gonz\u00e1lez Pardo coment\u00f3 que el comit\u00e9 editorial procura la confluencia de disciplinas, publicando investigaciones serias y de calidad, considerando la accesibilidad que permite el soporte digital y el formato electr\u00f3nico, disponible tambi\u00e9n para descarga gratuita.<\/span><span data-ccp-props=\"{&quot;134233117&quot;:false,&quot;134233118&quot;:false,&quot;201341983&quot;:0,&quot;335559731&quot;:705,&quot;335559738&quot;:0,&quot;335559739&quot;:0,&quot;335559740&quot;:240}\">\u00a0<\/span><\/p>\n<p><span data-contrast=\"auto\">\u201cDentro de los intereses que tiene la Biblioteca est\u00e1 justo procurar la multidisciplinariedad y buscar c\u00f3mo hacerlo tambi\u00e9n desde un enfoque que permita que el p\u00fablico al que se dirige la biblioteca no sea necesariamente especialista en una rama espec\u00edfica de las humanidades, sino que sean investigaciones serias, con buena calidad y buen nivel, pero que tengan una discursividad m\u00e1s amplia para que pueda llegar precisamente a un p\u00fablico m\u00e1s grande\u201d.<\/span><span data-ccp-props=\"{&quot;134233117&quot;:false,&quot;134233118&quot;:false,&quot;201341983&quot;:0,&quot;335559731&quot;:705,&quot;335559738&quot;:0,&quot;335559739&quot;:0,&quot;335559740&quot;:240}\">\u00a0<\/span><\/p>\n<p><span data-contrast=\"auto\">Roc\u00edo L\u00f3pez dijo que entre la comunidad acad\u00e9mica la BDH se considera como un espacio de rigor y prestigio; \u201cdesde 2021 he tenido la oportunidad de publicar en la Biblioteca Digital de Humanidades y siempre nos ha parecido un espacio de calidad, de prestigio acad\u00e9mico\u201d.<\/span><span data-ccp-props=\"{&quot;134233117&quot;:false,&quot;134233118&quot;:false,&quot;201341983&quot;:0,&quot;335559731&quot;:705,&quot;335559738&quot;:0,&quot;335559739&quot;:0,&quot;335559740&quot;:240}\">\u00a0<\/span><\/p>\n<p><span data-contrast=\"auto\">Con respecto a su labor al interior del comit\u00e9 editorial, destac\u00f3 el trabajo colegiado, cuya funci\u00f3n es definir acuerdos y lineamientos para la publicaci\u00f3n de las investigaciones que integran la colecci\u00f3n.<\/span><\/p>\n<div id=\"attachment_159237\" style=\"width: 732px\" class=\"wp-caption aligncenter\"><img loading=\"lazy\" decoding=\"async\" aria-describedby=\"caption-attachment-159237\" class=\"size-full wp-image-159237\" src=\"https:\/\/www.uv.mx\/prensa\/files\/2025\/09\/030925-DAVID-Mesa-que-es-la-BDH-festejos-15-aniversario-3.jpg\" alt=\"Roc\u00edo L\u00f3pez, coordinadora del CIIES e integrante del comit\u00e9 editorial la BDH, dijo que es considerada un espacio de calidad y prestigio entre los acad\u00e9micos UV \" width=\"722\" height=\"360\" srcset=\"https:\/\/www.uv.mx\/prensa\/files\/2025\/09\/030925-DAVID-Mesa-que-es-la-BDH-festejos-15-aniversario-3.jpg 722w, https:\/\/www.uv.mx\/prensa\/files\/2025\/09\/030925-DAVID-Mesa-que-es-la-BDH-festejos-15-aniversario-3-300x150.jpg 300w\" sizes=\"auto, (max-width: 722px) 100vw, 722px\" \/><p id=\"caption-attachment-159237\" class=\"wp-caption-text\">Roc\u00edo L\u00f3pez, coordinadora del CIIES e integrante del comit\u00e9 editorial la BDH, dijo que es considerada un espacio de calidad y prestigio entre los acad\u00e9micos UV<\/p><\/div>\n<p>&nbsp;<\/p>\n<p><span data-contrast=\"auto\">Asimismo, se busca la colaboraci\u00f3n con acad\u00e9micos e investigadores de otras instituciones, facilitando as\u00ed la publicaci\u00f3n de obras realizadas en conjunto con la Universidad Aut\u00f3noma Metropolitana y la Universidad Nacional de Educaci\u00f3n a Distancia, entre otras.<\/span><span data-ccp-props=\"{&quot;134233117&quot;:false,&quot;134233118&quot;:false,&quot;201341983&quot;:0,&quot;335559731&quot;:705,&quot;335559738&quot;:0,&quot;335559739&quot;:0,&quot;335559740&quot;:240}\">\u00a0<\/span><\/p>\n<p><span data-contrast=\"auto\">\u201cLa Biblioteca Digital de Humanidades la integran 86 libros de diversos campos que pueden consultarse de manera gratuita en cualquier momento, son de diversas tem\u00e1ticas que ojal\u00e1 puedan promover en sus estudiantes porque a veces desconocen lo que es la biblioteca y creo que es importante comunic\u00e1rselos, sobre todo a quienes est\u00e1n haciendo tesis porque seguramente les ser\u00e1n de gran utilidad. En cada uno de los libros est\u00e1n los datos de los autores y las autoras, pueden contactarlos sin problema para el desarrollo de esas investigaciones\u201d, expres\u00f3 la investigadora.<\/span><span data-ccp-props=\"{&quot;134233117&quot;:false,&quot;134233118&quot;:false,&quot;201341983&quot;:0,&quot;335559731&quot;:705,&quot;335559738&quot;:0,&quot;335559739&quot;:0,&quot;335559740&quot;:240}\">\u00a0<\/span><\/p>\n","protected":false},"excerpt":{"rendered":"<p>El programa de actividades puede consultarse en: www.uv.mx\/bdh o en redes sociales Facebook: uv.bdh e Instagram: @bdh.uv <\/p>\n","protected":false},"author":1775,"featured_media":159240,"comment_status":"closed","ping_status":"closed","sticky":false,"template":"","format":"standard","meta":{"footnotes":""},"categories":[1,15424,61],"tags":[998,997,1627,6263,1628,4159,999,156,26879,1284,5291,5876,2459,6017,4827,9019],"class_list":["post-159255","post","type-post","status-publish","format-standard","has-post-thumbnail","hentry","category-general","category-planta-academica","category-banner","tag-bdh","tag-biblioteca-digital-de-humanidades","tag-centro-de-investigacion-e-innovacion-en-educacion-superior","tag-cesar-pisil-ramos","tag-ciies","tag-david-sandoval-rodriguez","tag-direccion-general-del-area-academica-de-humanidades","tag-editorial-uv","tag-luis-cesar-gonzalez-pardo","tag-mesa","tag-rocio-lopez-gonzalez","tag-salon-azul","tag-secretaria-academica","tag-secretaria-de-desarrollo-institucional","tag-unidad-de-humanidades","tag-yolanda-gonzalez-molohua"],"_links":{"self":[{"href":"https:\/\/www.uv.mx\/prensa\/wp-json\/wp\/v2\/posts\/159255","targetHints":{"allow":["GET"]}}],"collection":[{"href":"https:\/\/www.uv.mx\/prensa\/wp-json\/wp\/v2\/posts"}],"about":[{"href":"https:\/\/www.uv.mx\/prensa\/wp-json\/wp\/v2\/types\/post"}],"author":[{"embeddable":true,"href":"https:\/\/www.uv.mx\/prensa\/wp-json\/wp\/v2\/users\/1775"}],"replies":[{"embeddable":true,"href":"https:\/\/www.uv.mx\/prensa\/wp-json\/wp\/v2\/comments?post=159255"}],"version-history":[{"count":1,"href":"https:\/\/www.uv.mx\/prensa\/wp-json\/wp\/v2\/posts\/159255\/revisions"}],"predecessor-version":[{"id":159256,"href":"https:\/\/www.uv.mx\/prensa\/wp-json\/wp\/v2\/posts\/159255\/revisions\/159256"}],"wp:featuredmedia":[{"embeddable":true,"href":"https:\/\/www.uv.mx\/prensa\/wp-json\/wp\/v2\/media\/159240"}],"wp:attachment":[{"href":"https:\/\/www.uv.mx\/prensa\/wp-json\/wp\/v2\/media?parent=159255"}],"wp:term":[{"taxonomy":"category","embeddable":true,"href":"https:\/\/www.uv.mx\/prensa\/wp-json\/wp\/v2\/categories?post=159255"},{"taxonomy":"post_tag","embeddable":true,"href":"https:\/\/www.uv.mx\/prensa\/wp-json\/wp\/v2\/tags?post=159255"}],"curies":[{"name":"wp","href":"https:\/\/api.w.org\/{rel}","templated":true}]}}