{"id":159161,"date":"2025-09-02T14:24:53","date_gmt":"2025-09-02T19:24:53","guid":{"rendered":"https:\/\/www.uv.mx\/prensa\/?p=159161"},"modified":"2025-09-02T14:24:53","modified_gmt":"2025-09-02T19:24:53","slug":"cuevas-de-veracruz-albergan-reservorios-de-biodiversidad-de-vertebrados","status":"publish","type":"post","link":"https:\/\/www.uv.mx\/prensa\/general\/cuevas-de-veracruz-albergan-reservorios-de-biodiversidad-de-vertebrados\/","title":{"rendered":"Cuevas de Veracruz albergan reservorios de biodiversidad de vertebrados"},"content":{"rendered":"<ul>\n<li><em><span class=\"TextRun SCXW100366952 BCX0\" lang=\"ES-MX\" xml:lang=\"ES-MX\" data-contrast=\"auto\"><span class=\"NormalTextRun SCXW100366952 BCX0\">Alberto Hern\u00e1ndez Lozano, egresado de Doctorado en Biolog\u00eda Integrativa de la UV,<\/span><span class=\"NormalTextRun SCXW100366952 BCX0\"> estudi\u00f3 la manera en que<\/span><span class=\"NormalTextRun SCXW100366952 BCX0\"> mam\u00edferos, aves, anfibios, reptiles y peces nativos se ven influenciados por origen d<\/span><span class=\"NormalTextRun SCXW100366952 BCX0\">e cuevas k\u00e1rsticas y<\/span><span class=\"NormalTextRun SCXW100366952 BCX0\"> volc\u00e1nicas<\/span><\/span><span class=\"EOP SCXW100366952 BCX0\" data-ccp-props=\"{&quot;201341983&quot;:0,&quot;335559739&quot;:0,&quot;335559740&quot;:240}\">\u00a0<\/span><\/em><\/li>\n<\/ul>\n<div id=\"attachment_159074\" style=\"width: 732px\" class=\"wp-caption aligncenter\"><img loading=\"lazy\" decoding=\"async\" aria-describedby=\"caption-attachment-159074\" class=\"size-full wp-image-159074\" src=\"https:\/\/www.uv.mx\/prensa\/files\/2025\/09\/010925-COUTTOLENC-Diversidad-vertebrados-1.jpg\" alt=\"\" width=\"722\" height=\"481\" \/><p id=\"caption-attachment-159074\" class=\"wp-caption-text\">Alberto Hern\u00e1ndez Lozano realiz\u00f3 investigaci\u00f3n sobre riqueza y abundancia de vertebrados en cuevas k\u00e1rsticas y volc\u00e1nicas de la zona centro de Veracruz<\/p><\/div>\n<p>&nbsp;<\/p>\n<p><b><i><span data-contrast=\"auto\">Jos\u00e9 Luis Couttolenc Soto<\/span><\/i><\/b><span data-ccp-props=\"{&quot;201341983&quot;:0,&quot;335559739&quot;:0,&quot;335559740&quot;:240}\">\u00a0<\/span><\/p>\n<p><b><i><span data-contrast=\"auto\">Fotos: Rujiro Hern\u00e1ndez Temis y cortes\u00eda Alberto Hern\u00e1ndez<\/span><\/i><\/b><span data-ccp-props=\"{&quot;201341983&quot;:0,&quot;335559739&quot;:0,&quot;335559740&quot;:240}\">\u00a0<\/span><\/p>\n<p><b><i><span data-contrast=\"auto\">02\/09\/2025, Xalapa, Ver.- <\/span><\/i><\/b><span data-contrast=\"auto\">La regi\u00f3n monta\u00f1osa de la zona centro del estado de Veracruz alberga un extenso sistema de cuevas k\u00e1rsticas y volc\u00e1nicas a\u00fan inexploradas, por lo que a\u00fan se desconocen los vertebrados que habitan en estos ecosistemas subterr\u00e1neos.<\/span><span data-ccp-props=\"{&quot;201341983&quot;:0,&quot;335559739&quot;:0,&quot;335559740&quot;:240}\">\u00a0<\/span><\/p>\n<p><span data-contrast=\"auto\">Debido a ello, Alberto Hern\u00e1ndez Lozano lo eligi\u00f3 como tema para el desarrollo de una investigaci\u00f3n que fue base de su trabajo recepcional del Doctorado en Biolog\u00eda Integrativa que oferta la Universidad Veracruzana (UV).<\/span><span data-ccp-props=\"{&quot;201341983&quot;:0,&quot;335559739&quot;:0,&quot;335559740&quot;:240}\">\u00a0<\/span><\/p>\n<p><span data-contrast=\"auto\">Su estudio le permiti\u00f3 analizar la manera en que la abundancia y diversidad de mam\u00edferos, aves, anfibios, reptiles y peces nativos se ven influenciados por el origen de las cuevas k\u00e1rsticas y volc\u00e1nicas.<\/span><span data-ccp-props=\"{&quot;201341983&quot;:0,&quot;335559731&quot;:708,&quot;335559739&quot;:0,&quot;335559740&quot;:240}\">\u00a0<\/span><\/p>\n<p>&nbsp;<\/p>\n<div id=\"attachment_159075\" style=\"width: 732px\" class=\"wp-caption aligncenter\"><img loading=\"lazy\" decoding=\"async\" aria-describedby=\"caption-attachment-159075\" class=\"size-full wp-image-159075\" src=\"https:\/\/www.uv.mx\/prensa\/files\/2025\/09\/010925-COUTTOLENC-Diversidad-vertebrados-2.jpg\" alt=\"\" width=\"722\" height=\"542\" srcset=\"https:\/\/www.uv.mx\/prensa\/files\/2025\/09\/010925-COUTTOLENC-Diversidad-vertebrados-2.jpg 722w, https:\/\/www.uv.mx\/prensa\/files\/2025\/09\/010925-COUTTOLENC-Diversidad-vertebrados-2-300x225.jpg 300w\" sizes=\"auto, (max-width: 722px) 100vw, 722px\" \/><p id=\"caption-attachment-159075\" class=\"wp-caption-text\">A\u00fan se desconocen los vertebrados que habitan en ecosistemas subterr\u00e1neos de la regi\u00f3n monta\u00f1osa del centro de Veracruz<\/p><\/div>\n<p>&nbsp;<\/p>\n<p><span data-contrast=\"auto\">Evalu\u00f3 la diversidad en tres ambientes (euf\u00f3tico, dif\u00f3tico y af\u00f3tico) de 16 cuevas de diferente <\/span><span data-contrast=\"none\">origen geol\u00f3gico (12 k\u00e1rsticas y cuatro volc\u00e1nicas), distribuidas a lo largo de un gradiente altitudinal de 300 a dos mil 400 metros sobre el nivel del mar (msnm), en donde encontr\u00f3 una riqueza de 242 especies de vertebrados (184 aves, 30 mam\u00edferos, 15 reptiles, 12 anfibios y un pez), y una abundancia total de 11 mil 520 individuos (cuatro mil 969 mam\u00edferos, seis mil 483 aves, 36 reptiles, 27 anfibios y cinco peces).<\/span><span data-ccp-props=\"{&quot;201341983&quot;:0,&quot;335559739&quot;:0,&quot;335559740&quot;:240}\">\u00a0<\/span><\/p>\n<p><span data-contrast=\"none\">El joven posgraduado precis\u00f3 que la riqueza de todas las clases de vertebrados fue mayor en cuevas k\u00e1rsticas que en cuevas volc\u00e1nicas.<\/span><span data-ccp-props=\"{&quot;201341983&quot;:0,&quot;335559739&quot;:0,&quot;335559740&quot;:240}\">\u00a0<\/span><\/p>\n<p><span data-contrast=\"none\">La diversidad de vertebrados dijo, tambi\u00e9n fue mayor en altitudes medias entre 600 y 899 msnm; vari\u00f3 entre ambientes, donde la riqueza de aves y reptiles fue mayor en el ambiente euf\u00f3tico, mientras que la diversidad de mam\u00edferos y anfibios fue mayor en el ambiente af\u00f3tico.<\/span><span data-ccp-props=\"{&quot;201341983&quot;:0,&quot;335559731&quot;:708,&quot;335559739&quot;:0,&quot;335559740&quot;:240}\">\u00a0<\/span><\/p>\n<p>&nbsp;<\/p>\n<div id=\"attachment_159076\" style=\"width: 732px\" class=\"wp-caption aligncenter\"><img loading=\"lazy\" decoding=\"async\" aria-describedby=\"caption-attachment-159076\" class=\"size-full wp-image-159076\" src=\"https:\/\/www.uv.mx\/prensa\/files\/2025\/09\/010925-COUTTOLENC-Diversidad-vertebrados-3.jpg\" alt=\"\" width=\"722\" height=\"542\" srcset=\"https:\/\/www.uv.mx\/prensa\/files\/2025\/09\/010925-COUTTOLENC-Diversidad-vertebrados-3.jpg 722w, https:\/\/www.uv.mx\/prensa\/files\/2025\/09\/010925-COUTTOLENC-Diversidad-vertebrados-3-300x225.jpg 300w\" sizes=\"auto, (max-width: 722px) 100vw, 722px\" \/><p id=\"caption-attachment-159076\" class=\"wp-caption-text\">Salamandra en cueva volc\u00e1nica Aquiloeurycea<\/p><\/div>\n<p>&nbsp;<\/p>\n<p><span data-contrast=\"none\">Explic\u00f3 que la similitud en la composici\u00f3n de las especies de vertebrados no depende de la distancia entre las cuevas k\u00e1rsticas y volc\u00e1nicas; ambas compartieron en promedio hasta el 70 % y el 55 % de dichas especies, lo que indica que solo el 30 % y el 45 % de las mismas son diferentes en cada tipo de cueva, respectivamente.<\/span><span data-ccp-props=\"{&quot;201341983&quot;:0,&quot;335559731&quot;:708,&quot;335559739&quot;:0,&quot;335559740&quot;:240}\">\u00a0<\/span><\/p>\n<p><span data-contrast=\"none\">Dada la vulnerabilidad y fragilidad de estos ecosistemas subterr\u00e1neos, as\u00ed como la importante diversidad que contienen, recomienda incluir las cuevas de la regi\u00f3n central de Veracruz en la agenda de conservaci\u00f3n de los gobiernos locales y las comunidades, pues considera que esto puede ayudar a asegurar la presencia de especies de vertebrados.<\/span><span data-ccp-props=\"{&quot;201341983&quot;:0,&quot;335559731&quot;:708,&quot;335559739&quot;:0,&quot;335559740&quot;:240}\">\u00a0<\/span><\/p>\n<p><span data-contrast=\"none\">Hern\u00e1ndez Lozano refiri\u00f3 que las <\/span><span data-contrast=\"none\">cuevas k\u00e1rsticas y volc\u00e1nicas tienen un valor biol\u00f3gico impl\u00edcito a nivel mundial, ya que contienen entornos y organismos \u00fanicos y complejos, como las especies de vertebrados que pueden habitar estos ecosistemas subterr\u00e1neos.<\/span><span data-ccp-props=\"{&quot;201341983&quot;:0,&quot;335559739&quot;:0,&quot;335559740&quot;:240}\">\u00a0<\/span><\/p>\n<p>&nbsp;<\/p>\n<div id=\"attachment_159077\" style=\"width: 732px\" class=\"wp-caption aligncenter\"><img loading=\"lazy\" decoding=\"async\" aria-describedby=\"caption-attachment-159077\" class=\"size-full wp-image-159077\" src=\"https:\/\/www.uv.mx\/prensa\/files\/2025\/09\/010925-COUTTOLENC-Diversidad-vertebrados-4.jpg\" alt=\"\" width=\"722\" height=\"542\" srcset=\"https:\/\/www.uv.mx\/prensa\/files\/2025\/09\/010925-COUTTOLENC-Diversidad-vertebrados-4.jpg 722w, https:\/\/www.uv.mx\/prensa\/files\/2025\/09\/010925-COUTTOLENC-Diversidad-vertebrados-4-300x225.jpg 300w\" sizes=\"auto, (max-width: 722px) 100vw, 722px\" \/><p id=\"caption-attachment-159077\" class=\"wp-caption-text\">Murci\u00e9lago frug\u00edvoro de cola corta Carollia<\/p><\/div>\n<p>&nbsp;<\/p>\n<p><span data-contrast=\"none\">\u00a0<\/span> <span data-contrast=\"none\">Agreg\u00f3 que existen pocos <\/span><span data-contrast=\"none\">estudios de los vertebrados cavern\u00edcolas a escala global y los efectuados a la fecha se han centrado en murci\u00e9lagos y peces, <\/span><span data-contrast=\"none\">a <\/span><span data-contrast=\"none\">pesar de ello los vertebrados de todas las clases utilizan cuevas en donde encuentran condiciones de h\u00e1bitat adecuadas para sobrevivir.<\/span><span data-ccp-props=\"{&quot;201341983&quot;:0,&quot;335559739&quot;:0,&quot;335559740&quot;:240}\">\u00a0<\/span><\/p>\n<p><span data-contrast=\"none\">Apunt\u00f3 que se requiere un amplio programa de conservaci\u00f3n que involucre a la comunidad, pues carecer de drenajes las tuber\u00edas conectan al interior de las cuevas y esto provoca p\u00e9rdida del patrimonio biol\u00f3gico o cultural.<\/span><span data-ccp-props=\"{&quot;201341983&quot;:0,&quot;335559739&quot;:0,&quot;335559740&quot;:240}\">\u00a0<\/span><\/p>\n<p><span data-contrast=\"none\">Por \u00faltimo, el Doctor en Biolog\u00eda Integrativa consider\u00f3 que los objetivos de la investigaci\u00f3n se cumplieron; sin embargo, de lo colectado a\u00fan quedan especies por describir y que son a\u00fan desconocidas para la ciencia, por lo que hace falta decidir en d\u00f3nde se colocan.<\/span><span data-ccp-props=\"{&quot;201341983&quot;:0,&quot;335559739&quot;:0,&quot;335559740&quot;:240}\">\u00a0<\/span><\/p>\n<div id=\"attachment_159078\" style=\"width: 732px\" class=\"wp-caption aligncenter\"><img loading=\"lazy\" decoding=\"async\" aria-describedby=\"caption-attachment-159078\" class=\"size-full wp-image-159078\" src=\"https:\/\/www.uv.mx\/prensa\/files\/2025\/09\/010925-COUTTOLENC-Diversidad-vertebrados-5.jpg\" alt=\"\" width=\"722\" height=\"542\" srcset=\"https:\/\/www.uv.mx\/prensa\/files\/2025\/09\/010925-COUTTOLENC-Diversidad-vertebrados-5.jpg 722w, https:\/\/www.uv.mx\/prensa\/files\/2025\/09\/010925-COUTTOLENC-Diversidad-vertebrados-5-300x225.jpg 300w\" sizes=\"auto, (max-width: 722px) 100vw, 722px\" \/><p id=\"caption-attachment-159078\" class=\"wp-caption-text\">Sapo gigante Rhinella horribilis<\/p><\/div>\n","protected":false},"excerpt":{"rendered":"<p>La regi\u00f3n monta\u00f1osa del centro de Veracruz cuenta con un extenso sistema a\u00fan inexplorado<\/p>\n","protected":false},"author":1810,"featured_media":159079,"comment_status":"closed","ping_status":"closed","sticky":false,"template":"","format":"standard","meta":{"footnotes":""},"categories":[15423,1,15424,61],"tags":[26833,26832,7095,4162,11032,26831,20311],"class_list":["post-159161","post","type-post","status-publish","format-standard","has-post-thumbnail","hentry","category-estudiantes","category-general","category-planta-academica","category-banner","tag-alberto-hernandez-lozano","tag-cuevas-volcanicas","tag-doctorado-en-biologia-integrativa","tag-jose-luis-couttolenc-soto","tag-rujiro-hernandez-temis","tag-sistema-de-cuevas-karsticas","tag-universidad-veracruzana-uv"],"_links":{"self":[{"href":"https:\/\/www.uv.mx\/prensa\/wp-json\/wp\/v2\/posts\/159161","targetHints":{"allow":["GET"]}}],"collection":[{"href":"https:\/\/www.uv.mx\/prensa\/wp-json\/wp\/v2\/posts"}],"about":[{"href":"https:\/\/www.uv.mx\/prensa\/wp-json\/wp\/v2\/types\/post"}],"author":[{"embeddable":true,"href":"https:\/\/www.uv.mx\/prensa\/wp-json\/wp\/v2\/users\/1810"}],"replies":[{"embeddable":true,"href":"https:\/\/www.uv.mx\/prensa\/wp-json\/wp\/v2\/comments?post=159161"}],"version-history":[{"count":1,"href":"https:\/\/www.uv.mx\/prensa\/wp-json\/wp\/v2\/posts\/159161\/revisions"}],"predecessor-version":[{"id":159163,"href":"https:\/\/www.uv.mx\/prensa\/wp-json\/wp\/v2\/posts\/159161\/revisions\/159163"}],"wp:featuredmedia":[{"embeddable":true,"href":"https:\/\/www.uv.mx\/prensa\/wp-json\/wp\/v2\/media\/159079"}],"wp:attachment":[{"href":"https:\/\/www.uv.mx\/prensa\/wp-json\/wp\/v2\/media?parent=159161"}],"wp:term":[{"taxonomy":"category","embeddable":true,"href":"https:\/\/www.uv.mx\/prensa\/wp-json\/wp\/v2\/categories?post=159161"},{"taxonomy":"post_tag","embeddable":true,"href":"https:\/\/www.uv.mx\/prensa\/wp-json\/wp\/v2\/tags?post=159161"}],"curies":[{"name":"wp","href":"https:\/\/api.w.org\/{rel}","templated":true}]}}