{"id":15865,"date":"2016-09-24T07:00:51","date_gmt":"2016-09-24T12:00:51","guid":{"rendered":"https:\/\/www.uv.mx\/prensa\/?p=15865"},"modified":"2016-09-23T13:15:09","modified_gmt":"2016-09-23T18:15:09","slug":"la-educacion-ambiental-forma-valores-en-la-sociedad-academica","status":"publish","type":"post","link":"https:\/\/www.uv.mx\/prensa\/general\/la-educacion-ambiental-forma-valores-en-la-sociedad-academica\/","title":{"rendered":"La educaci\u00f3n ambiental forma valores en la sociedad: acad\u00e9mica"},"content":{"rendered":"<ul>\n<li><em>Mar\u00eda de los \u00c1ngeles Chamorro Z\u00e1rate particip\u00f3 en el Foro \u201cEl Modelo Educativo 2016 y la estructura curricular de la educaci\u00f3n obligatoria vista desde la universidad\u201d<\/em><\/li>\n<\/ul>\n<p>&nbsp;<\/p>\n<div id=\"attachment_15866\" style=\"width: 732px\" class=\"wp-caption aligncenter\"><a href=\"https:\/\/www.uv.mx\/prensa\/files\/2016\/09\/Edu-24-16.jpg\"><img loading=\"lazy\" decoding=\"async\" aria-describedby=\"caption-attachment-15866\" class=\"size-full wp-image-15866\" src=\"https:\/\/www.uv.mx\/prensa\/files\/2016\/09\/Edu-24-16.jpg\" alt=\"Panelistas de la Mesa \u201cEducaci\u00f3n ambiental\u201d\" width=\"722\" height=\"482\" srcset=\"https:\/\/www.uv.mx\/prensa\/files\/2016\/09\/Edu-24-16.jpg 722w, https:\/\/www.uv.mx\/prensa\/files\/2016\/09\/Edu-24-16-300x200.jpg 300w\" sizes=\"auto, (max-width: 722px) 100vw, 722px\" \/><\/a><p id=\"caption-attachment-15866\" class=\"wp-caption-text\">Panelistas de la Mesa \u201cEducaci\u00f3n ambiental\u201d<\/p><\/div>\n<p>&nbsp;<\/p>\n<p><strong><em>Carlos Hugo Hermida Rosales<\/em><\/strong><\/p>\n<p>&nbsp;<\/p>\n<p><strong><em>Xalapa, Ver. 24\/09\/2016.-<\/em><\/strong><em>\u00a0<\/em>Mar\u00eda de los \u00c1ngeles Chamorro Z\u00e1rate, catedr\u00e1tica de la Facultad de Biolog\u00eda, manifest\u00f3 que a trav\u00e9s de la educaci\u00f3n ambiental se afianzan valores y acciones que contribuyen a una transformaci\u00f3n positiva del individuo y la sociedad, y promueven el manejo adecuado de recursos naturales, bienestar de la poblaci\u00f3n y equidad social.<\/p>\n<p>La docente particip\u00f3 en la Mesa 8 \u201cEducaci\u00f3n ambiental\u201d, junto con Cynthia Mart\u00ednez Fern\u00e1ndez, del Instituto de Investigaciones en Educaci\u00f3n (IIE), y Mar\u00eda de los \u00c1ngeles Silva Mar, docente de la Facultad de Pedagog\u00eda, regi\u00f3n Poza Rica-Tuxpan; la moderaci\u00f3n corri\u00f3 a cargo de Ana Luz Delf\u00edn Linaldi, catedr\u00e1tica de la Facultad de Pedagog\u00eda, regi\u00f3n Xalapa.<\/p>\n<p>Este panel realizado el 21 de septiembre form\u00f3 parte del Foro \u201cEl Modelo Educativo 2016 y la estructura curricular de la educaci\u00f3n obligatoria vista desde la universidad\u201d, realizado por la Universidad Veracruzana (UV) en conjunto con la Escuela Normal \u201cJuan Enr\u00edquez\u201d de Tlacotalpan y la Benem\u00e9rita Escuela Normal Veracruzana \u201cEnrique C. R\u00e9bsamen\u201d.<\/p>\n<p>Chamorro Z\u00e1rate declar\u00f3 que en las \u00faltimas d\u00e9cadas la c\u00e1tedra sobre la educaci\u00f3n ambiental ha pasado de la conservaci\u00f3n ecol\u00f3gica a la complejidad del ambiente, por lo cual esta \u00faltima tiene que ser abordada en el aula dentro de cualquier actividad a realizar.<\/p>\n<p>A\u00f1adi\u00f3 que se debe dotar al estudiante de un pensamiento cr\u00edtico que le permita analizar, razonar y argumentar lo que ocurre a su alrededor, para que de esta manera pueda aterrizar esta mentalidad a las diversas situaciones que debe resolver.<\/p>\n<p>Mar\u00eda de los \u00c1ngeles Silva afirm\u00f3 que la pr\u00e1ctica educativa actual en temas ambientales no es apropiada, ya que posee un enfoque conductual err\u00f3neo que refuerza conductas inadecuadas.<\/p>\n<p>Coment\u00f3 que un ejemplo de ello es la realizaci\u00f3n de campa\u00f1as de acopio de las instituciones educativas, con el objetivo de obtener premios o reconocimientos, actitud que debe ser modificada.<\/p>\n<p>Cynthia Mart\u00ednez expres\u00f3 que la educaci\u00f3n ambiental abarca un gran campo que posee discursos din\u00e1micos y plurales, por lo que es un motor para la transformaci\u00f3n social, que conlleva un proceso interdisciplinario para favorecer que los ciudadanos sean conscientes y est\u00e9n informados sobre el cuidado al medio ambiente.<\/p>\n<p>Asegur\u00f3 que la sociedad se encuentra en el momento ideal para reposicionar el di\u00e1logo entre diferentes actores sociales, y llevar a cabo una reconstrucci\u00f3n ciudadana que afronte los retos ambientales a nivel regional y nacional en este nuevo siglo.<\/p>\n<p>&nbsp;<\/p>\n","protected":false},"excerpt":{"rendered":"<p><strong><em>Carlos Hugo Hermida.-<\/em><\/strong>Mar\u00eda de los \u00c1ngeles Chamorro Z\u00e1rate, catedr\u00e1tica de la Facultad de Biolog\u00eda, manifest\u00f3 que a trav\u00e9s de la educaci\u00f3n ambiental se afianzan valores y acciones que contribuyen a una transformaci\u00f3n positiva del individuo y la sociedad, y promueven el manejo adecuado de recursos naturales, bienestar de la poblaci\u00f3n y equidad social.<\/p>\n","protected":false},"author":1810,"featured_media":15867,"comment_status":"closed","ping_status":"closed","sticky":false,"template":"","format":"standard","meta":{"footnotes":""},"categories":[1],"tags":[3],"class_list":["post-15865","post","type-post","status-publish","format-standard","has-post-thumbnail","hentry","category-general","tag-secundarias"],"_links":{"self":[{"href":"https:\/\/www.uv.mx\/prensa\/wp-json\/wp\/v2\/posts\/15865","targetHints":{"allow":["GET"]}}],"collection":[{"href":"https:\/\/www.uv.mx\/prensa\/wp-json\/wp\/v2\/posts"}],"about":[{"href":"https:\/\/www.uv.mx\/prensa\/wp-json\/wp\/v2\/types\/post"}],"author":[{"embeddable":true,"href":"https:\/\/www.uv.mx\/prensa\/wp-json\/wp\/v2\/users\/1810"}],"replies":[{"embeddable":true,"href":"https:\/\/www.uv.mx\/prensa\/wp-json\/wp\/v2\/comments?post=15865"}],"version-history":[{"count":0,"href":"https:\/\/www.uv.mx\/prensa\/wp-json\/wp\/v2\/posts\/15865\/revisions"}],"wp:featuredmedia":[{"embeddable":true,"href":"https:\/\/www.uv.mx\/prensa\/wp-json\/wp\/v2\/media\/15867"}],"wp:attachment":[{"href":"https:\/\/www.uv.mx\/prensa\/wp-json\/wp\/v2\/media?parent=15865"}],"wp:term":[{"taxonomy":"category","embeddable":true,"href":"https:\/\/www.uv.mx\/prensa\/wp-json\/wp\/v2\/categories?post=15865"},{"taxonomy":"post_tag","embeddable":true,"href":"https:\/\/www.uv.mx\/prensa\/wp-json\/wp\/v2\/tags?post=15865"}],"curies":[{"name":"wp","href":"https:\/\/api.w.org\/{rel}","templated":true}]}}