{"id":158352,"date":"2025-08-08T19:52:03","date_gmt":"2025-08-09T00:52:03","guid":{"rendered":"https:\/\/www.uv.mx\/prensa\/?p=158352"},"modified":"2025-08-08T19:52:03","modified_gmt":"2025-08-09T00:52:03","slug":"uv-impulsa-acciones-a-favor-de-la-lactancia-materna","status":"publish","type":"post","link":"https:\/\/www.uv.mx\/prensa\/general\/uv-impulsa-acciones-a-favor-de-la-lactancia-materna\/","title":{"rendered":"UV impulsa acciones a favor de la lactancia materna"},"content":{"rendered":"<ul>\n<li data-leveltext=\"\uf0b7\" data-font=\"Symbol\" data-listid=\"1\" data-list-defn-props=\"{&quot;335552541&quot;:1,&quot;335559685&quot;:720,&quot;335559991&quot;:360,&quot;469769226&quot;:&quot;Symbol&quot;,&quot;469769242&quot;:[8226],&quot;469777803&quot;:&quot;left&quot;,&quot;469777804&quot;:&quot;\uf0b7&quot;,&quot;469777815&quot;:&quot;hybridMultilevel&quot;}\" data-aria-posinset=\"1\" data-aria-level=\"1\"><i><span data-contrast=\"auto\">El Instituto de Salud P\u00fablica particip\u00f3 por sexto a\u00f1o consecutivo en la Gran Lactada 2025<\/span><\/i><span data-ccp-props=\"{&quot;134233118&quot;:false,&quot;201341983&quot;:0,&quot;335559739&quot;:0,&quot;335559740&quot;:240}\">\u00a0<\/span><\/li>\n<\/ul>\n<ul>\n<li data-leveltext=\"\uf0b7\" data-font=\"Symbol\" data-listid=\"1\" data-list-defn-props=\"{&quot;335552541&quot;:1,&quot;335559685&quot;:720,&quot;335559991&quot;:360,&quot;469769226&quot;:&quot;Symbol&quot;,&quot;469769242&quot;:[8226],&quot;469777803&quot;:&quot;left&quot;,&quot;469777804&quot;:&quot;\uf0b7&quot;,&quot;469777815&quot;:&quot;hybridMultilevel&quot;}\" data-aria-posinset=\"2\" data-aria-level=\"1\"><i><span data-contrast=\"auto\">El evento busca eliminar el estigma sobre esta pr\u00e1ctica que otorga beneficios a las familias y al sistema de salud, explic\u00f3 Clara Luz Sampieri<\/span><\/i><span data-ccp-props=\"{&quot;134233118&quot;:false,&quot;201341983&quot;:0,&quot;335559739&quot;:0,&quot;335559740&quot;:240}\">\u00a0<\/span><\/li>\n<\/ul>\n<p><span data-ccp-props=\"{&quot;134233118&quot;:false,&quot;201341983&quot;:0,&quot;335559739&quot;:0,&quot;335559740&quot;:240}\">\u00a0<\/span><\/p>\n<div id=\"attachment_158333\" style=\"width: 732px\" class=\"wp-caption aligncenter\"><img loading=\"lazy\" decoding=\"async\" aria-describedby=\"caption-attachment-158333\" class=\"size-full wp-image-158333\" src=\"https:\/\/www.uv.mx\/prensa\/files\/2025\/08\/070825-DAVID-Semana-Lactancia-Materna-y-labor-del-ISP-1-100k.jpg\" alt=\"Clara Luz Sampieri, investigadora del ISP, forma parte de la Asociaci\u00f3n de Consultores Certificados en Lactancia Materna (Acclam) \" width=\"722\" height=\"482\" srcset=\"https:\/\/www.uv.mx\/prensa\/files\/2025\/08\/070825-DAVID-Semana-Lactancia-Materna-y-labor-del-ISP-1-100k.jpg 722w, https:\/\/www.uv.mx\/prensa\/files\/2025\/08\/070825-DAVID-Semana-Lactancia-Materna-y-labor-del-ISP-1-100k-300x200.jpg 300w\" sizes=\"auto, (max-width: 722px) 100vw, 722px\" \/><p id=\"caption-attachment-158333\" class=\"wp-caption-text\">Clara Luz Sampieri, investigadora del ISP, forma parte de la Asociaci\u00f3n de Consultores Certificados en Lactancia Materna (Acclam)<\/p><\/div>\n<p>&nbsp;<\/p>\n<p><b><i><span data-contrast=\"auto\">David Sandoval Rodr\u00edguez<\/span><\/i><\/b><span data-ccp-props=\"{&quot;134233118&quot;:false,&quot;201341983&quot;:0,&quot;335559739&quot;:0,&quot;335559740&quot;:240}\">\u00a0<\/span><\/p>\n<p><b><i><span data-contrast=\"auto\">Fotos: C\u00e9sar Pisil Ramos y cortes\u00eda Clara Luz Sampieri<\/span><\/i><\/b><\/p>\n<p><b><i><span data-contrast=\"auto\">08\/08\/2025, Xalapa, Ver.-<\/span><\/i><\/b><span data-contrast=\"auto\"> El Instituto de Salud P\u00fablica (ISP) de la Universidad Veracruzana (UV) fomenta la participaci\u00f3n de la sociedad en el marco de la Semana Mundial de la Lactancia Materna, al sumarse a las acciones implementadas, como fue la Gran Lactada 2025, que se realiz\u00f3 en el parque Los Tecajetes, a instancias del Sistema de Desarrollo Integral de la Familia (DIF) municipal de Xalapa.<\/span><span data-ccp-props=\"{&quot;134233118&quot;:false,&quot;201341983&quot;:0,&quot;335559739&quot;:0,&quot;335559740&quot;:240}\">\u00a0<\/span><\/p>\n<p><span data-contrast=\"auto\">Clara Luz Sampieri Ram\u00edrez, investigadora del ISP, comparti\u00f3 que es responsabilidad de todas las personas mostrarnos emp\u00e1ticas ante la lactancia materna, y destac\u00f3 que la Alianza Mundial para la Acci\u00f3n en Favor de la Lactancia Materna (WABA) promueve cuatro objetivos principales.<\/span><span data-ccp-props=\"{&quot;134233118&quot;:false,&quot;201341983&quot;:0,&quot;335559731&quot;:708,&quot;335559739&quot;:0,&quot;335559740&quot;:240}\">\u00a0<\/span><\/p>\n<p><span data-contrast=\"auto\">Entre ellos se encuentra impulsar la creaci\u00f3n de sistemas de apoyo a la lactancia para hacerla sostenible; fomentar el compromiso como individuos y como organizaciones a favor de esta acci\u00f3n, a trav\u00e9s de la colaboraci\u00f3n y el apoyo; consolidar el respaldo continuo desde el periodo prenatal hasta los dos a\u00f1os de vida, como lo recomienda la Organizaci\u00f3n Mundial de la Salud (OMS) y capacitar a trabajadores del sistema de salud mediante una orientaci\u00f3n clara, basada en evidencias cient\u00edficas.\u00a0\u00a0<\/span><span data-ccp-props=\"{&quot;134233118&quot;:false,&quot;201341983&quot;:0,&quot;335559731&quot;:708,&quot;335559739&quot;:0,&quot;335559740&quot;:240}\">\u00a0<\/span><\/p>\n<p><span data-contrast=\"auto\">En este contexto es donde se gest\u00f3 la Gran Lactada de Xalapa, coordinada por Mar\u00eda Concepci\u00f3n Arrazate Garc\u00eda del DIF municipal y adem\u00e1s egresada de la Maestr\u00eda en Salud P\u00fablica de la UV.<\/span><span data-ccp-props=\"{&quot;134233118&quot;:false,&quot;201341983&quot;:0,&quot;335559731&quot;:708,&quot;335559739&quot;:0,&quot;335559740&quot;:240}\">\u00a0<\/span><\/p>\n<p><span data-contrast=\"auto\">El ISP particip\u00f3 por sexto a\u00f1o consecutivo en este evento que convoc\u00f3 a colectivos y familias en diversas actividades como un trueque de juguetes y ropa, lectura de cuentos y entrega de plantas del vivero municipal a las participantes.<\/span><\/p>\n<div id=\"attachment_158334\" style=\"width: 732px\" class=\"wp-caption aligncenter\"><img loading=\"lazy\" decoding=\"async\" aria-describedby=\"caption-attachment-158334\" class=\"size-full wp-image-158334\" src=\"https:\/\/www.uv.mx\/prensa\/files\/2025\/08\/070825-DAVID-Semana-Lactancia-Materna-y-labor-del-ISP-2-100k.jpg\" alt=\" La Gran Lactada 2025 cont\u00f3 con la participaci\u00f3n de numerosas familias \" width=\"722\" height=\"482\" srcset=\"https:\/\/www.uv.mx\/prensa\/files\/2025\/08\/070825-DAVID-Semana-Lactancia-Materna-y-labor-del-ISP-2-100k.jpg 722w, https:\/\/www.uv.mx\/prensa\/files\/2025\/08\/070825-DAVID-Semana-Lactancia-Materna-y-labor-del-ISP-2-100k-300x200.jpg 300w\" sizes=\"auto, (max-width: 722px) 100vw, 722px\" \/><p id=\"caption-attachment-158334\" class=\"wp-caption-text\"><br \/>La Gran Lactada 2025 cont\u00f3 con la participaci\u00f3n de numerosas familias<\/p><\/div>\n<p>&nbsp;<\/p>\n<p><span data-contrast=\"auto\">\u201cComo Instituto de Salud P\u00fablica hemos participado en el evento por sexto a\u00f1o consecutivo y cada a\u00f1o va sumando a m\u00e1s familias lactantes y su objetivo principal es remover el estigma de la lactancia, mostrar que debe ser normal hacerlo en p\u00fablico y apoyar a las mam\u00e1s a reducir esa incomodidad que podr\u00edan tener\u201d, coment\u00f3 Sampieri Ram\u00edrez.<\/span><span data-ccp-props=\"{&quot;134233118&quot;:false,&quot;201341983&quot;:0,&quot;335559731&quot;:708,&quot;335559739&quot;:0,&quot;335559740&quot;:240}\">\u00a0<\/span><\/p>\n<p><span data-contrast=\"auto\">A\u00f1adi\u00f3 que se trata de generar comunidades que brinden apoyo, conecten a las mujeres para que compartan experiencias y se apoyen mutuamente; algunas de ellas conocidas como \u201ctribus maternas\u201d.<\/span><span data-ccp-props=\"{&quot;134233118&quot;:false,&quot;201341983&quot;:0,&quot;335559731&quot;:708,&quot;335559739&quot;:0,&quot;335559740&quot;:240}\">\u00a0<\/span><\/p>\n<p><span data-contrast=\"auto\">Al respecto, se\u00f1al\u00f3 que los medios de comunicaci\u00f3n tambi\u00e9n son relevantes visibilizando el acto de amamantar como algo natural, que lo posiciona como es: un derecho humano, puntualiz\u00f3 la investigadora.\u00a0\u00a0<\/span><span data-ccp-props=\"{&quot;134233118&quot;:false,&quot;201341983&quot;:0,&quot;335559731&quot;:708,&quot;335559739&quot;:0,&quot;335559740&quot;:240}\">\u00a0<\/span><\/p>\n<p><span data-contrast=\"auto\">Otro objetivo de la Gran Lactada es promover sus beneficios en la salud de beb\u00e9s y madres como tambi\u00e9n hacia los servicios de salud, al requerirse menos consultas pedi\u00e1tricas, evitando la saturaci\u00f3n de los sistemas de atenci\u00f3n y la salud de las econom\u00edas familiares.\u00a0\u00a0<\/span><\/p>\n<div id=\"attachment_158335\" style=\"width: 732px\" class=\"wp-caption aligncenter\"><img loading=\"lazy\" decoding=\"async\" aria-describedby=\"caption-attachment-158335\" class=\"size-full wp-image-158335\" src=\"https:\/\/www.uv.mx\/prensa\/files\/2025\/08\/080825-DAVID-Semana-Lactancia-Materna-labor-del-ISP-3-100k.jpg\" alt=\"La lactancia materna, explic\u00f3 la entrevistada, implica no s\u00f3lo a la madre, sino a la familia, los prestadores de servicios de salud y la sociedad \" width=\"722\" height=\"482\" \/><p id=\"caption-attachment-158335\" class=\"wp-caption-text\">La lactancia materna, explic\u00f3 la entrevistada, implica no s\u00f3lo a la madre, sino a la familia, los prestadores de servicios de salud y la sociedad<\/p><\/div>\n<p>&nbsp;<\/p>\n<p><span data-contrast=\"auto\">Recalc\u00f3 que la lactancia materna es una estrategia eficaz de salud p\u00fablica porque salva vidas, tanto de los beb\u00e9s como de las madres y la alimentaci\u00f3n de los infantes corresponde a toda la sociedad, \u201cla crianza es clave, debemos cambiar la forma de criar y un aspecto importante es la pr\u00e1ctica de la lactancia\u201d.\u00a0\u00a0<\/span><span data-ccp-props=\"{&quot;134233118&quot;:false,&quot;201341983&quot;:0,&quot;335559731&quot;:708,&quot;335559739&quot;:0,&quot;335559740&quot;:240}\">\u00a0<\/span><\/p>\n<p><span data-contrast=\"auto\">En 2025 s\u00f3lo un tercio de los beb\u00e9s en M\u00e9xico est\u00e1n cubriendo los requisitos y recomendaciones de la OMS y para el 2030 se aspira a alcanzar el 70% de cobertura.<\/span><span data-ccp-props=\"{&quot;134233118&quot;:false,&quot;201341983&quot;:0,&quot;335559731&quot;:708,&quot;335559739&quot;:0,&quot;335559740&quot;:240}\">\u00a0<\/span><\/p>\n<p><span data-contrast=\"auto\">Explic\u00f3 que la lactancia en el periodo prenatal se refiere a la educaci\u00f3n para las madres, basada en evidencia cient\u00edfica, mediante talleres que deben incluir el componente de la lactancia materna, que es un proceso natural, pero tambi\u00e9n, una conducta aprendida.<\/span><span data-ccp-props=\"{&quot;134233118&quot;:false,&quot;201341983&quot;:0,&quot;335559731&quot;:708,&quot;335559739&quot;:0,&quot;335559740&quot;:240}\">\u00a0<\/span><\/p>\n<p><span data-contrast=\"auto\">Entre los aspectos por abordar mediante la educaci\u00f3n est\u00e1 el \u00e9nfasis en utilizar el concepto de f\u00f3rmula infantil comercial, en vez de suced\u00e1neos, porque puede percibirse como un sustituto cuando no es as\u00ed en realidad; este concepto lo propuso Rafael P\u00e9rez Escamilla, director del Programa de Promoci\u00f3n de Salud Maternoinfantil de la Escuela de Medicina de la Universidad de Yale.<\/span><\/p>\n<div id=\"attachment_158336\" style=\"width: 732px\" class=\"wp-caption aligncenter\"><img loading=\"lazy\" decoding=\"async\" aria-describedby=\"caption-attachment-158336\" class=\"size-full wp-image-158336\" src=\"https:\/\/www.uv.mx\/prensa\/files\/2025\/08\/070825-DAVID-Semana-Lactancia-Materna-y-labor-del-ISP-4-100k.jpg\" alt=\"Cada a\u00f1o se suman m\u00e1s familias a las actividades realizadas dentro de la Semana Mundial de la Lactancia Materna, coment\u00f3 Sampieri Ram\u00edrez \" width=\"722\" height=\"482\" \/><p id=\"caption-attachment-158336\" class=\"wp-caption-text\">Cada a\u00f1o se suman m\u00e1s familias a las actividades realizadas dentro de la Semana Mundial de la Lactancia Materna, coment\u00f3 Sampieri Ram\u00edrez<\/p><\/div>\n<p>&nbsp;<\/p>\n<p><span data-contrast=\"auto\">P\u00e9rez Escamilla ha colaborado con la Asociaci\u00f3n de Consultores Certificados en Lactancia Materna (<\/span><i><span data-contrast=\"auto\">Acclam<\/span><\/i><span data-contrast=\"auto\">) de la cual forman parte tanto Sampieri Ram\u00edrez como Arrazate Garc\u00eda.<\/span><span data-ccp-props=\"{&quot;134233118&quot;:false,&quot;201341983&quot;:0,&quot;335559731&quot;:708,&quot;335559739&quot;:0,&quot;335559740&quot;:240}\">\u00a0<\/span><\/p>\n<p><span data-contrast=\"auto\">Entre los retos pendientes, la investigadora mencion\u00f3 la creaci\u00f3n de m\u00e1s espacios amigables para la lactancia, permisos laborales adecuados para alimentar a los beb\u00e9s, recursos para capacitar al personal de salud y utensilios para una lactancia diferida.<\/span><span data-ccp-props=\"{&quot;134233118&quot;:false,&quot;201341983&quot;:0,&quot;335559731&quot;:708,&quot;335559739&quot;:0,&quot;335559740&quot;:240}\">\u00a0<\/span><\/p>\n<p><span data-contrast=\"auto\">\u201cLo que queremos en la sociedad son familias conectadas, vinculadas y orientadas hacia las necesidades de los infantes; en resumen: un sistema accesible, aceptable y asequible, libre de intereses comerciales y basado en instalaciones con espacios dedicados a la lactancia y a largo plazo, que atiendan desde el embarazo hasta los primeros a\u00f1os de vida y sean integrables a los sistemas de salud existentes\u201d.<\/span><span data-ccp-props=\"{&quot;134233118&quot;:false,&quot;201341983&quot;:0,&quot;335559731&quot;:708,&quot;335559739&quot;:0,&quot;335559740&quot;:240}\">\u00a0<\/span><\/p>\n<p><span data-contrast=\"auto\">\u00a0Desde el ISP han creado el programa Lacta UV (<\/span><a href=\"https:\/\/www.uv.mx\/lactauv\/\"><span data-contrast=\"none\">https:\/\/www.uv.mx\/lactauv\/<\/span><\/a><span data-contrast=\"auto\">), un servicio de extensi\u00f3n universitaria sin costo que busca promover, proteger y apoyar la pr\u00e1ctica de la lactancia materna, adem\u00e1s de contar con una sala para realizarla, cursos y asesor\u00edas (<\/span><a href=\"https:\/\/www.uv.mx\/prensa\/general\/uv-inauguro-sala-de-lactancia-para-alumnas-y-madres-trabajadoras\/\"><span data-contrast=\"none\">https:\/\/www.uv.mx\/prensa\/general\/uv-inauguro-sala-de-lactancia-para-alumnas-y-madres-trabajadoras\/<\/span><\/a><span data-contrast=\"auto\">).<\/span><span data-ccp-props=\"{&quot;134233118&quot;:false,&quot;201341983&quot;:0,&quot;335559731&quot;:708,&quot;335559739&quot;:0,&quot;335559740&quot;:240}\">\u00a0<\/span><\/p>\n","protected":false},"excerpt":{"rendered":"<p>Se cuenta con un programa universitario de atenci\u00f3n en el ISP: Lacta UV, que es sin costo y para la sociedad en general <\/p>\n","protected":false},"author":1775,"featured_media":158337,"comment_status":"closed","ping_status":"closed","sticky":false,"template":"","format":"standard","meta":{"footnotes":""},"categories":[6301,1,15424,61],"tags":[26357,26364,26356,26363,6263,3584,4159,108,26362,26174,26359,1444,77,15466,3480,26178,22760,116,1074,14116,26361,26360,26179,26355,26358,307],"class_list":["post-158352","post","type-post","status-publish","format-standard","has-post-thumbnail","hentry","category-derechos-humanos","category-general","category-planta-academica","category-banner","tag-accion-en-favor-de-la-lactancia-materna","tag-acclam","tag-alianza-mundial","tag-asociacion-de-consultores-certificados-en-lactancia-materna","tag-cesar-pisil-ramos","tag-clara-luz-sampieri-ramirez","tag-david-sandoval-rodriguez","tag-dif","tag-escuela-de-medicina-de-la-universidad-de-yale","tag-gran-lactada","tag-gran-lactada-de-xalapa","tag-instituto-de-salud-publica","tag-isp","tag-los-tecajetes","tag-maestria-en-salud-publica","tag-maria-concepcion-arrazate-garcia","tag-municipal","tag-oms","tag-organizacion-mundial-de-la-salud","tag-parque","tag-programa-de-promocion-de-salud-maternoinfantil","tag-rafael-perez-escamilla","tag-semana-mundial-de-la-lactancia-materna","tag-sistema-de-desarrollo-integral-de-la-familia","tag-waba","tag-xalapa"],"_links":{"self":[{"href":"https:\/\/www.uv.mx\/prensa\/wp-json\/wp\/v2\/posts\/158352","targetHints":{"allow":["GET"]}}],"collection":[{"href":"https:\/\/www.uv.mx\/prensa\/wp-json\/wp\/v2\/posts"}],"about":[{"href":"https:\/\/www.uv.mx\/prensa\/wp-json\/wp\/v2\/types\/post"}],"author":[{"embeddable":true,"href":"https:\/\/www.uv.mx\/prensa\/wp-json\/wp\/v2\/users\/1775"}],"replies":[{"embeddable":true,"href":"https:\/\/www.uv.mx\/prensa\/wp-json\/wp\/v2\/comments?post=158352"}],"version-history":[{"count":1,"href":"https:\/\/www.uv.mx\/prensa\/wp-json\/wp\/v2\/posts\/158352\/revisions"}],"predecessor-version":[{"id":158353,"href":"https:\/\/www.uv.mx\/prensa\/wp-json\/wp\/v2\/posts\/158352\/revisions\/158353"}],"wp:featuredmedia":[{"embeddable":true,"href":"https:\/\/www.uv.mx\/prensa\/wp-json\/wp\/v2\/media\/158337"}],"wp:attachment":[{"href":"https:\/\/www.uv.mx\/prensa\/wp-json\/wp\/v2\/media?parent=158352"}],"wp:term":[{"taxonomy":"category","embeddable":true,"href":"https:\/\/www.uv.mx\/prensa\/wp-json\/wp\/v2\/categories?post=158352"},{"taxonomy":"post_tag","embeddable":true,"href":"https:\/\/www.uv.mx\/prensa\/wp-json\/wp\/v2\/tags?post=158352"}],"curies":[{"name":"wp","href":"https:\/\/api.w.org\/{rel}","templated":true}]}}