{"id":157927,"date":"2025-07-08T18:24:55","date_gmt":"2025-07-08T23:24:55","guid":{"rendered":"https:\/\/www.uv.mx\/prensa\/?p=157927"},"modified":"2025-07-08T18:24:55","modified_gmt":"2025-07-08T23:24:55","slug":"estudiante-chileno-realiza-estancia-en-uv-para-conocer-experiencias-agroecologicas","status":"publish","type":"post","link":"https:\/\/www.uv.mx\/prensa\/general\/estudiante-chileno-realiza-estancia-en-uv-para-conocer-experiencias-agroecologicas\/","title":{"rendered":"Estudiante chileno realiza estancia en UV para conocer experiencias agroecol\u00f3gicas\u00a0"},"content":{"rendered":"<p>&nbsp;<\/p>\n<ul>\n<li data-leveltext=\"\uf0b7\" data-font=\"Symbol\" data-listid=\"1\" data-list-defn-props=\"{&quot;335552541&quot;:1,&quot;335559685&quot;:720,&quot;335559991&quot;:360,&quot;469769226&quot;:&quot;Symbol&quot;,&quot;469769242&quot;:[8226],&quot;469777803&quot;:&quot;left&quot;,&quot;469777804&quot;:&quot;\uf0b7&quot;,&quot;469777815&quot;:&quot;hybridMultilevel&quot;}\" data-aria-posinset=\"1\" data-aria-level=\"1\"><i><span data-contrast=\"auto\">Motivado por la riqueza biol\u00f3gica y cultural de M\u00e9xico y por el trabajo de investigaci\u00f3n desarrollado por el profesor Yadeneiro Elizondo<\/span><\/i><span data-ccp-props=\"{&quot;201341983&quot;:0,&quot;335559739&quot;:0,&quot;335559740&quot;:240}\">\u00a0<\/span><\/li>\n<\/ul>\n<ul>\n<li data-leveltext=\"\uf0b7\" data-font=\"Symbol\" data-listid=\"1\" data-list-defn-props=\"{&quot;335552541&quot;:1,&quot;335559685&quot;:720,&quot;335559991&quot;:360,&quot;469769226&quot;:&quot;Symbol&quot;,&quot;469769242&quot;:[8226],&quot;469777803&quot;:&quot;left&quot;,&quot;469777804&quot;:&quot;\uf0b7&quot;,&quot;469777815&quot;:&quot;hybridMultilevel&quot;}\" data-aria-posinset=\"2\" data-aria-level=\"1\"><i><span data-contrast=\"auto\">Participa en actividades acad\u00e9micas y de campo en el Cofre de Perote, Jilotepec y Xalapa<\/span><\/i><span data-ccp-props=\"{&quot;201341983&quot;:0,&quot;335559739&quot;:0,&quot;335559740&quot;:240}\">\u00a0<\/span><\/li>\n<\/ul>\n<p><span data-ccp-props=\"{&quot;201341983&quot;:0,&quot;335559739&quot;:0,&quot;335559740&quot;:240}\">\u00a0<\/span><\/p>\n<div id=\"attachment_157901\" style=\"width: 732px\" class=\"wp-caption aligncenter\"><img loading=\"lazy\" decoding=\"async\" aria-describedby=\"caption-attachment-157901\" class=\"size-full wp-image-157901\" src=\"https:\/\/www.uv.mx\/prensa\/files\/2025\/07\/270625-PAOLA-Estudiante-chileno-1.jpg\" alt=\"\" width=\"722\" height=\"458\" srcset=\"https:\/\/www.uv.mx\/prensa\/files\/2025\/07\/270625-PAOLA-Estudiante-chileno-1.jpg 722w, https:\/\/www.uv.mx\/prensa\/files\/2025\/07\/270625-PAOLA-Estudiante-chileno-1-300x190.jpg 300w\" sizes=\"auto, (max-width: 722px) 100vw, 722px\" \/><p id=\"caption-attachment-157901\" class=\"wp-caption-text\">Yadeneiro Elizondo y Francisco Javier Guti\u00e9rrez, profesor de la Facultad de Biolog\u00eda y estudiante chileno, respectivamente<\/p><\/div>\n<p><span data-ccp-props=\"{&quot;201341983&quot;:0,&quot;335559739&quot;:0,&quot;335559740&quot;:240}\">\u00a0<\/span><\/p>\n<p><b><i><span data-contrast=\"auto\">Paola Cort\u00e9s P\u00e9rez<\/span><\/i><\/b><span data-ccp-props=\"{&quot;201341983&quot;:0,&quot;335559739&quot;:0,&quot;335559740&quot;:240}\">\u00a0<\/span><\/p>\n<p><b><span data-contrast=\"auto\">Fotos: Omar Portilla Palacios<\/span><\/b><span data-ccp-props=\"{&quot;201341983&quot;:0,&quot;335559739&quot;:0,&quot;335559740&quot;:240}\">\u00a0<\/span><\/p>\n<p><b><i><span data-contrast=\"auto\">08\/07\/2025, Xalapa, Ver.-<\/span><\/i><\/b><span data-contrast=\"auto\"> Motivado por la riqueza biol\u00f3gica y cultural de M\u00e9xico, as\u00ed como por el inter\u00e9s en las pr\u00e1cticas agroecol\u00f3gicas aplicadas en el pa\u00eds, Francisco Javier Guti\u00e9rrez Valderrama, estudiante de la Universidad de Concepci\u00f3n en Chile, realiza una estancia acad\u00e9mica de un mes en la Facultad de Biolog\u00eda de la Universidad Veracruzana (UV).<\/span><span data-ccp-props=\"{&quot;201341983&quot;:0,&quot;335559739&quot;:0,&quot;335559740&quot;:240}\">\u00a0<\/span><\/p>\n<p><span data-contrast=\"auto\">Su decisi\u00f3n surgi\u00f3 tras coincidir en el Congreso Latinoamericano de Agroecolog\u00eda con Yadeneiro Elizondo de la Cruz, docente en la Facultad de Biolog\u00eda, quien present\u00f3 su proyecto de investigaci\u00f3n apoyado por el Consejo Veracruzano de Investigaci\u00f3n Cient\u00edfica y Desarrollo Tecnol\u00f3gico (<\/span><i><span data-contrast=\"auto\">Coveicydet<\/span><\/i><span data-contrast=\"auto\">).<\/span><\/p>\n<p>&nbsp;<\/p>\n<div id=\"attachment_157900\" style=\"width: 732px\" class=\"wp-caption aligncenter\"><img loading=\"lazy\" decoding=\"async\" aria-describedby=\"caption-attachment-157900\" class=\"size-full wp-image-157900\" src=\"https:\/\/www.uv.mx\/prensa\/files\/2025\/07\/270625-PAOLA-Estudiante-chileno-2.jpg\" alt=\"\" width=\"722\" height=\"479\" srcset=\"https:\/\/www.uv.mx\/prensa\/files\/2025\/07\/270625-PAOLA-Estudiante-chileno-2.jpg 722w, https:\/\/www.uv.mx\/prensa\/files\/2025\/07\/270625-PAOLA-Estudiante-chileno-2-300x199.jpg 300w\" sizes=\"auto, (max-width: 722px) 100vw, 722px\" \/><p id=\"caption-attachment-157900\" class=\"wp-caption-text\">Francisco Javier Guti\u00e9rrez estudia en la Universidad de Concepci\u00f3n en Chile<\/p><\/div>\n<p><span data-ccp-props=\"{&quot;201341983&quot;:0,&quot;335559731&quot;:708,&quot;335559739&quot;:0,&quot;335559740&quot;:240}\">\u00a0<\/span><\/p>\n<p><span data-contrast=\"auto\">\u201cEl doctor Yadeneiro Elizondo present\u00f3 su trabajo en una sesi\u00f3n donde yo tambi\u00e9n participaba, y me pareci\u00f3 muy interesante de abordar. Si bien entre Chile y M\u00e9xico hay distancia geogr\u00e1fica, culturalmente no estamos tan alejados\u201d, comparti\u00f3.<\/span><span data-ccp-props=\"{&quot;201341983&quot;:0,&quot;335559731&quot;:708,&quot;335559739&quot;:0,&quot;335559740&quot;:240}\">\u00a0<\/span><\/p>\n<p><span data-contrast=\"auto\">Consider\u00f3 que los aprendizajes obtenidos en M\u00e9xico pueden aportar significativamente a los proyectos agroecol\u00f3gicos que se desarrollan en su pa\u00eds, en comunidades campesinas, urbanas, periurbanas y de primeras naciones.<\/span><span data-ccp-props=\"{&quot;201341983&quot;:0,&quot;335559731&quot;:708,&quot;335559739&quot;:0,&quot;335559740&quot;:240}\">\u00a0<\/span><\/p>\n<p><span data-contrast=\"auto\">Durante su estancia, el estudiante chileno participa en actividades acad\u00e9micas y de campo en el Cofre de Perote y Jilotepec, donde abord\u00f3 temas como la identificaci\u00f3n de hongos y los sistemas productivos campesinos. Adem\u00e1s, estuvo en zonas urbanas y periurbanas del municipio de Xalapa, donde se trabaja en producci\u00f3n sustentable, huertos comunitarios y elaboraci\u00f3n de bioinsumos.<\/span><\/p>\n<p>&nbsp;<\/p>\n<div id=\"attachment_157899\" style=\"width: 732px\" class=\"wp-caption aligncenter\"><img loading=\"lazy\" decoding=\"async\" aria-describedby=\"caption-attachment-157899\" class=\"size-full wp-image-157899\" src=\"https:\/\/www.uv.mx\/prensa\/files\/2025\/07\/270625-PAOLA-Estudiante-chileno-3.jpg\" alt=\"\" width=\"722\" height=\"457\" srcset=\"https:\/\/www.uv.mx\/prensa\/files\/2025\/07\/270625-PAOLA-Estudiante-chileno-3.jpg 722w, https:\/\/www.uv.mx\/prensa\/files\/2025\/07\/270625-PAOLA-Estudiante-chileno-3-300x190.jpg 300w\" sizes=\"auto, (max-width: 722px) 100vw, 722px\" \/><p id=\"caption-attachment-157899\" class=\"wp-caption-text\">Francisco Javier Guti\u00e9rrez realiza una estancia de un mes en la Facultad de Biolog\u00eda de la UV<\/p><\/div>\n<p>&nbsp;<\/p>\n<p><span data-contrast=\"auto\">Guti\u00e9rrez Valderrama destac\u00f3 que esta pasant\u00eda no solo contribuye a su proyecto de tesis, sino que busca fortalecer la internacionalizaci\u00f3n del curr\u00edculum en ambas universidades. \u201cLas expectativas las hemos superado con creces; estoy muy encantado con la recepci\u00f3n del equipo acad\u00e9mico y de la comunidad xalape\u00f1a en general\u201d, afirm\u00f3.<\/span><span data-ccp-props=\"{&quot;201341983&quot;:0,&quot;335559731&quot;:708,&quot;335559739&quot;:0,&quot;335559740&quot;:240}\">\u00a0<\/span><\/p>\n<p><span data-contrast=\"auto\">Yadeneiro Elizondo explic\u00f3 que estas visitas tambi\u00e9n le han permitido conocer experiencias de agricultura urbana y modelos de vinculaci\u00f3n con productores locales: \u201cLa intenci\u00f3n es intercambiar conocimientos, que \u00e9l vea lo que estamos haciendo y lo lleve a su pa\u00eds para compartirlo con sus grupos de trabajo\u201d.<\/span><\/p>\n<p>&nbsp;<\/p>\n<div id=\"attachment_157902\" style=\"width: 732px\" class=\"wp-caption aligncenter\"><img loading=\"lazy\" decoding=\"async\" aria-describedby=\"caption-attachment-157902\" class=\"size-full wp-image-157902\" src=\"https:\/\/www.uv.mx\/prensa\/files\/2025\/07\/270625-PAOLA-Estudiante-chileno-4.jpg\" alt=\"\" width=\"722\" height=\"409\" srcset=\"https:\/\/www.uv.mx\/prensa\/files\/2025\/07\/270625-PAOLA-Estudiante-chileno-4.jpg 722w, https:\/\/www.uv.mx\/prensa\/files\/2025\/07\/270625-PAOLA-Estudiante-chileno-4-300x170.jpg 300w\" sizes=\"auto, (max-width: 722px) 100vw, 722px\" \/><p id=\"caption-attachment-157902\" class=\"wp-caption-text\">Ha participado en actividades acad\u00e9micas y de campo en el Cofre de Perote, Jilotepec y Xalapa<\/p><\/div>\n<p><span data-ccp-props=\"{&quot;201341983&quot;:0,&quot;335559731&quot;:708,&quot;335559739&quot;:0,&quot;335559740&quot;:240}\">\u00a0<\/span><\/p>\n<p><span data-contrast=\"auto\">Agreg\u00f3 que estas colaboraciones internacionales son clave para compartir los avances que se desarrollan en esta casa de estudios y generar redes de trabajo con otras instituciones de educaci\u00f3n y\/o investigaci\u00f3n: \u201cNos motiva a seguir produciendo e intercambiando conocimientos que pueden tener eco en otros escenarios internacionales\u201d.<\/span><span data-ccp-props=\"{&quot;201341983&quot;:0,&quot;335559731&quot;:708,&quot;335559739&quot;:0,&quot;335559740&quot;:240}\">\u00a0<\/span><\/p>\n<p><span data-contrast=\"auto\">La estancia que realiza Francisco Javier Guti\u00e9rrez cuenta con el respaldo financiero de la Universidad de Concepci\u00f3n, a trav\u00e9s de su Vicerrector\u00eda de Vinculaci\u00f3n con el Medio y con la tutor\u00eda acad\u00e9mica de Anal\u00ed Rosas Gajardo.<\/span><\/p>\n","protected":false},"excerpt":{"rendered":"<p>Esta pasant\u00eda contribuye a su proyecto de tesis y busca fortalecer la internacionalizaci\u00f3n del curr\u00edculum en ambas universidades<\/p>\n","protected":false},"author":1869,"featured_media":157898,"comment_status":"closed","ping_status":"closed","sticky":false,"template":"","format":"standard","meta":{"footnotes":""},"categories":[15423,1,8455,8454,15424,61],"tags":[26074,26072,9007,20919,26070,6462,4164,26071,26073],"class_list":["post-157927","post","type-post","status-publish","format-standard","has-post-thumbnail","hentry","category-estudiantes","category-general","category-internacionalizacion","category-movilidad","category-planta-academica","category-banner","tag-anali-rosas-gajardo","tag-congreso-latinoamericano-de-agroecologia","tag-consejo-veracruzano-de-investigacion-cientifica-y-desarrollo-tecnologico-coveicydet","tag-facultad-de-biologia-de-la-universidad-veracruzana-uv","tag-francisco-javier-gutierrez-valderrama","tag-omar-portilla-palacios","tag-paola-cortes-perez","tag-universidad-de-concepcion-en-chile","tag-yadeneiro-elizondo-de-la-cruz"],"_links":{"self":[{"href":"https:\/\/www.uv.mx\/prensa\/wp-json\/wp\/v2\/posts\/157927","targetHints":{"allow":["GET"]}}],"collection":[{"href":"https:\/\/www.uv.mx\/prensa\/wp-json\/wp\/v2\/posts"}],"about":[{"href":"https:\/\/www.uv.mx\/prensa\/wp-json\/wp\/v2\/types\/post"}],"author":[{"embeddable":true,"href":"https:\/\/www.uv.mx\/prensa\/wp-json\/wp\/v2\/users\/1869"}],"replies":[{"embeddable":true,"href":"https:\/\/www.uv.mx\/prensa\/wp-json\/wp\/v2\/comments?post=157927"}],"version-history":[{"count":1,"href":"https:\/\/www.uv.mx\/prensa\/wp-json\/wp\/v2\/posts\/157927\/revisions"}],"predecessor-version":[{"id":157928,"href":"https:\/\/www.uv.mx\/prensa\/wp-json\/wp\/v2\/posts\/157927\/revisions\/157928"}],"wp:featuredmedia":[{"embeddable":true,"href":"https:\/\/www.uv.mx\/prensa\/wp-json\/wp\/v2\/media\/157898"}],"wp:attachment":[{"href":"https:\/\/www.uv.mx\/prensa\/wp-json\/wp\/v2\/media?parent=157927"}],"wp:term":[{"taxonomy":"category","embeddable":true,"href":"https:\/\/www.uv.mx\/prensa\/wp-json\/wp\/v2\/categories?post=157927"},{"taxonomy":"post_tag","embeddable":true,"href":"https:\/\/www.uv.mx\/prensa\/wp-json\/wp\/v2\/tags?post=157927"}],"curies":[{"name":"wp","href":"https:\/\/api.w.org\/{rel}","templated":true}]}}