{"id":157403,"date":"2025-06-25T22:21:48","date_gmt":"2025-06-26T03:21:48","guid":{"rendered":"https:\/\/www.uv.mx\/prensa\/?p=157403"},"modified":"2025-06-25T22:21:48","modified_gmt":"2025-06-26T03:21:48","slug":"comunidad-uv-se-ha-sumado-al-programa-agua-para-todas-y-todos","status":"publish","type":"post","link":"https:\/\/www.uv.mx\/prensa\/general\/comunidad-uv-se-ha-sumado-al-programa-agua-para-todas-y-todos\/","title":{"rendered":"Comunidad UV se ha sumado al programa \u201cAgua para todas y todos\u201d"},"content":{"rendered":"<ul>\n<li data-leveltext=\"\uf0b7\" data-font=\"Symbol\" data-listid=\"3\" data-list-defn-props=\"{&quot;335552541&quot;:1,&quot;335559685&quot;:720,&quot;335559991&quot;:360,&quot;469769226&quot;:&quot;Symbol&quot;,&quot;469769242&quot;:[8226],&quot;469777803&quot;:&quot;left&quot;,&quot;469777804&quot;:&quot;\uf0b7&quot;,&quot;469777815&quot;:&quot;hybridMultilevel&quot;}\" data-aria-posinset=\"1\" data-aria-level=\"1\"><i><span data-contrast=\"auto\">El programa de la Coordinaci\u00f3n Universitaria para la Sustentabilidad cuenta con el apoyo de estudiantes de varias facultades<\/span><\/i><span data-ccp-props=\"{&quot;134233117&quot;:false,&quot;134233118&quot;:false,&quot;201341983&quot;:0,&quot;335559738&quot;:0,&quot;335559739&quot;:0,&quot;335559740&quot;:240}\">\u00a0<\/span><\/li>\n<\/ul>\n<ul>\n<li data-leveltext=\"\uf0b7\" data-font=\"Symbol\" data-listid=\"3\" data-list-defn-props=\"{&quot;335552541&quot;:1,&quot;335559685&quot;:720,&quot;335559991&quot;:360,&quot;469769226&quot;:&quot;Symbol&quot;,&quot;469769242&quot;:[8226],&quot;469777803&quot;:&quot;left&quot;,&quot;469777804&quot;:&quot;\uf0b7&quot;,&quot;469777815&quot;:&quot;hybridMultilevel&quot;}\" data-aria-posinset=\"2\" data-aria-level=\"1\"><i><span data-contrast=\"auto\">Se puede consultar cada sistema de purificaci\u00f3n instalado y sus resultados\u00a0<\/span><\/i><span data-ccp-props=\"{&quot;134233117&quot;:false,&quot;134233118&quot;:false,&quot;201341983&quot;:0,&quot;335559738&quot;:0,&quot;335559739&quot;:0,&quot;335559740&quot;:240}\">\u00a0<\/span><\/li>\n<\/ul>\n<p><span data-ccp-props=\"{&quot;134233117&quot;:false,&quot;134233118&quot;:false,&quot;201341983&quot;:0,&quot;335559738&quot;:0,&quot;335559739&quot;:0,&quot;335559740&quot;:240}\">\u00a0<\/span><\/p>\n<div id=\"attachment_157365\" style=\"width: 732px\" class=\"wp-caption aligncenter\"><img loading=\"lazy\" decoding=\"async\" aria-describedby=\"caption-attachment-157365\" class=\"size-full wp-image-157365\" src=\"https:\/\/www.uv.mx\/prensa\/files\/2025\/06\/240625-DAVID-Programa-agua-para-todas-y-todos-Cosustenta-1.jpg\" alt=\"Laura Bello Benavides, coordinadora general de Cosustenta, destac\u00f3 los logros del programa a a\u00f1o y medio de su arranque \" width=\"722\" height=\"482\" srcset=\"https:\/\/www.uv.mx\/prensa\/files\/2025\/06\/240625-DAVID-Programa-agua-para-todas-y-todos-Cosustenta-1.jpg 722w, https:\/\/www.uv.mx\/prensa\/files\/2025\/06\/240625-DAVID-Programa-agua-para-todas-y-todos-Cosustenta-1-300x200.jpg 300w\" sizes=\"auto, (max-width: 722px) 100vw, 722px\" \/><p id=\"caption-attachment-157365\" class=\"wp-caption-text\">Laura Bello Benavides, coordinadora general de <em>Cosustenta<\/em>, destac\u00f3 los logros del programa a a\u00f1o y medio de su arranque<\/p><\/div>\n<p>&nbsp;<\/p>\n<p><b><i><span data-contrast=\"auto\">David Sandoval Rodr\u00edguez<\/span><\/i><\/b><span data-ccp-props=\"{&quot;134233117&quot;:false,&quot;134233118&quot;:false,&quot;201341983&quot;:0,&quot;335559738&quot;:0,&quot;335559739&quot;:0,&quot;335559740&quot;:240}\">\u00a0<\/span><\/p>\n<p><b><i><span data-contrast=\"auto\">Fotos: C\u00e9sar Pisil Ramos<\/span><\/i><\/b><\/p>\n<p><b><i><span data-contrast=\"auto\">25\/06\/2025, Xalapa, Ver.- <\/span><\/i><\/b><span data-contrast=\"auto\">El Programa \u201cAgua para todas y todos como derecho humano\u201d forma parte de la Coordinaci\u00f3n Universitaria para la Sustentabilidad (<\/span><i><span data-contrast=\"auto\">Cosustenta<\/span><\/i><span data-contrast=\"auto\">) de la Universidad Veracruzana (UV) y ha permitido articular la docencia, la investigaci\u00f3n y a los estudiantes en acciones clim\u00e1ticas y de sustentabilidad, proveyendo un servicio de agua potable confiable y accesible.<\/span><span data-ccp-props=\"{&quot;134233117&quot;:false,&quot;134233118&quot;:false,&quot;201341983&quot;:0,&quot;335559738&quot;:0,&quot;335559739&quot;:0,&quot;335559740&quot;:240}\">\u00a0<\/span><\/p>\n<p><span data-contrast=\"auto\">Laura Bello Benavides, coordinadora general de <\/span><i><span data-contrast=\"auto\">Cosustenta<\/span><\/i><span data-contrast=\"auto\">, detall\u00f3 los avances que se han tenido hasta la fecha, as\u00ed como el pr\u00f3ximo inicio de una segunda etapa.<\/span><span data-ccp-props=\"{&quot;134233117&quot;:false,&quot;134233118&quot;:false,&quot;201341983&quot;:0,&quot;335559731&quot;:705,&quot;335559738&quot;:0,&quot;335559739&quot;:0,&quot;335559740&quot;:240}\">\u00a0<\/span><\/p>\n<p><span data-contrast=\"auto\">El programa tiene como eje el acceso al agua como derecho humano \u2013en este caso, de la comunidad universitaria\u2013 y su principal caracter\u00edstica es enfocarse al aseguramiento de la calidad del vital l\u00edquido.<\/span><span data-ccp-props=\"{&quot;134233117&quot;:false,&quot;134233118&quot;:false,&quot;201341983&quot;:0,&quot;335559731&quot;:705,&quot;335559738&quot;:0,&quot;335559739&quot;:0,&quot;335559740&quot;:240}\">\u00a0<\/span><\/p>\n<p><span data-contrast=\"auto\">Esto se logra mediante un monitoreo permanente del 100 % de los sistemas de purificaci\u00f3n de agua, a trav\u00e9s de an\u00e1lisis fisicoqu\u00edmicos realizados por acad\u00e9micos y estudiantes de la UV en sus propios laboratorios.<\/span><span data-ccp-props=\"{&quot;134233117&quot;:false,&quot;134233118&quot;:false,&quot;201341983&quot;:0,&quot;335559731&quot;:705,&quot;335559738&quot;:0,&quot;335559739&quot;:0,&quot;335559740&quot;:240}\">\u00a0<\/span><\/p>\n<p><span data-contrast=\"auto\">\u201cEl monitoreo permanente tiene dos caracter\u00edsticas: una es que lo hacemos p\u00fablico a toda la comunidad universitaria a trav\u00e9s de nuestra p\u00e1gina de UV Sustentable (<\/span><a href=\"https:\/\/www.uv.mx\/aguauv\/menu-qr\/\"><span data-contrast=\"none\">https:\/\/www.uv.mx\/aguauv\/menu-qr\/<\/span><\/a><span data-contrast=\"auto\">), e identifican el sistema de purificaci\u00f3n de agua del cual est\u00e1n haciendo uso, a trav\u00e9s del c\u00f3digo QR; ah\u00ed pueden rastrear y ver los resultados de los estudios, tanto bacteriol\u00f3gicos como fisicoqu\u00edmicos.\u201d<\/span><\/p>\n<div id=\"attachment_157364\" style=\"width: 732px\" class=\"wp-caption aligncenter\"><img loading=\"lazy\" decoding=\"async\" aria-describedby=\"caption-attachment-157364\" class=\"size-full wp-image-157364\" src=\"https:\/\/www.uv.mx\/prensa\/files\/2025\/06\/240625-DAVID-Programa-agua-para-todas-y-todos-Cosustenta-2.jpg\" alt=\"Los sistemas de purificaci\u00f3n de agua son revisados por estudiantes de distintas facultades \" width=\"722\" height=\"482\" srcset=\"https:\/\/www.uv.mx\/prensa\/files\/2025\/06\/240625-DAVID-Programa-agua-para-todas-y-todos-Cosustenta-2.jpg 722w, https:\/\/www.uv.mx\/prensa\/files\/2025\/06\/240625-DAVID-Programa-agua-para-todas-y-todos-Cosustenta-2-300x200.jpg 300w\" sizes=\"auto, (max-width: 722px) 100vw, 722px\" \/><p id=\"caption-attachment-157364\" class=\"wp-caption-text\">Los sistemas de purificaci\u00f3n de agua son revisados por estudiantes de distintas facultades<\/p><\/div>\n<p>&nbsp;<\/p>\n<p><span data-contrast=\"auto\">La otra caracter\u00edstica del programa y de las instituciones de educaci\u00f3n superior es que permite generar conocimiento y formar profesionistas por medio de un servicio que brindan a toda la comunidad.<\/span><span data-ccp-props=\"{&quot;134233117&quot;:false,&quot;134233118&quot;:false,&quot;201341983&quot;:0,&quot;335559731&quot;:705,&quot;335559738&quot;:0,&quot;335559739&quot;:0,&quot;335559740&quot;:240}\">\u00a0<\/span><\/p>\n<p><span data-contrast=\"auto\">\u201cContamos con muy buenos laboratorios, muy buenos especialistas y estudiantes, creamos una comunidad y sinergias de colaboraci\u00f3n con alumnos, trabajadores y profesores. Articulamos la docencia y la investigaci\u00f3n para el bien com\u00fan, para el bien de nuestra Universidad.\u201d<\/span><span data-ccp-props=\"{&quot;134233117&quot;:false,&quot;134233118&quot;:false,&quot;201341983&quot;:0,&quot;335559731&quot;:705,&quot;335559738&quot;:0,&quot;335559739&quot;:0,&quot;335559740&quot;:240}\">\u00a0<\/span><\/p>\n<p><span data-contrast=\"auto\">Destac\u00f3 adem\u00e1s que en menos de una semana los alumnos realizaron las pruebas fisicoqu\u00edmicas de los 90 sistemas de purificaci\u00f3n instalados en la regi\u00f3n Xalapa.<\/span><span data-ccp-props=\"{&quot;134233117&quot;:false,&quot;134233118&quot;:false,&quot;201341983&quot;:0,&quot;335559731&quot;:705,&quot;335559738&quot;:0,&quot;335559739&quot;:0,&quot;335559740&quot;:240}\">\u00a0<\/span><\/p>\n<p><span data-contrast=\"auto\">Al programa, que lleva solo a\u00f1o y medio en operaci\u00f3n, se han sumado estudiantes de las Facultades de Ingenier\u00eda, Inform\u00e1tica, Publicidad y Relaciones P\u00fablicas, Nutrici\u00f3n e Instrumentaci\u00f3n Electr\u00f3nica, por mencionar algunas.<\/span><span data-ccp-props=\"{&quot;134233117&quot;:false,&quot;134233118&quot;:false,&quot;201341983&quot;:0,&quot;335559731&quot;:705,&quot;335559738&quot;:0,&quot;335559739&quot;:0,&quot;335559740&quot;:240}\">\u00a0<\/span><\/p>\n<p><span data-contrast=\"auto\">\u201cSumar estas fuerzas y hacer redes de colaboraci\u00f3n con las dependencias de la Universidad ha permitido consolidar este programa y en la regi\u00f3n Orizaba-C\u00f3rdoba est\u00e1 muy avanzado, tienen un muy alto porcentaje de entidades con sistemas de purificaci\u00f3n de agua.\u201d<\/span><\/p>\n<div id=\"attachment_157363\" style=\"width: 732px\" class=\"wp-caption aligncenter\"><img loading=\"lazy\" decoding=\"async\" aria-describedby=\"caption-attachment-157363\" class=\"size-full wp-image-157363\" src=\"https:\/\/www.uv.mx\/prensa\/files\/2025\/06\/240625-DAVID-Programa-agua-para-todas-y-todos-Cosustenta-3.jpg\" alt=\"Cada sistema de purificaci\u00f3n tiene su propio c\u00f3digo QR para consulta de los resultados de an\u00e1lisis del agua \" width=\"722\" height=\"482\" srcset=\"https:\/\/www.uv.mx\/prensa\/files\/2025\/06\/240625-DAVID-Programa-agua-para-todas-y-todos-Cosustenta-3.jpg 722w, https:\/\/www.uv.mx\/prensa\/files\/2025\/06\/240625-DAVID-Programa-agua-para-todas-y-todos-Cosustenta-3-300x200.jpg 300w\" sizes=\"auto, (max-width: 722px) 100vw, 722px\" \/><p id=\"caption-attachment-157363\" class=\"wp-caption-text\">Cada sistema de purificaci\u00f3n tiene su propio c\u00f3digo QR para consulta de los resultados de an\u00e1lisis del agua<\/p><\/div>\n<p>&nbsp;<\/p>\n<p><span data-contrast=\"auto\">Bello Benavides apunt\u00f3 que el programa ha generado arraigo con la comunidad, por lo que m\u00faltiples dependencias les solicitan asesor\u00eda y apoyo para implementarlo.<\/span><span data-ccp-props=\"{&quot;134233117&quot;:false,&quot;134233118&quot;:false,&quot;201341983&quot;:0,&quot;335559731&quot;:705,&quot;335559738&quot;:0,&quot;335559739&quot;:0,&quot;335559740&quot;:240}\">\u00a0<\/span><\/p>\n<p><span data-contrast=\"auto\">\u201cHemos llevado el seguimiento con las entidades que han adoptado el programa y traducimos esta informaci\u00f3n en beneficios ambientales\u201d, agreg\u00f3; \u201cesto es, cu\u00e1ntos residuos s\u00f3lidos se han dejado de producir por la implementaci\u00f3n del agua en sistemas de purificaci\u00f3n\u201d.<\/span><span data-ccp-props=\"{&quot;134233117&quot;:false,&quot;134233118&quot;:false,&quot;201341983&quot;:0,&quot;335559731&quot;:705,&quot;335559738&quot;:0,&quot;335559739&quot;:0,&quot;335559740&quot;:240}\">\u00a0<\/span><\/p>\n<p><span data-contrast=\"auto\">La coordinadora resalt\u00f3 que no ha habido un sistema de purificaci\u00f3n vandalizado, lo cual \u201ces un reflejo de que hubo una apropiaci\u00f3n del programa por parte de toda la comunidad, porque lo cuida y si ven que algo no funciona, hacen un reporte\u201d.<\/span><span data-ccp-props=\"{&quot;134233117&quot;:false,&quot;134233118&quot;:false,&quot;201341983&quot;:0,&quot;335559731&quot;:705,&quot;335559738&quot;:0,&quot;335559739&quot;:0,&quot;335559740&quot;:240}\">\u00a0<\/span><\/p>\n<p><span data-contrast=\"auto\">Despu\u00e9s del reporte, <\/span><i><span data-contrast=\"auto\">Cosustenta<\/span><\/i><span data-contrast=\"auto\"> realiza pruebas al sistema y si resultan positivas a agentes bacteriol\u00f3gicos o fisicoqu\u00edmicos, entra en suspensi\u00f3n, con la consigna de que no pueden pasar m\u00e1s de dos semanas para que se repare y vuelva a estar en operaci\u00f3n.<\/span><span data-ccp-props=\"{&quot;134233117&quot;:false,&quot;134233118&quot;:false,&quot;201341983&quot;:0,&quot;335559731&quot;:705,&quot;335559738&quot;:0,&quot;335559739&quot;:0,&quot;335559740&quot;:240}\">\u00a0<\/span><\/p>\n<p><span data-contrast=\"auto\">Cada sistema de purificaci\u00f3n tiene un c\u00f3digo QR espec\u00edfico que al ser escaneado muestra qu\u00e9 qu\u00edmicos se analizaron, en cu\u00e1l de los laboratorios se realiz\u00f3 el estudio y qu\u00e9 especialista valid\u00f3 esa prueba.<\/span><\/p>\n<div id=\"attachment_157366\" style=\"width: 649px\" class=\"wp-caption aligncenter\"><img loading=\"lazy\" decoding=\"async\" aria-describedby=\"caption-attachment-157366\" class=\"size-large wp-image-157366\" src=\"https:\/\/www.uv.mx\/prensa\/files\/2025\/06\/240625-DAVID-Programa-agua-para-todas-y-todos-Cosustenta-4-683x1024.jpg\" alt=\"Las muestras de agua potable son analizadas en laboratorios de la UV \" width=\"639\" height=\"958\" srcset=\"https:\/\/www.uv.mx\/prensa\/files\/2025\/06\/240625-DAVID-Programa-agua-para-todas-y-todos-Cosustenta-4-683x1024.jpg 683w, https:\/\/www.uv.mx\/prensa\/files\/2025\/06\/240625-DAVID-Programa-agua-para-todas-y-todos-Cosustenta-4-200x300.jpg 200w, https:\/\/www.uv.mx\/prensa\/files\/2025\/06\/240625-DAVID-Programa-agua-para-todas-y-todos-Cosustenta-4.jpg 722w\" sizes=\"auto, (max-width: 639px) 100vw, 639px\" \/><p id=\"caption-attachment-157366\" class=\"wp-caption-text\">Las muestras de agua potable son analizadas en laboratorios de la UV<\/p><\/div>\n<p>&nbsp;<\/p>\n<p><span data-contrast=\"auto\">Fueron los alumnos de Inform\u00e1tica quienes desarrollaron la p\u00e1gina y la base de datos para el monitoreo, que genera un expediente por cada sistema de purificaci\u00f3n.<\/span><span data-ccp-props=\"{&quot;134233117&quot;:false,&quot;134233118&quot;:false,&quot;201341983&quot;:0,&quot;335559731&quot;:705,&quot;335559738&quot;:0,&quot;335559739&quot;:0,&quot;335559740&quot;:240}\">\u00a0<\/span><\/p>\n<p><span data-contrast=\"auto\">Laura Bella apunt\u00f3 que en <\/span><i><span data-contrast=\"auto\">Cosustenta<\/span><\/i><span data-contrast=\"auto\">, para iniciar una actividad o arrancar un proyecto se parte de un diagn\u00f3stico y una valoraci\u00f3n; por ello realizaron un estudio social de percepciones y un estudio en campo para implementar acciones que fortalecieran el programa.<\/span><span data-ccp-props=\"{&quot;134233117&quot;:false,&quot;134233118&quot;:false,&quot;201341983&quot;:0,&quot;335559731&quot;:705,&quot;335559738&quot;:0,&quot;335559739&quot;:0,&quot;335559740&quot;:240}\">\u00a0<\/span><\/p>\n<p><span data-contrast=\"auto\">La segunda etapa, que iniciar\u00e1 pr\u00f3ximamente, est\u00e1 orientada a llevar agua potable a las comunidades, comenzando con las Casas UV y las sedes de la Universidad Veracruzana Intercultural.<\/span><span data-ccp-props=\"{&quot;134233117&quot;:false,&quot;134233118&quot;:false,&quot;201341983&quot;:0,&quot;335559731&quot;:705,&quot;335559738&quot;:0,&quot;335559739&quot;:0,&quot;335559740&quot;:240}\">\u00a0<\/span><\/p>\n<p><span data-contrast=\"auto\">\u201cAhora vamos a llevar el agua a la poblaci\u00f3n; dise\u00f1amos unos bebederos m\u00f3viles, y aunque ya existen en el mercado nosotros les hicimos adecuaciones, en colaboraci\u00f3n con la Facultad de Ingenier\u00eda e Instrumentaci\u00f3n Electr\u00f3nica, para llevarlos a lugares de dif\u00edcil acceso\u201d, expres\u00f3 la funcionaria.<\/span><span data-ccp-props=\"{&quot;134233117&quot;:false,&quot;134233118&quot;:false,&quot;201341983&quot;:0,&quot;335559731&quot;:705,&quot;335559738&quot;:0,&quot;335559739&quot;:0,&quot;335559740&quot;:240}\">\u00a0<\/span><\/p>\n","protected":false},"excerpt":{"rendered":"<p>En la regi\u00f3n Xalapa se cuenta con 90 dispositivos y en una segunda etapa se llevar\u00e1 el programa a las Casas UV y a la UV-Intercultural<\/p>\n","protected":false},"author":1775,"featured_media":157362,"comment_status":"closed","ping_status":"closed","sticky":false,"template":"","format":"standard","meta":{"footnotes":""},"categories":[15423,1,61,6299],"tags":[3266,6263,695,157,4159,5227,5583,554,15841,3516],"class_list":["post-157403","post","type-post","status-publish","format-standard","has-post-thumbnail","hentry","category-estudiantes","category-general","category-banner","category-sustentabilidad","tag-agua","tag-cesar-pisil-ramos","tag-coordinacion-universitaria-para-la-sustentabilidad","tag-cosustenta","tag-david-sandoval-rodriguez","tag-derecho-humano","tag-laura-bello-benavides","tag-programa","tag-sistema-de-purificacion-de-agua","tag-uv-sustentable"],"_links":{"self":[{"href":"https:\/\/www.uv.mx\/prensa\/wp-json\/wp\/v2\/posts\/157403","targetHints":{"allow":["GET"]}}],"collection":[{"href":"https:\/\/www.uv.mx\/prensa\/wp-json\/wp\/v2\/posts"}],"about":[{"href":"https:\/\/www.uv.mx\/prensa\/wp-json\/wp\/v2\/types\/post"}],"author":[{"embeddable":true,"href":"https:\/\/www.uv.mx\/prensa\/wp-json\/wp\/v2\/users\/1775"}],"replies":[{"embeddable":true,"href":"https:\/\/www.uv.mx\/prensa\/wp-json\/wp\/v2\/comments?post=157403"}],"version-history":[{"count":1,"href":"https:\/\/www.uv.mx\/prensa\/wp-json\/wp\/v2\/posts\/157403\/revisions"}],"predecessor-version":[{"id":157404,"href":"https:\/\/www.uv.mx\/prensa\/wp-json\/wp\/v2\/posts\/157403\/revisions\/157404"}],"wp:featuredmedia":[{"embeddable":true,"href":"https:\/\/www.uv.mx\/prensa\/wp-json\/wp\/v2\/media\/157362"}],"wp:attachment":[{"href":"https:\/\/www.uv.mx\/prensa\/wp-json\/wp\/v2\/media?parent=157403"}],"wp:term":[{"taxonomy":"category","embeddable":true,"href":"https:\/\/www.uv.mx\/prensa\/wp-json\/wp\/v2\/categories?post=157403"},{"taxonomy":"post_tag","embeddable":true,"href":"https:\/\/www.uv.mx\/prensa\/wp-json\/wp\/v2\/tags?post=157403"}],"curies":[{"name":"wp","href":"https:\/\/api.w.org\/{rel}","templated":true}]}}