{"id":15737,"date":"2016-09-21T13:47:02","date_gmt":"2016-09-21T18:47:02","guid":{"rendered":"https:\/\/www.uv.mx\/prensa\/?p=15737"},"modified":"2016-09-21T13:47:02","modified_gmt":"2016-09-21T18:47:02","slug":"universitarios-fortalecen-acciones-de-proteccion-civil","status":"publish","type":"post","link":"https:\/\/www.uv.mx\/prensa\/regiones\/universitarios-fortalecen-acciones-de-proteccion-civil\/","title":{"rendered":"Universitarios fortalecen  acciones de protecci\u00f3n civil"},"content":{"rendered":"<p><strong><em>\u00a0<\/em><\/strong><\/p>\n<p>&nbsp;<\/p>\n<div id=\"attachment_15740\" style=\"width: 732px\" class=\"wp-caption aligncenter\"><a href=\"https:\/\/www.uv.mx\/prensa\/files\/2016\/09\/1-21-15.jpg\"><img loading=\"lazy\" decoding=\"async\" aria-describedby=\"caption-attachment-15740\" class=\"size-full wp-image-15740\" src=\"https:\/\/www.uv.mx\/prensa\/files\/2016\/09\/1-21-15.jpg\" alt=\"Autoridades universitarias inauguraron la Semana de la Protecci\u00f3n Civil \" width=\"722\" height=\"541\" srcset=\"https:\/\/www.uv.mx\/prensa\/files\/2016\/09\/1-21-15.jpg 722w, https:\/\/www.uv.mx\/prensa\/files\/2016\/09\/1-21-15-300x225.jpg 300w\" sizes=\"auto, (max-width: 722px) 100vw, 722px\" \/><\/a><p id=\"caption-attachment-15740\" class=\"wp-caption-text\">Autoridades universitarias inauguraron la Semana de la Protecci\u00f3n Civil<\/p><\/div>\n<p>&nbsp;<\/p>\n<p><strong><em>Boca del R\u00edo, Ver.<\/em><\/strong>\u00a0<strong><em>21\/09\/2016.-<\/em><\/strong><em>\u00a0<\/em>La Universidad Veracruzana (UV), a trav\u00e9s de la Vicerrector\u00eda Veracruz y de la Coordinaci\u00f3n Regional del Sistema Universitario de Gesti\u00f3n Integral de Riesgo (SUGIR), lleva a cabo la Semana de la Protecci\u00f3n Civil, desde el 19 y hasta el 23 de septiembre, en la cual especialistas imparten conferencias en las diferentes entidades acad\u00e9micas con el objetivo de informar y reforzar aspectos del tema al interior de la comunidad universitaria.<\/p>\n<p>En las pl\u00e1ticas informativas y simulacros participan estudiantes, acad\u00e9micos y personal administrativo de la UV. Temas como fen\u00f3menos hidrometeorol\u00f3gicos, medidas de seguridad y protecci\u00f3n ciudadana, tipos de simulacros, fen\u00f3menos sanitarios-ecol\u00f3gicos y prevenci\u00f3n del delito fueron abordados por personal de la Polic\u00eda Naval, del C4, de la Polic\u00eda Federal, del Departamento Toxicol\u00f3gico y de Protecci\u00f3n Civil de Paso de Ovejas, por mencionar algunos.<\/p>\n<p>&nbsp;<\/p>\n<div id=\"attachment_15743\" style=\"width: 732px\" class=\"wp-caption aligncenter\"><a href=\"https:\/\/www.uv.mx\/prensa\/files\/2016\/09\/vil-2.jpg\"><img loading=\"lazy\" decoding=\"async\" aria-describedby=\"caption-attachment-15743\" class=\"size-full wp-image-15743\" src=\"https:\/\/www.uv.mx\/prensa\/files\/2016\/09\/vil-2.jpg\" alt=\"Personal de la Polic\u00eda Naval imparti\u00f3 una pl\u00e1tica\" width=\"722\" height=\"542\" srcset=\"https:\/\/www.uv.mx\/prensa\/files\/2016\/09\/vil-2.jpg 722w, https:\/\/www.uv.mx\/prensa\/files\/2016\/09\/vil-2-300x225.jpg 300w\" sizes=\"auto, (max-width: 722px) 100vw, 722px\" \/><\/a><p id=\"caption-attachment-15743\" class=\"wp-caption-text\">Personal de la Polic\u00eda Naval imparti\u00f3 una pl\u00e1tica<\/p><\/div>\n<p>&nbsp;<\/p>\n<p>El vicerrector Alfonso P\u00e9rez Morales agradeci\u00f3 la disponibilidad de los ponentes para compartir sus conocimientos con la comunidad universitaria. A los estudiantes y maestros los exhort\u00f3 a no hacer caso omiso de la informaci\u00f3n y mantener una vigilia constante ante los riesgos de seguridad ciudadana y ambientales.<\/p>\n<p>Por su parte, Lorena Nevero Arreola, coordinadora regional del SUGIR, explic\u00f3 que de manera constante se informa a la comunidad acerca de las medidas preventivas, pero que en la Semana de la Protecci\u00f3n Civil se realizan actividades alternas para reforzarlas.<\/p>\n<div id=\"attachment_15746\" style=\"width: 732px\" class=\"wp-caption aligncenter\"><a href=\"https:\/\/www.uv.mx\/prensa\/files\/2016\/09\/l-3.jpg\"><img loading=\"lazy\" decoding=\"async\" aria-describedby=\"caption-attachment-15746\" class=\"size-full wp-image-15746\" src=\"https:\/\/www.uv.mx\/prensa\/files\/2016\/09\/l-3.jpg\" alt=\"Estudiantes escucharon las medidas preventivas de seguridad\" width=\"722\" height=\"541\" srcset=\"https:\/\/www.uv.mx\/prensa\/files\/2016\/09\/l-3.jpg 722w, https:\/\/www.uv.mx\/prensa\/files\/2016\/09\/l-3-300x225.jpg 300w\" sizes=\"auto, (max-width: 722px) 100vw, 722px\" \/><\/a><p id=\"caption-attachment-15746\" class=\"wp-caption-text\">Estudiantes escucharon las medidas preventivas de seguridad<\/p><\/div>\n","protected":false},"excerpt":{"rendered":"<p>La Universidad Veracruzana (UV), a trav\u00e9s de la Vicerrector\u00eda Veracruz y de la Coordinaci\u00f3n Regional del Sistema Universitario de Gesti\u00f3n Integral de Riesgo (SUGIR), lleva a cabo la Semana de la Protecci\u00f3n Civil, desde el 19 y hasta el 23 de septiembre, en la cual especialistas imparten conferencias en las diferentes entidades acad\u00e9micas con el objetivo de informar y reforzar aspectos del tema al interior de la comunidad universitaria.<\/p>\n","protected":false},"author":1810,"featured_media":15738,"comment_status":"closed","ping_status":"closed","sticky":false,"template":"","format":"standard","meta":{"footnotes":""},"categories":[32],"tags":[33],"class_list":["post-15737","post","type-post","status-publish","format-standard","has-post-thumbnail","hentry","category-regiones","tag-regiones"],"_links":{"self":[{"href":"https:\/\/www.uv.mx\/prensa\/wp-json\/wp\/v2\/posts\/15737","targetHints":{"allow":["GET"]}}],"collection":[{"href":"https:\/\/www.uv.mx\/prensa\/wp-json\/wp\/v2\/posts"}],"about":[{"href":"https:\/\/www.uv.mx\/prensa\/wp-json\/wp\/v2\/types\/post"}],"author":[{"embeddable":true,"href":"https:\/\/www.uv.mx\/prensa\/wp-json\/wp\/v2\/users\/1810"}],"replies":[{"embeddable":true,"href":"https:\/\/www.uv.mx\/prensa\/wp-json\/wp\/v2\/comments?post=15737"}],"version-history":[{"count":0,"href":"https:\/\/www.uv.mx\/prensa\/wp-json\/wp\/v2\/posts\/15737\/revisions"}],"wp:featuredmedia":[{"embeddable":true,"href":"https:\/\/www.uv.mx\/prensa\/wp-json\/wp\/v2\/media\/15738"}],"wp:attachment":[{"href":"https:\/\/www.uv.mx\/prensa\/wp-json\/wp\/v2\/media?parent=15737"}],"wp:term":[{"taxonomy":"category","embeddable":true,"href":"https:\/\/www.uv.mx\/prensa\/wp-json\/wp\/v2\/categories?post=15737"},{"taxonomy":"post_tag","embeddable":true,"href":"https:\/\/www.uv.mx\/prensa\/wp-json\/wp\/v2\/tags?post=15737"}],"curies":[{"name":"wp","href":"https:\/\/api.w.org\/{rel}","templated":true}]}}