{"id":157348,"date":"2025-06-25T19:02:16","date_gmt":"2025-06-26T00:02:16","guid":{"rendered":"https:\/\/www.uv.mx\/prensa\/?p=157348"},"modified":"2025-06-25T19:02:16","modified_gmt":"2025-06-26T00:02:16","slug":"alumna-de-posgrado-uv-realizo-estancia-en-venezuela","status":"publish","type":"post","link":"https:\/\/www.uv.mx\/prensa\/general\/alumna-de-posgrado-uv-realizo-estancia-en-venezuela\/","title":{"rendered":"Alumna de posgrado UV realiz\u00f3 estancia en Venezuela"},"content":{"rendered":"<ul>\n<li data-leveltext=\"\uf0b7\" data-font=\"Symbol\" data-listid=\"2\" data-list-defn-props=\"{&quot;335552541&quot;:1,&quot;335559685&quot;:720,&quot;335559991&quot;:360,&quot;469769226&quot;:&quot;Symbol&quot;,&quot;469769242&quot;:[8226],&quot;469777803&quot;:&quot;left&quot;,&quot;469777804&quot;:&quot;\uf0b7&quot;,&quot;469777815&quot;:&quot;hybridMultilevel&quot;}\" data-aria-posinset=\"1\" data-aria-level=\"1\"><i><span data-contrast=\"auto\">Para fortalecer su tesis sobre la din\u00e1mica poblacional y reproductiva del cangrejo\u202fAratus pisonii<\/span><\/i><span data-ccp-props=\"{&quot;201341983&quot;:0,&quot;335559739&quot;:0,&quot;335559740&quot;:240}\">\u00a0<\/span><\/li>\n<\/ul>\n<ul>\n<li data-leveltext=\"\uf0b7\" data-font=\"Symbol\" data-listid=\"2\" data-list-defn-props=\"{&quot;335552541&quot;:1,&quot;335559685&quot;:720,&quot;335559991&quot;:360,&quot;469769226&quot;:&quot;Symbol&quot;,&quot;469769242&quot;:[8226],&quot;469777803&quot;:&quot;left&quot;,&quot;469777804&quot;:&quot;\uf0b7&quot;,&quot;469777815&quot;:&quot;hybridMultilevel&quot;}\" data-aria-posinset=\"2\" data-aria-level=\"1\"><i><span data-contrast=\"auto\">Rosario Rub\u00ed Hern\u00e1ndez Hern\u00e1ndez cursa la Maestr\u00eda en Manejo de Ecosistemas Marinos y Costeros en el <\/span><\/i><span data-contrast=\"auto\">campus<\/span><i><span data-contrast=\"auto\"> Tuxpan<\/span><\/i><span data-ccp-props=\"{&quot;201341983&quot;:0,&quot;335559739&quot;:0,&quot;335559740&quot;:240}\">\u00a0<\/span><\/li>\n<\/ul>\n<p><span data-ccp-props=\"{&quot;201341983&quot;:0,&quot;335559739&quot;:0,&quot;335559740&quot;:240}\">\u00a0<\/span><\/p>\n<div id=\"attachment_157303\" style=\"width: 732px\" class=\"wp-caption aligncenter\"><img loading=\"lazy\" decoding=\"async\" aria-describedby=\"caption-attachment-157303\" class=\"size-full wp-image-157303\" src=\"https:\/\/www.uv.mx\/prensa\/files\/2025\/06\/230625-Estancia-Venezuela-FCBA-Tux-1.jpg\" alt=\"\" width=\"722\" height=\"1080\" srcset=\"https:\/\/www.uv.mx\/prensa\/files\/2025\/06\/230625-Estancia-Venezuela-FCBA-Tux-1.jpg 722w, https:\/\/www.uv.mx\/prensa\/files\/2025\/06\/230625-Estancia-Venezuela-FCBA-Tux-1-201x300.jpg 201w, https:\/\/www.uv.mx\/prensa\/files\/2025\/06\/230625-Estancia-Venezuela-FCBA-Tux-1-685x1024.jpg 685w\" sizes=\"auto, (max-width: 722px) 100vw, 722px\" \/><p id=\"caption-attachment-157303\" class=\"wp-caption-text\">Rosario desarroll\u00f3 actividades de laboratorio, como parte del taller de metodolog\u00edas en crust\u00e1ceos en el Laboratorio de Ecolog\u00eda Acu\u00e1tica, con el fin de estimar la fecundidad en <em>Aratus pisonii<\/em><\/p><\/div>\n<p><span data-ccp-props=\"{&quot;201341983&quot;:0,&quot;335559739&quot;:0,&quot;335559740&quot;:240}\">\u00a0<\/span><\/p>\n<p><b><i><span data-contrast=\"auto\">Alma Celia San Mart\u00edn Cruz<\/span><\/i><\/b><span data-ccp-props=\"{&quot;201341983&quot;:0,&quot;335559739&quot;:0,&quot;335559740&quot;:240}\">\u00a0<\/span><\/p>\n<p><b><i><span data-contrast=\"auto\">Fotograf\u00edas: Cortes\u00eda Rosario Rub\u00ed Hern\u00e1ndez<\/span><\/i><\/b><span data-ccp-props=\"{&quot;201341983&quot;:0,&quot;335559739&quot;:0,&quot;335559740&quot;:240}\">\u00a0<\/span><\/p>\n<p><b><i><span data-contrast=\"auto\">25\/06\/2025, Tuxpan, Ver.- <\/span><\/i><\/b><span data-contrast=\"auto\">Rosario Rub\u00ed Hern\u00e1ndez Hern\u00e1ndez, estudiante de la Maestr\u00eda en Manejo de Ecosistemas Marinos y Costeros de la Universidad Veracruzana (UV), del <\/span><i><span data-contrast=\"auto\">campus<\/span><\/i><span data-contrast=\"auto\"> Tuxpan, realiz\u00f3 una estancia acad\u00e9mica en el Centro de Ecolog\u00eda del Instituto Venezolano de Investigaciones Cient\u00edficas (IVIC) en la ciudad de Altos de Pipe, estado Miranda, en Venezuela.<\/span><span data-ccp-props=\"{&quot;201341983&quot;:0,&quot;335559739&quot;:0,&quot;335559740&quot;:240}\">\u00a0<\/span><\/p>\n<p><span data-contrast=\"auto\">Explic\u00f3 que el objetivo de la estancia fue robustecer sus conocimientos y aplicarlos a su tesis sobre la din\u00e1mica poblacional y reproductiva del cangrejo\u202f<\/span><i><span data-contrast=\"auto\">Aratus pisonii<\/span><\/i><span data-contrast=\"auto\">,\u202fcon el fin de profundizar en los aspectos reproductivos, la fecundidad y el esfuerzo de muestreo de estos organismos.<\/span><\/p>\n<p>&nbsp;<\/p>\n<div id=\"attachment_157302\" style=\"width: 732px\" class=\"wp-caption aligncenter\"><img loading=\"lazy\" decoding=\"async\" aria-describedby=\"caption-attachment-157302\" class=\"size-full wp-image-157302\" src=\"https:\/\/www.uv.mx\/prensa\/files\/2025\/06\/230625-Estancia-Venezuela-FCBA-Tux-2.jpg\" alt=\"\" width=\"722\" height=\"960\" srcset=\"https:\/\/www.uv.mx\/prensa\/files\/2025\/06\/230625-Estancia-Venezuela-FCBA-Tux-2.jpg 722w, https:\/\/www.uv.mx\/prensa\/files\/2025\/06\/230625-Estancia-Venezuela-FCBA-Tux-2-226x300.jpg 226w\" sizes=\"auto, (max-width: 722px) 100vw, 722px\" \/><p id=\"caption-attachment-157302\" class=\"wp-caption-text\">Como parte de sus actividades de pasant\u00eda en la playa de Buche, realiz\u00f3 la toma de mediciones de este cangrejo, acompa\u00f1ada de Beatriz L\u00f3pez, quien le apoy\u00f3 en su estancia<\/p><\/div>\n<p><span data-contrast=\"auto\">\u00a0<\/span><span data-ccp-props=\"{&quot;201341983&quot;:0,&quot;335559731&quot;:708,&quot;335559739&quot;:0,&quot;335559740&quot;:240}\">\u00a0<\/span><\/p>\n<p><span data-contrast=\"auto\">Para ello, logr\u00f3 perfeccionar t\u00e9cnicas de muestreo y an\u00e1lisis de datos, aprendiendo metodolog\u00edas utilizadas por expertos del IVIC, adem\u00e1s de evaluar el impacto de factores como la salinidad y la estructura del manglar en las poblaciones de<\/span> <span data-contrast=\"auto\">esta especie.<\/span><span data-ccp-props=\"{&quot;201341983&quot;:0,&quot;335559731&quot;:708,&quot;335559739&quot;:0,&quot;335559740&quot;:240}\">\u00a0<\/span><\/p>\n<p><span data-contrast=\"auto\">Rosario Rub\u00ed coment\u00f3 que esta experiencia en Venezuela fue una oportunidad valiosa, donde particip\u00f3 en actividades de laboratorio, seminarios, salidas de campo y profundiz\u00f3 en el proyecto de tesis.<\/span><span data-ccp-props=\"{&quot;201341983&quot;:0,&quot;335559731&quot;:708,&quot;335559739&quot;:0,&quot;335559740&quot;:240}\">\u00a0<\/span><\/p>\n<p><span data-contrast=\"auto\">\u201cLa primera salida de campo fue en la ciudad de Higuerote en el estado de Miranda, Venezuela, donde se llev\u00f3 a cabo la visita a diversas zonas de manglar como la laguna de la Reina, Los Totumos y Carenero; adem\u00e1s, se implementaron m\u00e9todos de muestreo para el estudio de cangrejos, con finalidad de procesar los datos obtenidos\u201d, coment\u00f3 la estudiante.<\/span><\/p>\n<p>&nbsp;<\/p>\n<div id=\"attachment_157301\" style=\"width: 732px\" class=\"wp-caption aligncenter\"><img loading=\"lazy\" decoding=\"async\" aria-describedby=\"caption-attachment-157301\" class=\"size-full wp-image-157301\" src=\"https:\/\/www.uv.mx\/prensa\/files\/2025\/06\/230625-Estancia-Venezuela-FCBA-Tux-3.jpg\" alt=\"\" width=\"722\" height=\"644\" srcset=\"https:\/\/www.uv.mx\/prensa\/files\/2025\/06\/230625-Estancia-Venezuela-FCBA-Tux-3.jpg 722w, https:\/\/www.uv.mx\/prensa\/files\/2025\/06\/230625-Estancia-Venezuela-FCBA-Tux-3-300x268.jpg 300w\" sizes=\"auto, (max-width: 722px) 100vw, 722px\" \/><p id=\"caption-attachment-157301\" class=\"wp-caption-text\">Rosario Rub\u00ed Hern\u00e1ndez Hern\u00e1ndez, estudiante de la Maestr\u00eda en Manejo de Ecosistemas Marinos y Costeros de la UV en Tuxpan<\/p><\/div>\n<p><span data-ccp-props=\"{&quot;201341983&quot;:0,&quot;335559731&quot;:708,&quot;335559739&quot;:0,&quot;335559740&quot;:240}\">\u00a0<\/span><\/p>\n<p><span data-contrast=\"auto\">Dijo que, gracias a esta movilidad internacional, pudo acceder a literatura especializada, equipos de laboratorio avanzados y asesor\u00edas de investigaci\u00f3n con d\u00e9cadas de experiencia en crust\u00e1ceos.\u00a0<\/span><span data-ccp-props=\"{&quot;201341983&quot;:0,&quot;335559731&quot;:708,&quot;335559739&quot;:0,&quot;335559740&quot;:240}\">\u00a0<\/span><\/p>\n<p><span data-contrast=\"auto\">Tambi\u00e9n fue invitada a participar en un seminario sobre el avance de proyecto de tesis, por lo que pudo dar difusi\u00f3n de los trabajos que realiza en M\u00e9xico a la comunidad acad\u00e9mica del Instituto Venezolano de Investigaciones Cient\u00edficas.<\/span><span data-ccp-props=\"{&quot;201341983&quot;:0,&quot;335559731&quot;:708,&quot;335559739&quot;:0,&quot;335559740&quot;:240}\">\u00a0<\/span><\/p>\n<p><span data-contrast=\"auto\">\u201cEn el \u00e1mbito profesional, esta movilidad me brind\u00f3 herramientas pr\u00e1cticas para enfrentar desaf\u00edos en el campo de la ecolog\u00eda y la conservaci\u00f3n. De manera personal, esta estancia fue una experiencia satisfactoria que me hizo ver de manera distinta las situaciones personales y estudiantiles\u201d, cit\u00f3.<\/span><\/p>\n<p>&nbsp;<\/p>\n<div id=\"attachment_157300\" style=\"width: 732px\" class=\"wp-caption aligncenter\"><img loading=\"lazy\" decoding=\"async\" aria-describedby=\"caption-attachment-157300\" class=\"size-full wp-image-157300\" src=\"https:\/\/www.uv.mx\/prensa\/files\/2025\/06\/230625-Estancia-Venezuela-FCBA-Tux-4.jpg\" alt=\"\" width=\"722\" height=\"481\" srcset=\"https:\/\/www.uv.mx\/prensa\/files\/2025\/06\/230625-Estancia-Venezuela-FCBA-Tux-4.jpg 722w, https:\/\/www.uv.mx\/prensa\/files\/2025\/06\/230625-Estancia-Venezuela-FCBA-Tux-4-300x200.jpg 300w\" sizes=\"auto, (max-width: 722px) 100vw, 722px\" \/><p id=\"caption-attachment-157300\" class=\"wp-caption-text\">Particip\u00f3 en el Centro de Ecolog\u00eda del Instituto Venezolano de Investigaciones Cient\u00edficas (IVIC), con la ponencia sobre la din\u00e1mica poblacional del cangrejo arbor\u00edcola <em>Aratus pisonii<\/em><\/p><\/div>\n<p><span data-contrast=\"auto\">\u00a0<\/span><span data-ccp-props=\"{&quot;201341983&quot;:0,&quot;335559731&quot;:708,&quot;335559739&quot;:0,&quot;335559740&quot;:240}\">\u00a0<\/span><\/p>\n<p><span data-contrast=\"auto\">Rosario Rub\u00ed Hern\u00e1ndez se\u00f1al\u00f3 que visitar un pa\u00eds con una alta diversidad le ayud\u00f3 a apreciar la importancia de la conservaci\u00f3n de los ecosistemas costeros y su impacto en las comunidades cercanas. Adem\u00e1s, conocer a colegas y expertos le ense\u00f1\u00f3 la importancia de la colaboraci\u00f3n y el intercambio de ideas en el \u00e1mbito cient\u00edfico.<\/span><span data-ccp-props=\"{&quot;201341983&quot;:0,&quot;335559731&quot;:708,&quot;335559739&quot;:0,&quot;335559740&quot;:240}\">\u00a0<\/span><\/p>\n<p><span data-contrast=\"auto\">Cabe mencionar que esta movilidad internacional logr\u00f3 realizarla con apoyo del Programa de Movilidad de la UV (<\/span><i><span data-contrast=\"auto\">Promuv<\/span><\/i><span data-contrast=\"auto\">) y recursos de su posgrado de adscripci\u00f3n, por lo que agradeci\u00f3 la implementaci\u00f3n de este tipo de programas que favorecen el desarrollo de proyectos y la generaci\u00f3n de una visi\u00f3n cient\u00edfica m\u00e1s amplia.<\/span><span data-ccp-props=\"{&quot;201341983&quot;:0,&quot;335559731&quot;:708,&quot;335559739&quot;:0,&quot;335559740&quot;:240}\">\u00a0<\/span><\/p>\n<p><span data-contrast=\"auto\">Finalmente, destac\u00f3 que estas oportunidades son esenciales para que los estudiantes ampliemos nuestros horizontes y generemos ciencia de calidad.<\/span><\/p>\n<p>&nbsp;<\/p>\n<div id=\"attachment_157304\" style=\"width: 732px\" class=\"wp-caption aligncenter\"><img loading=\"lazy\" decoding=\"async\" aria-describedby=\"caption-attachment-157304\" class=\"size-full wp-image-157304\" src=\"https:\/\/www.uv.mx\/prensa\/files\/2025\/06\/230625-Estancia-Venezuela-FCBA-Tux-5.jpg\" alt=\"\" width=\"722\" height=\"406\" srcset=\"https:\/\/www.uv.mx\/prensa\/files\/2025\/06\/230625-Estancia-Venezuela-FCBA-Tux-5.jpg 722w, https:\/\/www.uv.mx\/prensa\/files\/2025\/06\/230625-Estancia-Venezuela-FCBA-Tux-5-300x169.jpg 300w\" sizes=\"auto, (max-width: 722px) 100vw, 722px\" \/><p id=\"caption-attachment-157304\" class=\"wp-caption-text\">Rosario Rub\u00ed muestra el proceso de colecta de cangrejos de la especie en proceso de estudio en manglares en Venezuela<\/p><\/div>\n","protected":false},"excerpt":{"rendered":"<p>Rosario Rub\u00ed Hern\u00e1ndez Hern\u00e1ndez, de la Maestr\u00eda en Manejo de Ecosistemas Marinos y Costeros, campus Tuxpan, reforz\u00f3 su tesis sobre las poblaciones y reproducci\u00f3n de cangrejos tropicales en el Centro de Ecolog\u00eda del Instituto Venezolano de Investigaciones Cient\u00edficas<\/p>\n","protected":false},"author":1869,"featured_media":157299,"comment_status":"closed","ping_status":"closed","sticky":false,"template":"","format":"standard","meta":{"footnotes":""},"categories":[15423,1,54,61,32],"tags":[4339,25642,25637,25639,25641,25640,25638,6460,19073,25636,20311],"class_list":["post-157348","post","type-post","status-publish","format-standard","has-post-thumbnail","hentry","category-estudiantes","category-general","category-poza-rica","category-banner","category-regiones","tag-alma-celia-san-martin-cruz","tag-cangrejo-aratus-pisonii","tag-centro-de-ecologia","tag-ciudad-de-altos-de-pipe","tag-en-venezuela","tag-estado-miranda","tag-instituto-venezolano-de-investigaciones-cientificas-ivic","tag-maestria-en-manejo-de-ecosistemas-marinos-y-costeros","tag-programa-de-movilidad-de-la-uv-promuv","tag-rosario-rubi-hernandez-hernandez","tag-universidad-veracruzana-uv"],"_links":{"self":[{"href":"https:\/\/www.uv.mx\/prensa\/wp-json\/wp\/v2\/posts\/157348","targetHints":{"allow":["GET"]}}],"collection":[{"href":"https:\/\/www.uv.mx\/prensa\/wp-json\/wp\/v2\/posts"}],"about":[{"href":"https:\/\/www.uv.mx\/prensa\/wp-json\/wp\/v2\/types\/post"}],"author":[{"embeddable":true,"href":"https:\/\/www.uv.mx\/prensa\/wp-json\/wp\/v2\/users\/1869"}],"replies":[{"embeddable":true,"href":"https:\/\/www.uv.mx\/prensa\/wp-json\/wp\/v2\/comments?post=157348"}],"version-history":[{"count":1,"href":"https:\/\/www.uv.mx\/prensa\/wp-json\/wp\/v2\/posts\/157348\/revisions"}],"predecessor-version":[{"id":157373,"href":"https:\/\/www.uv.mx\/prensa\/wp-json\/wp\/v2\/posts\/157348\/revisions\/157373"}],"wp:featuredmedia":[{"embeddable":true,"href":"https:\/\/www.uv.mx\/prensa\/wp-json\/wp\/v2\/media\/157299"}],"wp:attachment":[{"href":"https:\/\/www.uv.mx\/prensa\/wp-json\/wp\/v2\/media?parent=157348"}],"wp:term":[{"taxonomy":"category","embeddable":true,"href":"https:\/\/www.uv.mx\/prensa\/wp-json\/wp\/v2\/categories?post=157348"},{"taxonomy":"post_tag","embeddable":true,"href":"https:\/\/www.uv.mx\/prensa\/wp-json\/wp\/v2\/tags?post=157348"}],"curies":[{"name":"wp","href":"https:\/\/api.w.org\/{rel}","templated":true}]}}