{"id":15731,"date":"2016-09-21T09:31:04","date_gmt":"2016-09-21T14:31:04","guid":{"rendered":"https:\/\/www.uv.mx\/prensa\/?p=15731"},"modified":"2016-09-21T10:13:51","modified_gmt":"2016-09-21T15:13:51","slug":"uv-sede-de-la-escuela-de-fisica-fundamental","status":"publish","type":"post","link":"https:\/\/www.uv.mx\/prensa\/general\/uv-sede-de-la-escuela-de-fisica-fundamental\/","title":{"rendered":"UV, sede de la Escuela de F\u00edsica Fundamental"},"content":{"rendered":"<ul>\n<li><em>Del 26 al 30 de septiembre se impartir\u00e1n cursos y seminarios sobre f\u00edsica de part\u00edculas<\/em><\/li>\n<li><em>Las actividades se realizar\u00e1n en la sala audiovisual de la Facultad de Arquitectura<\/em><\/li>\n<\/ul>\n<p>&nbsp;<\/p>\n<div id=\"attachment_15732\" style=\"width: 732px\" class=\"wp-caption aligncenter\"><a href=\"https:\/\/www.uv.mx\/prensa\/files\/2016\/09\/Escuela-de-Fisica-okl-kikuju.jpg\"><img loading=\"lazy\" decoding=\"async\" aria-describedby=\"caption-attachment-15732\" class=\"size-full wp-image-15732\" src=\"https:\/\/www.uv.mx\/prensa\/files\/2016\/09\/Escuela-de-Fisica-okl-kikuju.jpg\" alt=\"Sergio Lerma Hern\u00e1ndez, integrante del comit\u00e9 organizador del evento acad\u00e9mico\" width=\"722\" height=\"482\" srcset=\"https:\/\/www.uv.mx\/prensa\/files\/2016\/09\/Escuela-de-Fisica-okl-kikuju.jpg 722w, https:\/\/www.uv.mx\/prensa\/files\/2016\/09\/Escuela-de-Fisica-okl-kikuju-300x200.jpg 300w\" sizes=\"auto, (max-width: 722px) 100vw, 722px\" \/><\/a><p id=\"caption-attachment-15732\" class=\"wp-caption-text\">Sergio Lerma Hern\u00e1ndez, integrante del comit\u00e9 organizador del evento acad\u00e9mico<\/p><\/div>\n<p>&nbsp;<\/p>\n<p><strong><em>Paola Cort\u00e9s P\u00e9rez<\/em><\/strong><\/p>\n<p>&nbsp;<\/p>\n<p><strong><em>Xalapa, Ver. 21\/09\/2016.-<\/em><\/strong><em>\u00a0<\/em>La Universidad Veracruzana (UV) ser\u00e1 sede por primera ocasi\u00f3n de la XI Escuela de F\u00edsica Fundamental, que se llevar\u00e1 a cabo del 26 al 30 de septiembre en la sala audiovisual de la Facultad de Arquitectura.<\/p>\n<p>Sergio Lerma Hern\u00e1ndez, integrante del Comit\u00e9 Organizador de la escuela, mencion\u00f3 que el objetivo es motivar a j\u00f3venes estudiantes e introducirlos en varios temas b\u00e1sicos que son cruciales para iniciar una carrera de investigaci\u00f3n en la f\u00edsica de part\u00edculas y de altas energ\u00edas.<\/p>\n<p>Cabe destacar que es la primera en su tipo que re\u00fane a destacados cient\u00edficos mexicanos para impartir dichos temas.<\/p>\n<p>Lerma Hern\u00e1ndez coment\u00f3 que la escuela va dirigida a estudiantes de los \u00faltimos semestres de licenciatura y\/o de los primeros de posgrado, interesados en especializarse en f\u00edsica de part\u00edculas, tambi\u00e9n conocida como f\u00edsica de altas energ\u00edas.<\/p>\n<p>Explic\u00f3 que esta rama de la f\u00edsica se encarga de estudiar la naturaleza a su nivel fundamental, es decir, trata de describirla con la mayor generalidad posible, pero a\u00fan hay muchas preguntas por responder y esta escuela puede ser de gran ayuda.<\/p>\n<p>\u201cEn la naturaleza existen cuatro fuerzas: gravitatoria, electromagn\u00e9tica, nuclear d\u00e9bil y nuclear fuerte; tres de ellas son descritas por el modelo est\u00e1ndar \u2500que es el fundamento te\u00f3rico\u2500 y trata de responder cu\u00e1les son las part\u00edculas fundamentales que componen el universo y c\u00f3mo interact\u00faan entre s\u00ed.\u201d<\/p>\n<p>Destac\u00f3 que el evento tiene su origen en la Universidad Michoacana de San Nicol\u00e1s de Hidalgo (UMSNH), un a\u00f1o se lleva a cabo en esta instituci\u00f3n educativa y al siguiente se realiza en alguna otra universidad del pa\u00eds.<\/p>\n<p>El evento, dijo, es financiado por la Red de F\u00edsica de Altas Energ\u00edas del Consejo Nacional Ciencia y Tecnolog\u00eda (<em>Conacyt<\/em>), recursos que tambi\u00e9n son destinados para apoyar a los estudiantes que proceden de universidades de distintas partes del pa\u00eds.<\/p>\n<p>Respecto del programa, detall\u00f3 que investigadores reconocidos a nivel nacional e internacional impartir\u00e1n cuatro cursos y cinco seminarios de actualizaci\u00f3n de temas de frontera, donde participar\u00e1n acad\u00e9micos de la Facultad de F\u00edsica de la UV.<\/p>\n<p>Los cursos quedaron integrados de la siguiente forma: \u201cTeor\u00eda cu\u00e1ntica de campos\u201d, por Alfredo Raya, del Instituto de F\u00edsica y Matem\u00e1ticas de la UMSNH; \u201cF\u00edsica del Higgs\u201d, por Lorenzo D\u00edaz Cruz, de la Facultad de Ciencias F\u00edsico-Matem\u00e1ticas de la Benem\u00e9rita Universidad Aut\u00f3noma de Puebla (BUAP); \u201cCromodin\u00e1mica cu\u00e1ntica\u201d, por Mar\u00eda Elena Tejeda Yeomans, del Departamento de F\u00edsica de la Universidad de Sonora; y \u201cModelo est\u00e1ndar\u201d, por Genaro Toledo, del Instituto de F\u00edsica de la Universidad Nacional Aut\u00f3noma de M\u00e9xico (UNAM).<\/p>\n<p>Los seminarios ser\u00e1n: \u201cQCD y f\u00edsica hadr\u00f3nica\u201d, por Adnan Bashir, del Instituto de F\u00edsica y Matem\u00e1ticas de la UMSNH; \u201cMateria oscura\u201d, por Eric V\u00e1zquez J\u00e1uregui, del Instituto de F\u00edsica de la UNAM; y \u201cSimetr\u00edas y f\u00edsica nuclear\u201d, por Carlos Vargas Madrazo, de la Facultad de F\u00edsica de la UV.<\/p>\n<p>Adem\u00e1s, \u201cCosmolog\u00eda y Gravitaci\u00f3n\u201d, por Miguel Cruz Becerra y Efra\u00edn Rojas, de la Facultad de F\u00edsica; \u201cNeutrinos\u201d, por Azucena Bola\u00f1os, tambi\u00e9n de la Facultad de F\u00edsica.<\/p>\n<p>Tambi\u00e9n se contar\u00e1 con la participaci\u00f3n de Gabriel L\u00f3pez, del Departamento de F\u00edsica del <em>Cinvestav<\/em>, y Ulises Salda\u00f1a Salazar, de la Facultad de Ciencias F\u00edsico-Matem\u00e1ticas de la BUAP.<\/p>\n<p>Para mayor informaci\u00f3n sobre la XI Escuela de F\u00edsica Fundamental, consultar la p\u00e1gina <a href=\"https:\/\/www.uv.mx\/ffia\/effxalapa16\/\">https:\/\/www.uv.mx\/ffia\/effxalapa16\/<\/a><\/p>\n","protected":false},"excerpt":{"rendered":"<p><strong><em>Paola Cort\u00e9s.-<\/em><\/strong>La Universidad Veracruzana (UV) ser\u00e1 sede por primera ocasi\u00f3n de la XI Escuela de F\u00edsica Fundamental, que se llevar\u00e1 a cabo del 26 al 30 de septiembre en la sala audiovisual de la Facultad de Arquitectura.<\/p>\n","protected":false},"author":1810,"featured_media":15733,"comment_status":"closed","ping_status":"closed","sticky":false,"template":"","format":"standard","meta":{"footnotes":""},"categories":[1],"tags":[3],"class_list":["post-15731","post","type-post","status-publish","format-standard","has-post-thumbnail","hentry","category-general","tag-secundarias"],"_links":{"self":[{"href":"https:\/\/www.uv.mx\/prensa\/wp-json\/wp\/v2\/posts\/15731","targetHints":{"allow":["GET"]}}],"collection":[{"href":"https:\/\/www.uv.mx\/prensa\/wp-json\/wp\/v2\/posts"}],"about":[{"href":"https:\/\/www.uv.mx\/prensa\/wp-json\/wp\/v2\/types\/post"}],"author":[{"embeddable":true,"href":"https:\/\/www.uv.mx\/prensa\/wp-json\/wp\/v2\/users\/1810"}],"replies":[{"embeddable":true,"href":"https:\/\/www.uv.mx\/prensa\/wp-json\/wp\/v2\/comments?post=15731"}],"version-history":[{"count":0,"href":"https:\/\/www.uv.mx\/prensa\/wp-json\/wp\/v2\/posts\/15731\/revisions"}],"wp:featuredmedia":[{"embeddable":true,"href":"https:\/\/www.uv.mx\/prensa\/wp-json\/wp\/v2\/media\/15733"}],"wp:attachment":[{"href":"https:\/\/www.uv.mx\/prensa\/wp-json\/wp\/v2\/media?parent=15731"}],"wp:term":[{"taxonomy":"category","embeddable":true,"href":"https:\/\/www.uv.mx\/prensa\/wp-json\/wp\/v2\/categories?post=15731"},{"taxonomy":"post_tag","embeddable":true,"href":"https:\/\/www.uv.mx\/prensa\/wp-json\/wp\/v2\/tags?post=15731"}],"curies":[{"name":"wp","href":"https:\/\/api.w.org\/{rel}","templated":true}]}}