{"id":156974,"date":"2025-06-17T12:25:43","date_gmt":"2025-06-17T17:25:43","guid":{"rendered":"https:\/\/www.uv.mx\/prensa\/?p=156974"},"modified":"2025-06-17T12:25:43","modified_gmt":"2025-06-17T17:25:43","slug":"mujeres-sordas-enfrentan-barreras-de-informacion-sobre-salud-sexual","status":"publish","type":"post","link":"https:\/\/www.uv.mx\/prensa\/general\/mujeres-sordas-enfrentan-barreras-de-informacion-sobre-salud-sexual\/","title":{"rendered":"Mujeres sordas enfrentan barreras de informaci\u00f3n sobre salud sexual"},"content":{"rendered":"<p><span data-ccp-props=\"{&quot;201341983&quot;:0,&quot;335559739&quot;:0,&quot;335559740&quot;:240}\">\u00a0<\/span><\/p>\n<ul>\n<li data-leveltext=\"\uf0b7\" data-font=\"Symbol\" data-listid=\"1\" data-list-defn-props=\"{&quot;335551671&quot;:0,&quot;335552541&quot;:1,&quot;335559685&quot;:720,&quot;335559991&quot;:360,&quot;469769226&quot;:&quot;Symbol&quot;,&quot;469769242&quot;:[8226],&quot;469777803&quot;:&quot;left&quot;,&quot;469777804&quot;:&quot;\uf0b7&quot;,&quot;469777815&quot;:&quot;hybridMultilevel&quot;}\" data-aria-posinset=\"0\" data-aria-level=\"1\"><i><span data-contrast=\"auto\">Los conocimientos que reciben provienen de fuentes informales que propician riesgos y pr\u00e1cticas sexuales de riesgo<\/span><\/i><span data-ccp-props=\"{&quot;201341983&quot;:0,&quot;335559739&quot;:0,&quot;335559740&quot;:240}\">\u00a0<\/span><\/li>\n<\/ul>\n<ul>\n<li data-leveltext=\"\uf0b7\" data-font=\"Symbol\" data-listid=\"1\" data-list-defn-props=\"{&quot;335551671&quot;:0,&quot;335552541&quot;:1,&quot;335559685&quot;:720,&quot;335559991&quot;:360,&quot;469769226&quot;:&quot;Symbol&quot;,&quot;469769242&quot;:[8226],&quot;469777803&quot;:&quot;left&quot;,&quot;469777804&quot;:&quot;\uf0b7&quot;,&quot;469777815&quot;:&quot;hybridMultilevel&quot;}\" data-aria-posinset=\"1\" data-aria-level=\"1\"><i><span data-contrast=\"auto\">Alumno de la Facultad de Enfermer\u00eda de la UV realiz\u00f3 investigaci\u00f3n recepcional en Xalapa y Orizaba<\/span><\/i><span data-ccp-props=\"{&quot;201341983&quot;:0,&quot;335559739&quot;:0,&quot;335559740&quot;:240}\">\u00a0<\/span><\/li>\n<\/ul>\n<p>&nbsp;<\/p>\n<div id=\"attachment_156962\" style=\"width: 732px\" class=\"wp-caption aligncenter\"><img loading=\"lazy\" decoding=\"async\" aria-describedby=\"caption-attachment-156962\" class=\"size-full wp-image-156962\" src=\"https:\/\/www.uv.mx\/prensa\/files\/2025\/06\/160625-COUTTOLENC-Barrreras-sexualidad-mujeres-sordas-1.jpg\" alt=\"\" width=\"722\" height=\"481\" srcset=\"https:\/\/www.uv.mx\/prensa\/files\/2025\/06\/160625-COUTTOLENC-Barrreras-sexualidad-mujeres-sordas-1.jpg 722w, https:\/\/www.uv.mx\/prensa\/files\/2025\/06\/160625-COUTTOLENC-Barrreras-sexualidad-mujeres-sordas-1-300x200.jpg 300w\" sizes=\"auto, (max-width: 722px) 100vw, 722px\" \/><p id=\"caption-attachment-156962\" class=\"wp-caption-text\">Investigaci\u00f3n de Manuel Montero Ram\u00edrez se\u00f1ala que mujeres sordas mayores de 18 a\u00f1os enfrentan barreras en acceso a informaci\u00f3n formal sobre salud sexual<\/p><\/div>\n<p>&nbsp;<\/p>\n<p><b><i><span data-contrast=\"auto\">Jos\u00e9 Luis Couttolenc Soto<\/span><\/i><\/b><span data-ccp-props=\"{&quot;201341983&quot;:0,&quot;335559739&quot;:0,&quot;335559740&quot;:240}\">\u00a0<\/span><\/p>\n<p><b><i><span data-contrast=\"auto\">Fotos: Luis Fernando Fern\u00e1ndez y cortes\u00eda Manuel Montero<\/span><\/i><\/b><span data-ccp-props=\"{&quot;201341983&quot;:0,&quot;335559739&quot;:0,&quot;335559740&quot;:240}\">\u00a0<\/span><\/p>\n<p><b><i><span data-contrast=\"auto\">17\/06\/2025, Xalapa, Ver.- <\/span><\/i><\/b><span data-contrast=\"auto\">Mujeres sordas mayores de 18 a\u00f1os enfrentan barreras en acceso a informaci\u00f3n formal sobre salud sexual, pues la reciben de fuentes informales que incrementa riesgos, dificultades, limita su derecho a una vida sexual plena, segura, responsable y tienen que adaptar sus necesidades comunicativas.<\/span><span data-ccp-props=\"{&quot;201341983&quot;:0,&quot;335559739&quot;:0,&quot;335559740&quot;:240}\">\u00a0<\/span><\/p>\n<p><span data-contrast=\"auto\">Lo anterior se desprende de una investigaci\u00f3n realizada por Manuel Montero Ram\u00edrez en Xalapa y Orizaba, como trabajo recepcional de la Licenciatura en Enfermer\u00eda de la Universidad Veracruzana (UV) regi\u00f3n Xalapa.<\/span><span data-ccp-props=\"{&quot;201341983&quot;:0,&quot;335559739&quot;:0,&quot;335559740&quot;:240}\">\u00a0<\/span><\/p>\n<p><span data-contrast=\"auto\">Dio a conocer que los resultados obtenidos refuerzan la necesidad de capacitar a los profesionales de la salud en lengua de se\u00f1as mexicana, con enfoques inclusivos que garanticen el acceso equitativo a los servicios de salud sexual.<\/span><span data-ccp-props=\"{&quot;201341983&quot;:0,&quot;335559739&quot;:0,&quot;335559740&quot;:240}\">\u00a0<\/span><\/p>\n<p><span data-contrast=\"auto\">Resalt\u00f3 que es necesaria una estrategia en la que se contemple la accesibilidad ling\u00fc\u00edstica, sensibilizaci\u00f3n de los prestadores de servicios de salud, y generaci\u00f3n de materiales educativos; considera que solo as\u00ed ser\u00e1 posible avanzar hacia una sociedad m\u00e1s justa donde se respeten y garanticen los derechos sexuales de todas las personas, sin importar su condici\u00f3n auditiva.<\/span><span data-ccp-props=\"{&quot;201341983&quot;:0,&quot;335559739&quot;:0,&quot;335559740&quot;:240}\">\u00a0<\/span><\/p>\n<p>&nbsp;<\/p>\n<div id=\"attachment_156963\" style=\"width: 732px\" class=\"wp-caption aligncenter\"><img loading=\"lazy\" decoding=\"async\" aria-describedby=\"caption-attachment-156963\" class=\"size-full wp-image-156963\" src=\"https:\/\/www.uv.mx\/prensa\/files\/2025\/06\/160625-COUTTOLENC-Barrreras-sexualidad-mujeres-sordas-2.jpg\" alt=\"\" width=\"722\" height=\"542\" srcset=\"https:\/\/www.uv.mx\/prensa\/files\/2025\/06\/160625-COUTTOLENC-Barrreras-sexualidad-mujeres-sordas-2.jpg 722w, https:\/\/www.uv.mx\/prensa\/files\/2025\/06\/160625-COUTTOLENC-Barrreras-sexualidad-mujeres-sordas-2-300x225.jpg 300w\" sizes=\"auto, (max-width: 722px) 100vw, 722px\" \/><p id=\"caption-attachment-156963\" class=\"wp-caption-text\">El alumno de la Licenciatura en Enfermer\u00eda defendi\u00f3 con \u00e9xito su trabajo recepcional<\/p><\/div>\n<p>&nbsp;<\/p>\n<p><span data-contrast=\"auto\">Refiri\u00f3 que la teor\u00eda del cuidado humano, de Jean Watson, resalta la importancia del enfoque emp\u00e1tico centrado en la persona, considerando tanto los aspectos f\u00edsicos como emocionales; en este contexto, es fundamental que los servicios de salud sexual sean adaptados para garantizar que las mujeres sordas reciban un cuidado inclusivo y respetuoso.<\/span><span data-ccp-props=\"{&quot;201341983&quot;:0,&quot;335559739&quot;:0,&quot;335559740&quot;:240}\">\u00a0<\/span><\/p>\n<p><span data-contrast=\"auto\">De acuerdo con el Censo de Poblaci\u00f3n y Vivienda 2020 del Instituto Nacional de Estad\u00edstica y Geograf\u00eda (<\/span><i><span data-contrast=\"auto\">Inegi<\/span><\/i><span data-contrast=\"auto\">), en M\u00e9xico existen 20 millones 114 mil 338 personas en condici\u00f3n de discapacidad (15.96 %) de la poblaci\u00f3n total; en el estado de Veracruz la cifra es de un mill\u00f3n 542 mil 272 (19.13 %) de la poblaci\u00f3n estatal.<\/span><span data-ccp-props=\"{&quot;201341983&quot;:0,&quot;335559739&quot;:0,&quot;335559740&quot;:240}\">\u00a0<\/span><\/p>\n<p><span data-contrast=\"auto\">Aunque no se cuenta con datos espec\u00edficos sobre cu\u00e1nta poblaci\u00f3n sorda existe en Xalapa y Orizaba, excluyendo a personas con cualquier tipo de hipoacusia, se destaca la necesidad de estudiar las condiciones y necesidades de este sector.<\/span><span data-ccp-props=\"{&quot;201341983&quot;:0,&quot;335559731&quot;:708,&quot;335559739&quot;:0,&quot;335559740&quot;:240}\">\u00a0<\/span><\/p>\n<p><span data-contrast=\"auto\">En este contexto, las mujeres sordas mayores de 18 a\u00f1os enfrentan retos particulares en temas de salud sexual; las barreras incluyen falta de materiales accesibles, carencia de int\u00e9rpretes y personal capacitado en lengua de se\u00f1as, as\u00ed como la escasez de informaci\u00f3n adaptada a sus necesidades.<\/span><span data-ccp-props=\"{&quot;201341983&quot;:0,&quot;335559731&quot;:708,&quot;335559739&quot;:0,&quot;335559740&quot;:240}\">\u00a0<\/span><\/p>\n<p><span data-contrast=\"auto\">Manuel Montero Ram\u00edrez extern\u00f3 su confianza de que su estudio ayude a generar aportaciones que contribuyan al dise\u00f1o de estrategias inclusivas en salud sexual, enfocadas en atender las necesidades espec\u00edficas de las mujeres sordas, lo que permitir\u00e1 promover su bienestar integral y su derecho a tomar decisiones informadas, avanzando hacia una sociedad m\u00e1s equitativa e inclusiva.<\/span><span data-ccp-props=\"{&quot;201341983&quot;:0,&quot;335559731&quot;:708,&quot;335559739&quot;:0,&quot;335559740&quot;:240}\">\u00a0<\/span><\/p>\n<p><span data-ccp-props=\"{&quot;201341983&quot;:0,&quot;335559739&quot;:0,&quot;335559740&quot;:240}\">\u00a0<\/span><\/p>\n","protected":false},"excerpt":{"rendered":"<p>Se requiere accesibilidad ling\u00fc\u00edstica en la promoci\u00f3n de la salud sexual en mujeres sordas <\/p>\n","protected":false},"author":1810,"featured_media":156961,"comment_status":"closed","ping_status":"closed","sticky":false,"template":"","format":"standard","meta":{"footnotes":""},"categories":[1,61],"tags":[25357,10183,4162,13708,13316,6592,25354,25358,25356,25355],"class_list":["post-156974","post","type-post","status-publish","format-standard","has-post-thumbnail","hentry","category-general","category-banner","tag-censo-de-poblacion-y-vivienda-2020","tag-instituto-nacional-de-estadistica-y-geografia-inegi","tag-jose-luis-couttolenc-soto","tag-lengua-de-senas-mexicana","tag-licenciatura-en-enfermeria","tag-luis-fernando-fernandez","tag-manuel-montero-ramirez","tag-mujeres-sordas-mayores-de-18-anos","tag-servicios-de-salud-sexual","tag-universidad-veracruzana-uv-region-xalapa"],"_links":{"self":[{"href":"https:\/\/www.uv.mx\/prensa\/wp-json\/wp\/v2\/posts\/156974","targetHints":{"allow":["GET"]}}],"collection":[{"href":"https:\/\/www.uv.mx\/prensa\/wp-json\/wp\/v2\/posts"}],"about":[{"href":"https:\/\/www.uv.mx\/prensa\/wp-json\/wp\/v2\/types\/post"}],"author":[{"embeddable":true,"href":"https:\/\/www.uv.mx\/prensa\/wp-json\/wp\/v2\/users\/1810"}],"replies":[{"embeddable":true,"href":"https:\/\/www.uv.mx\/prensa\/wp-json\/wp\/v2\/comments?post=156974"}],"version-history":[{"count":1,"href":"https:\/\/www.uv.mx\/prensa\/wp-json\/wp\/v2\/posts\/156974\/revisions"}],"predecessor-version":[{"id":156978,"href":"https:\/\/www.uv.mx\/prensa\/wp-json\/wp\/v2\/posts\/156974\/revisions\/156978"}],"wp:featuredmedia":[{"embeddable":true,"href":"https:\/\/www.uv.mx\/prensa\/wp-json\/wp\/v2\/media\/156961"}],"wp:attachment":[{"href":"https:\/\/www.uv.mx\/prensa\/wp-json\/wp\/v2\/media?parent=156974"}],"wp:term":[{"taxonomy":"category","embeddable":true,"href":"https:\/\/www.uv.mx\/prensa\/wp-json\/wp\/v2\/categories?post=156974"},{"taxonomy":"post_tag","embeddable":true,"href":"https:\/\/www.uv.mx\/prensa\/wp-json\/wp\/v2\/tags?post=156974"}],"curies":[{"name":"wp","href":"https:\/\/api.w.org\/{rel}","templated":true}]}}