{"id":156802,"date":"2025-06-12T20:51:45","date_gmt":"2025-06-13T01:51:45","guid":{"rendered":"https:\/\/www.uv.mx\/prensa\/?p=156802"},"modified":"2025-06-12T20:51:45","modified_gmt":"2025-06-13T01:51:45","slug":"uv-y-universidad-de-tarapaca-forjan-vinculos-en-investigacion-educativa","status":"publish","type":"post","link":"https:\/\/www.uv.mx\/prensa\/general\/uv-y-universidad-de-tarapaca-forjan-vinculos-en-investigacion-educativa\/","title":{"rendered":"UV y Universidad de Tarapac\u00e1 forjan v\u00ednculos en investigaci\u00f3n educativa"},"content":{"rendered":"<ul>\n<li data-leveltext=\"\uf0b7\" data-font=\"Symbol\" data-listid=\"6\" data-list-defn-props=\"{&quot;335552541&quot;:1,&quot;335559685&quot;:720,&quot;335559991&quot;:360,&quot;469769226&quot;:&quot;Symbol&quot;,&quot;469769242&quot;:[8226],&quot;469777803&quot;:&quot;left&quot;,&quot;469777804&quot;:&quot;\uf0b7&quot;,&quot;469777815&quot;:&quot;hybridMultilevel&quot;}\" data-aria-posinset=\"1\" data-aria-level=\"1\"><i><span data-contrast=\"auto\">Docentes y alumnado de posgrado de esta casa de estudios y de la instituci\u00f3n chilena realizaron el encuentro virtual \u201cDiversidad e interculturalidad en nuestras investigaciones doctorales\u201d<\/span><\/i><span data-ccp-props=\"{}\">\u00a0<\/span><\/li>\n<\/ul>\n<p><span data-ccp-props=\"{}\">\u00a0<\/span><\/p>\n<div id=\"attachment_156791\" style=\"width: 732px\" class=\"wp-caption aligncenter\"><img loading=\"lazy\" decoding=\"async\" aria-describedby=\"caption-attachment-156791\" class=\"size-full wp-image-156791\" src=\"https:\/\/www.uv.mx\/prensa\/files\/2025\/06\/100625-CARLOS-Encuentro-Chile-UV-1.jpg\" alt=\"\" width=\"722\" height=\"319\" srcset=\"https:\/\/www.uv.mx\/prensa\/files\/2025\/06\/100625-CARLOS-Encuentro-Chile-UV-1.jpg 722w, https:\/\/www.uv.mx\/prensa\/files\/2025\/06\/100625-CARLOS-Encuentro-Chile-UV-1-300x133.jpg 300w\" sizes=\"auto, (max-width: 722px) 100vw, 722px\" \/><p id=\"caption-attachment-156791\" class=\"wp-caption-text\">En el encuentro participaron docentes y alumnos de posgrado de la UV y la UTA<\/p><\/div>\n<p><span data-ccp-props=\"{}\">\u00a0<\/span><\/p>\n<p><b><i><span data-contrast=\"auto\">Texto y fotos: Carlos Hugo Hermida Rosales<\/span><\/i><\/b><span data-ccp-props=\"{}\">\u00a0<\/span><\/p>\n<p><b><i><span data-contrast=\"auto\">12\/06\/2025, Xalapa, Ver.-<\/span><\/i><\/b><span data-contrast=\"auto\"> Docentes y estudiantes del Doctorado en Investigaci\u00f3n Educativa de la Universidad Veracruzana (UV) realizaron un encuentro virtual con sus pares del Doctorado en Educaci\u00f3n de la Universidad de Tarapac\u00e1 (UTA), de Chile, en el cual se presentaron los posgrados y equipos de trabajo de cada instituci\u00f3n.<\/span><span data-ccp-props=\"{}\">\u00a0<\/span><\/p>\n<p><span data-contrast=\"auto\">El evento tuvo por nombre \u201cDiversidad e interculturalidad en nuestras investigaciones doctorales\u201d, e incluy\u00f3 la exposici\u00f3n de proyectos de tesis de alumnado de ambas instituciones.<\/span><span data-ccp-props=\"{}\">\u00a0<\/span><\/p>\n<p><span data-contrast=\"auto\">Roxana Chiappa, miembro de la l\u00ednea de investigaci\u00f3n \u201cAprendizaje escolar, diversidad y cultura\u201d de la UTA, mencion\u00f3 que quienes la integran promueven una discusi\u00f3n sistem\u00e1tica e impulsan el trabajo colaborativo.<\/span><span data-ccp-props=\"{&quot;335559731&quot;:708}\">\u00a0<\/span><\/p>\n<p><span data-contrast=\"auto\">\u201cAbordamos tem\u00e1ticas comunes, con una aspiraci\u00f3n de justicia social y transformaci\u00f3n de los territorios donde laboramos\u201d, enfatiz\u00f3.<\/span><\/p>\n<p>&nbsp;<\/p>\n<div id=\"attachment_156790\" style=\"width: 732px\" class=\"wp-caption aligncenter\"><img loading=\"lazy\" decoding=\"async\" aria-describedby=\"caption-attachment-156790\" class=\"size-full wp-image-156790\" src=\"https:\/\/www.uv.mx\/prensa\/files\/2025\/06\/100625-CARLOS-Encuentro-Chile-UV-2.jpg\" alt=\"\" width=\"722\" height=\"395\" srcset=\"https:\/\/www.uv.mx\/prensa\/files\/2025\/06\/100625-CARLOS-Encuentro-Chile-UV-2.jpg 722w, https:\/\/www.uv.mx\/prensa\/files\/2025\/06\/100625-CARLOS-Encuentro-Chile-UV-2-300x164.jpg 300w\" sizes=\"auto, (max-width: 722px) 100vw, 722px\" \/><p id=\"caption-attachment-156790\" class=\"wp-caption-text\">El doctorado de la UTA gira en torno a dos l\u00edneas de investigaci\u00f3n<\/p><\/div>\n<p><span data-ccp-props=\"{&quot;335559731&quot;:708}\">\u00a0<\/span><\/p>\n<p><span data-contrast=\"auto\">Por su parte, Ra\u00fal Bustos, director del doctorado chileno, coment\u00f3 que el posgrado est\u00e1 reconocido por la Comisi\u00f3n Nacional de Acreditaci\u00f3n de su pa\u00eds.\u00a0<\/span><span data-ccp-props=\"{&quot;335559731&quot;:708}\">\u00a0<\/span><\/p>\n<p><span data-contrast=\"auto\">El plan de estudios apuesta por la formaci\u00f3n de capital humano avanzado para producir transformaciones sociales, y tiene un par de l\u00edneas de investigaci\u00f3n: \u201cEducaci\u00f3n superior\u201d y \u201cAprendizaje escolar, diversidad y cultura\u201d.<\/span><span data-ccp-props=\"{&quot;335559731&quot;:708}\">\u00a0<\/span><\/p>\n<p><span data-contrast=\"auto\">El comit\u00e9 acad\u00e9mico est\u00e1 integrado por el directivo, los docentes Francisco Ganga Contreras, Paola Contreras Hern\u00e1ndez, Sergio Gonz\u00e1lez Miranda y Katherine Acosta Garc\u00eda, adem\u00e1s de la representante estudiantil Daniela P\u00e9rez Ossa.<\/span><span data-ccp-props=\"{&quot;335559731&quot;:708}\">\u00a0<\/span><\/p>\n<p><span data-contrast=\"auto\">Por su parte, Miguel Figueroa Saavedra, del cuerpo acad\u00e9mico (CA) Estudios Interculturales, del Instituto de Investigaciones en Educaci\u00f3n, manifest\u00f3 que a trav\u00e9s de este se busca establecer lazos que permitan la confluencia transdisciplinar para construir y transversalizar el discurso intercultural.<\/span><\/p>\n<p>&nbsp;<\/p>\n<div id=\"attachment_156792\" style=\"width: 732px\" class=\"wp-caption aligncenter\"><img loading=\"lazy\" decoding=\"async\" aria-describedby=\"caption-attachment-156792\" class=\"size-full wp-image-156792\" src=\"https:\/\/www.uv.mx\/prensa\/files\/2025\/06\/100625-CARLOS-Encuentro-Chile-UV-3.jpg\" alt=\"\" width=\"722\" height=\"397\" srcset=\"https:\/\/www.uv.mx\/prensa\/files\/2025\/06\/100625-CARLOS-Encuentro-Chile-UV-3.jpg 722w, https:\/\/www.uv.mx\/prensa\/files\/2025\/06\/100625-CARLOS-Encuentro-Chile-UV-3-300x165.jpg 300w\" sizes=\"auto, (max-width: 722px) 100vw, 722px\" \/><p id=\"caption-attachment-156792\" class=\"wp-caption-text\">Los investigadores de la UV buscan la transversalizaci\u00f3n del discurso intercultural<\/p><\/div>\n<p><span data-ccp-props=\"{&quot;335559731&quot;:708}\">\u00a0<\/span><\/p>\n<p><span data-contrast=\"auto\">Todo por medio de disciplinas que contribuyan a ese debate en el \u00e1mbito educativo, como antropolog\u00eda, pedagog\u00eda, historia, socioling\u00fc\u00edstica, comunicaci\u00f3n, letras y filosof\u00eda, con aportaciones personales o colectivas de investigadores, profesionistas, institutos u organizaciones de la sociedad civil, entre otros.\u00a0<\/span><span data-ccp-props=\"{&quot;335559731&quot;:708}\">\u00a0<\/span><\/p>\n<p><span data-contrast=\"auto\">El catedr\u00e1tico comparti\u00f3 que al CA lo integran Irlanda Villegas, Gunther Dietz, Laura Mateos Cort\u00e9s, Lourdes Budar y \u00e9l mismo, quienes imparten c\u00e1tedra en distintos programas acad\u00e9micos de licenciatura y posgrado.<\/span><span data-ccp-props=\"{&quot;335559731&quot;:708}\">\u00a0<\/span><\/p>\n<p><span data-contrast=\"auto\">\u201cEstudiamos discursos oficiales y subalternos acerca de las diversidades, pr\u00e1cticas educativas concretas en su vertiente p\u00fablica, institucional y comunitario-familiar, adem\u00e1s de proyectos etnogr\u00e1ficos, socioling\u00fc\u00edsticos, sociohist\u00f3ricos y evaluativos, por nombrar algunos\u201d, mencion\u00f3.<\/span><\/p>\n","protected":false},"excerpt":{"rendered":"<p>Sostuvieron un encuentro virtual en el que alumnado de posgrado y docentes expusieron sus proyectos y l\u00edneas de estudio\u00a0<\/p>\n","protected":false},"author":1869,"featured_media":156789,"comment_status":"closed","ping_status":"closed","sticky":false,"template":"","format":"standard","meta":{"footnotes":""},"categories":[1,8455,15424,61],"tags":[25250,25248,25254,4161,649,25253,25260,25261,25255,25251,15143,8242,25256,9293,848,25262,25259,25263,25264,20734,25257,25252,25249,25258,25247,20311],"class_list":["post-156802","post","type-post","status-publish","format-standard","has-post-thumbnail","hentry","category-general","category-internacionalizacion","category-planta-academica","category-banner","tag-aprendizaje-escolar","tag-diversidad-e-interculturalidad-en-nuestras-investigaciones-doctorales","tag-educacion-superior-y-aprendizaje-escolar","tag-carlos-hugo-hermida-rosales","tag-chile","tag-comision-nacional-de-acreditacion","tag-daniela-perez-ossa","tag-del-cuerpo-academico-ca-estudios-interculturales","tag-diversidad-y-cultura","tag-diversidad-y-cultura-de-la-uta","tag-doctorado-en-educacion","tag-doctorado-en-investigacion-educativa","tag-francisco-ganga-contreras","tag-gunther-dietz","tag-instituto-de-investigaciones-en-educacion","tag-irlanda-villegas","tag-katherine-acosta-garcia","tag-laura-mateos-cortes","tag-lourdes-budar","tag-miguel-figueroa-saavedra","tag-paola-contreras-hernandez","tag-raul-bustos","tag-roxana-chiappa","tag-sergio-gonzalez-miranda","tag-universidad-de-tarapaca-uta","tag-universidad-veracruzana-uv"],"_links":{"self":[{"href":"https:\/\/www.uv.mx\/prensa\/wp-json\/wp\/v2\/posts\/156802","targetHints":{"allow":["GET"]}}],"collection":[{"href":"https:\/\/www.uv.mx\/prensa\/wp-json\/wp\/v2\/posts"}],"about":[{"href":"https:\/\/www.uv.mx\/prensa\/wp-json\/wp\/v2\/types\/post"}],"author":[{"embeddable":true,"href":"https:\/\/www.uv.mx\/prensa\/wp-json\/wp\/v2\/users\/1869"}],"replies":[{"embeddable":true,"href":"https:\/\/www.uv.mx\/prensa\/wp-json\/wp\/v2\/comments?post=156802"}],"version-history":[{"count":1,"href":"https:\/\/www.uv.mx\/prensa\/wp-json\/wp\/v2\/posts\/156802\/revisions"}],"predecessor-version":[{"id":156804,"href":"https:\/\/www.uv.mx\/prensa\/wp-json\/wp\/v2\/posts\/156802\/revisions\/156804"}],"wp:featuredmedia":[{"embeddable":true,"href":"https:\/\/www.uv.mx\/prensa\/wp-json\/wp\/v2\/media\/156789"}],"wp:attachment":[{"href":"https:\/\/www.uv.mx\/prensa\/wp-json\/wp\/v2\/media?parent=156802"}],"wp:term":[{"taxonomy":"category","embeddable":true,"href":"https:\/\/www.uv.mx\/prensa\/wp-json\/wp\/v2\/categories?post=156802"},{"taxonomy":"post_tag","embeddable":true,"href":"https:\/\/www.uv.mx\/prensa\/wp-json\/wp\/v2\/tags?post=156802"}],"curies":[{"name":"wp","href":"https:\/\/api.w.org\/{rel}","templated":true}]}}