{"id":156342,"date":"2025-06-04T20:09:50","date_gmt":"2025-06-05T01:09:50","guid":{"rendered":"https:\/\/www.uv.mx\/prensa\/?p=156342"},"modified":"2025-06-04T20:09:50","modified_gmt":"2025-06-05T01:09:50","slug":"cambio-de-paisaje-y-habitat-obliga-a-primates-a-buscar-nuevas-formas-de-vida","status":"publish","type":"post","link":"https:\/\/www.uv.mx\/prensa\/general\/cambio-de-paisaje-y-habitat-obliga-a-primates-a-buscar-nuevas-formas-de-vida\/","title":{"rendered":"Cambio de paisaje y h\u00e1bitat obliga a primates a buscar nuevas formas de vida\u00a0"},"content":{"rendered":"<ul>\n<li data-leveltext=\"\uf0b7\" data-font=\"Symbol\" data-listid=\"1\" data-list-defn-props=\"{&quot;335551671&quot;:0,&quot;335552541&quot;:1,&quot;335559685&quot;:720,&quot;335559991&quot;:360,&quot;469769226&quot;:&quot;Symbol&quot;,&quot;469769242&quot;:[8226],&quot;469777803&quot;:&quot;left&quot;,&quot;469777804&quot;:&quot;\uf0b7&quot;,&quot;469777815&quot;:&quot;hybridMultilevel&quot;}\" data-aria-posinset=\"0\" data-aria-level=\"1\"><i><span data-contrast=\"auto\">Investigadores del Instituto de Neuroetolog\u00eda de la UV realizan estudios en la zona de Tatahuicapan<\/span><\/i><span data-ccp-props=\"{&quot;201341983&quot;:0,&quot;335559739&quot;:0,&quot;335559740&quot;:240}\">\u00a0<\/span><\/li>\n<\/ul>\n<ul>\n<li data-leveltext=\"\uf0b7\" data-font=\"Symbol\" data-listid=\"1\" data-list-defn-props=\"{&quot;335551671&quot;:0,&quot;335552541&quot;:1,&quot;335559685&quot;:720,&quot;335559991&quot;:360,&quot;469769226&quot;:&quot;Symbol&quot;,&quot;469769242&quot;:[8226],&quot;469777803&quot;:&quot;left&quot;,&quot;469777804&quot;:&quot;\uf0b7&quot;,&quot;469777815&quot;:&quot;hybridMultilevel&quot;}\" data-aria-posinset=\"1\" data-aria-level=\"1\"><i><span data-contrast=\"auto\">Monos aulladores y ara\u00f1a se encuentran en peligro de extinci\u00f3n por los cambios ambientales<\/span><\/i><span data-ccp-props=\"{&quot;201341983&quot;:0,&quot;335559739&quot;:0,&quot;335559740&quot;:240}\">\u00a0<\/span><\/li>\n<\/ul>\n<p><span data-ccp-props=\"{&quot;201341983&quot;:0,&quot;335559739&quot;:0,&quot;335559740&quot;:240}\">\u00a0<\/span><\/p>\n<div id=\"attachment_156288\" style=\"width: 732px\" class=\"wp-caption aligncenter\"><img loading=\"lazy\" decoding=\"async\" aria-describedby=\"caption-attachment-156288\" class=\"size-full wp-image-156288\" src=\"https:\/\/www.uv.mx\/prensa\/files\/2025\/06\/220525-COUTTOLENC-Cambio-de-habitat-primates-1.jpg\" alt=\"\" width=\"722\" height=\"490\" \/><p id=\"caption-attachment-156288\" class=\"wp-caption-text\">Mar\u00eda de Jes\u00fas Rovirosa Hern\u00e1ndez, investigadora del Instituto de Neuroetolog\u00eda<\/p><\/div>\n<p><span data-ccp-props=\"{&quot;201341983&quot;:0,&quot;335559739&quot;:0,&quot;335559740&quot;:240}\">\u00a0<\/span><\/p>\n<p><b><i><span data-contrast=\"auto\">Jos\u00e9 Luis Couttolenc Soto<\/span><\/i><\/b><span data-ccp-props=\"{&quot;201341983&quot;:0,&quot;335559739&quot;:0,&quot;335559740&quot;:240}\">\u00a0<\/span><\/p>\n<p><b><i><span data-contrast=\"auto\">Fotos: Luis Fernando Fern\u00e1ndez y cortes\u00eda revista <\/span><\/i><\/b><b><span data-contrast=\"auto\">La Ciencia<\/span><\/b><span data-ccp-props=\"{&quot;201341983&quot;:0,&quot;335559739&quot;:0,&quot;335559740&quot;:240}\">\u00a0<\/span><\/p>\n<p><b><i><span data-contrast=\"auto\">04\/06\/2025, Xalapa, Ver.- <\/span><\/i><\/b><span data-contrast=\"auto\">Los bosques son paisajes o ecosistemas importantes<\/span> <span data-contrast=\"auto\">que brindan servicios como agua, materia prima y alimentos a los humanos, tambi\u00e9n son hogar o h\u00e1bitat de muchas especies de animales que desafortunadamente enfrentan problemas por la actividad humana, como es el caso de los primates que se han visto obligados a buscar nuevas formas de vida.<\/span><span data-ccp-props=\"{&quot;201341983&quot;:0,&quot;335559739&quot;:0,&quot;335559740&quot;:240}\">\u00a0<\/span><\/p>\n<p><span data-contrast=\"auto\">Mar\u00eda de Jes\u00fas Rovirosa Hern\u00e1ndez, investigadora adscrita al Instituto de Neuroetolog\u00eda de la Universidad Veracruzana (UV), expres\u00f3 que \u201cel paisaje que vemos es hermoso, pero se ha ido destruyendo poco a poco y consideramos que es el h\u00e1bitat no solo de los primates, sino de muchas otras especies de animales\u201d.<\/span><span data-ccp-props=\"{&quot;201341983&quot;:0,&quot;335559739&quot;:0,&quot;335559740&quot;:240}\">\u00a0<\/span><\/p>\n<p><span data-contrast=\"auto\">Debido a lo anterior, investigadores de la UV realizan estudios en el municipio de Tatahuicapan (regi\u00f3n de Los Tuxtlas) con grupos de monos ara\u00f1a y monos saqueadores, pues detectaron en sus muestras fecales la presencia de par\u00e1sitos que provienen de reservorios como el cerdo y el humano.<\/span><\/p>\n<p>&nbsp;<\/p>\n<div id=\"attachment_156287\" style=\"width: 732px\" class=\"wp-caption aligncenter\"><img loading=\"lazy\" decoding=\"async\" aria-describedby=\"caption-attachment-156287\" class=\"size-full wp-image-156287\" src=\"https:\/\/www.uv.mx\/prensa\/files\/2025\/06\/220525-COUTTOLENC-Cambio-de-habitat-primates-2.jpg\" alt=\"\" width=\"722\" height=\"464\" srcset=\"https:\/\/www.uv.mx\/prensa\/files\/2025\/06\/220525-COUTTOLENC-Cambio-de-habitat-primates-2.jpg 722w, https:\/\/www.uv.mx\/prensa\/files\/2025\/06\/220525-COUTTOLENC-Cambio-de-habitat-primates-2-300x193.jpg 300w\" sizes=\"auto, (max-width: 722px) 100vw, 722px\" \/><p id=\"caption-attachment-156287\" class=\"wp-caption-text\">En los \u00faltimos 45 a\u00f1os el paisaje de la regi\u00f3n de Los Tuxtlas ha cambiado, obligando a las especies de animales a adaptarse, asegur\u00f3 Francisco Garc\u00eda Ordu\u00f1a<\/p><\/div>\n<p>&nbsp;<\/p>\n<p><span data-contrast=\"auto\">Se considera que el hallazgo pone en riesgo a los primates que, al no tener forma de eliminar los par\u00e1sitos y por su constante cercan\u00eda con el hombre, puede agravar su estado de salud al verse m\u00e1s infectado.<\/span><span data-ccp-props=\"{&quot;201341983&quot;:0,&quot;335559739&quot;:0,&quot;335559740&quot;:240}\">\u00a0<\/span><\/p>\n<p><span data-contrast=\"auto\">Por su parte, Francisco Garc\u00eda Ordu\u00f1a, integrante del mismo equipo de investigaci\u00f3n, confirm\u00f3 que en los \u00faltimos 45 a\u00f1os el paisaje de esa regi\u00f3n se ha transformado y evolucionado, llevando a las diferentes especies a adaptarse a esos cambios; los investigadores universitarios monitorearon esto, a fin de tener conocimiento de cu\u00e1ntos individuos hay a lo largo del a\u00f1o y en diferentes tiempos, cu\u00e1ntos machos, hembras, juveniles e infantes, as\u00ed como la caracterizaci\u00f3n de cada grupo de monos ara\u00f1a y aulladores, aunque tambi\u00e9n trabajan con monos aulladores negros.<\/span><span data-ccp-props=\"{&quot;201341983&quot;:0,&quot;335559739&quot;:0,&quot;335559740&quot;:240}\">\u00a0<\/span><\/p>\n<p><span data-contrast=\"auto\">Precis\u00f3 que en Veracruz se tienen monos aulladores caf\u00e9s o aulladores de manto, as\u00ed como monos ara\u00f1a, que se encuentran en peligro de extinci\u00f3n por los cambios ambientales; en los tres a\u00f1os recientes se ha observado gran mortandad de ellos a pesar de que son fol\u00edvoros (se alimentan de hojas) y se adaptan a estas condiciones.<\/span><\/p>\n<p>&nbsp;<\/p>\n<div id=\"attachment_156286\" style=\"width: 732px\" class=\"wp-caption aligncenter\"><img loading=\"lazy\" decoding=\"async\" aria-describedby=\"caption-attachment-156286\" class=\"size-full wp-image-156286\" src=\"https:\/\/www.uv.mx\/prensa\/files\/2025\/06\/220525-COUTTOLENC-Cambio-de-habitat-primates-3.jpg\" alt=\"\" width=\"722\" height=\"481\" srcset=\"https:\/\/www.uv.mx\/prensa\/files\/2025\/06\/220525-COUTTOLENC-Cambio-de-habitat-primates-3.jpg 722w, https:\/\/www.uv.mx\/prensa\/files\/2025\/06\/220525-COUTTOLENC-Cambio-de-habitat-primates-3-300x200.jpg 300w\" sizes=\"auto, (max-width: 722px) 100vw, 722px\" \/><p id=\"caption-attachment-156286\" class=\"wp-caption-text\">Por cambios ambientales, algunas especies de primates se encuentran en peligro de extinci\u00f3n<\/p><\/div>\n<p>&nbsp;<\/p>\n<p><span data-contrast=\"auto\">Explic\u00f3 que las personas que habitan esos lugares cortan \u00e1rboles (que son parte de la dieta del primate), lo cual los limita a comer menos, adem\u00e1s de que las altas temperaturas les perjudican porque el \u00e1rbol va perdiendo dosel y los animales se exponen m\u00e1s al sol, a lo que hay que sumar que no pueden conseguir nutrientes necesarios.<\/span><span data-ccp-props=\"{&quot;201341983&quot;:0,&quot;335559731&quot;:708,&quot;335559739&quot;:0,&quot;335559740&quot;:240}\">\u00a0<\/span><\/p>\n<p><span data-contrast=\"auto\">En el caso particular del mono aullador, indic\u00f3 que no bebe directamente de los cuerpos de agua o cuencos de los \u00e1rboles, sino que lo hace a trav\u00e9s de las plantas, de las partes vegetales, las hojas y gu\u00edas; al no tener esto disponible, no consumen la cantidad de agua necesaria que necesita su organismo y, como consecuencia, mueren.<\/span><span data-ccp-props=\"{&quot;201341983&quot;:0,&quot;335559731&quot;:708,&quot;335559739&quot;:0,&quot;335559740&quot;:240}\">\u00a0<\/span><\/p>\n<p><span data-contrast=\"auto\">Garc\u00eda Ordu\u00f1a resalt\u00f3 que, ante este problema, la UV participa desde hace varios a\u00f1os con diversos proyectos en la regi\u00f3n de Los Tuxtlas, buscando la conservaci\u00f3n de los primates; imparten pl\u00e1ticas a los pobladores, lo que ha permitido que a la fecha exista esa especie de monos, que tiempo atr\u00e1s eran cazados para consumir su carne o utilizarlos como carnada para la captura de camarones.<\/span><span data-ccp-props=\"{&quot;201341983&quot;:0,&quot;335559731&quot;:708,&quot;335559739&quot;:0,&quot;335559740&quot;:240}\">\u00a0<\/span><\/p>\n<p><span data-contrast=\"auto\">En los proyectos participan investigadores y estudiantes de posgrado que tienen en desarrollo sus tesis, por lo que les es importante conocer los resultados y hacer conciencia de que primates como el mono aullador est\u00e1n en peligro por la fragmentaci\u00f3n de sus entornos.<\/span><\/p>\n<p>&nbsp;<\/p>\n<div id=\"attachment_156285\" style=\"width: 732px\" class=\"wp-caption aligncenter\"><img loading=\"lazy\" decoding=\"async\" aria-describedby=\"caption-attachment-156285\" class=\"size-full wp-image-156285\" src=\"https:\/\/www.uv.mx\/prensa\/files\/2025\/06\/220525-COUTTOLENC-Cambio-de-habitat-primates-4.jpg\" alt=\"\" width=\"722\" height=\"963\" srcset=\"https:\/\/www.uv.mx\/prensa\/files\/2025\/06\/220525-COUTTOLENC-Cambio-de-habitat-primates-4.jpg 722w, https:\/\/www.uv.mx\/prensa\/files\/2025\/06\/220525-COUTTOLENC-Cambio-de-habitat-primates-4-225x300.jpg 225w\" sizes=\"auto, (max-width: 722px) 100vw, 722px\" \/><p id=\"caption-attachment-156285\" class=\"wp-caption-text\">UV tiene en desarrollo proyectos que han ayudado a la conservaci\u00f3n de primates en la regi\u00f3n de Los Tuxtlas<\/p><\/div>\n","protected":false},"excerpt":{"rendered":"<p>Estudios recientes reportan la presencia de par\u00e1sitos gastrointestinales, cuyo reservorio son los cerdos\u00a0<\/p>\n","protected":false},"author":1869,"featured_media":156284,"comment_status":"closed","ping_status":"closed","sticky":false,"template":"","format":"standard","meta":{"footnotes":""},"categories":[45,1,61],"tags":[22761,179,4162,6592,22762,24882,24883,24881,20311],"class_list":["post-156342","post","type-post","status-publish","format-standard","has-post-thumbnail","hentry","category-ciencia","category-general","category-banner","tag-francisco-garcia-orduna","tag-instituto-de-neuroetologia","tag-jose-luis-couttolenc-soto","tag-luis-fernando-fernandez","tag-maria-de-jesus-rovirosa-hernandez","tag-monos-arana","tag-monos-saqueadores","tag-tatahuicapan-region-de-los-tuxtlas","tag-universidad-veracruzana-uv"],"_links":{"self":[{"href":"https:\/\/www.uv.mx\/prensa\/wp-json\/wp\/v2\/posts\/156342","targetHints":{"allow":["GET"]}}],"collection":[{"href":"https:\/\/www.uv.mx\/prensa\/wp-json\/wp\/v2\/posts"}],"about":[{"href":"https:\/\/www.uv.mx\/prensa\/wp-json\/wp\/v2\/types\/post"}],"author":[{"embeddable":true,"href":"https:\/\/www.uv.mx\/prensa\/wp-json\/wp\/v2\/users\/1869"}],"replies":[{"embeddable":true,"href":"https:\/\/www.uv.mx\/prensa\/wp-json\/wp\/v2\/comments?post=156342"}],"version-history":[{"count":1,"href":"https:\/\/www.uv.mx\/prensa\/wp-json\/wp\/v2\/posts\/156342\/revisions"}],"predecessor-version":[{"id":156343,"href":"https:\/\/www.uv.mx\/prensa\/wp-json\/wp\/v2\/posts\/156342\/revisions\/156343"}],"wp:featuredmedia":[{"embeddable":true,"href":"https:\/\/www.uv.mx\/prensa\/wp-json\/wp\/v2\/media\/156284"}],"wp:attachment":[{"href":"https:\/\/www.uv.mx\/prensa\/wp-json\/wp\/v2\/media?parent=156342"}],"wp:term":[{"taxonomy":"category","embeddable":true,"href":"https:\/\/www.uv.mx\/prensa\/wp-json\/wp\/v2\/categories?post=156342"},{"taxonomy":"post_tag","embeddable":true,"href":"https:\/\/www.uv.mx\/prensa\/wp-json\/wp\/v2\/tags?post=156342"}],"curies":[{"name":"wp","href":"https:\/\/api.w.org\/{rel}","templated":true}]}}