{"id":155929,"date":"2025-05-30T18:55:14","date_gmt":"2025-05-30T23:55:14","guid":{"rendered":"https:\/\/www.uv.mx\/prensa\/?p=155929"},"modified":"2025-05-30T18:55:14","modified_gmt":"2025-05-30T23:55:14","slug":"ia-herramienta-que-complementa-a-la-inteligencia-humana","status":"publish","type":"post","link":"https:\/\/www.uv.mx\/prensa\/general\/ia-herramienta-que-complementa-a-la-inteligencia-humana\/","title":{"rendered":"IA, herramienta que complementa a la inteligencia humana\u00a0"},"content":{"rendered":"<ul>\n<li data-leveltext=\"\uf0b7\" data-font=\"Symbol\" data-listid=\"1\" data-list-defn-props=\"{&quot;335552541&quot;:1,&quot;335559685&quot;:720,&quot;335559991&quot;:360,&quot;469769226&quot;:&quot;Symbol&quot;,&quot;469769242&quot;:[8226],&quot;469777803&quot;:&quot;left&quot;,&quot;469777804&quot;:&quot;\uf0b7&quot;,&quot;469777815&quot;:&quot;hybridMultilevel&quot;}\" data-aria-posinset=\"1\" data-aria-level=\"1\"><i><span data-contrast=\"auto\">Juan Mart\u00edn L\u00f3pez Calva, investigador y docente en la BENV, imparti\u00f3 conferencia donde reflexion\u00f3 sobre los retos \u00e9ticos y pedag\u00f3gicos que surgen del desarrollo de la IA<\/span><\/i><span data-ccp-props=\"{&quot;201341983&quot;:0,&quot;335559739&quot;:0,&quot;335559740&quot;:240}\">\u00a0<\/span><\/li>\n<\/ul>\n<p><span data-ccp-props=\"{&quot;201341983&quot;:0,&quot;335559739&quot;:0,&quot;335559740&quot;:240}\">\u00a0<\/span><\/p>\n<div id=\"attachment_155890\" style=\"width: 732px\" class=\"wp-caption aligncenter\"><img loading=\"lazy\" decoding=\"async\" aria-describedby=\"caption-attachment-155890\" class=\"size-full wp-image-155890\" src=\"https:\/\/www.uv.mx\/prensa\/files\/2025\/05\/300525-PAOLA-Conferencia-inteligencia-artificial-1.jpg\" alt=\"\" width=\"722\" height=\"417\" srcset=\"https:\/\/www.uv.mx\/prensa\/files\/2025\/05\/300525-PAOLA-Conferencia-inteligencia-artificial-1.jpg 722w, https:\/\/www.uv.mx\/prensa\/files\/2025\/05\/300525-PAOLA-Conferencia-inteligencia-artificial-1-300x173.jpg 300w\" sizes=\"auto, (max-width: 722px) 100vw, 722px\" \/><p id=\"caption-attachment-155890\" class=\"wp-caption-text\">Juan Mart\u00edn L\u00f3pez Calva, investigador y docente de la BENV<\/p><\/div>\n<p><span data-ccp-props=\"{&quot;201341983&quot;:0,&quot;335559739&quot;:0,&quot;335559740&quot;:240}\">\u00a0<\/span><\/p>\n<p><b><i><span data-contrast=\"auto\">Paola Cort\u00e9s P\u00e9rez<\/span><\/i><\/b><span data-ccp-props=\"{&quot;201341983&quot;:0,&quot;335559739&quot;:0,&quot;335559740&quot;:240}\">\u00a0<\/span><\/p>\n<p><b><i><span data-contrast=\"auto\">Fotos: Omar Portilla Palacios<\/span><\/i><\/b><span data-ccp-props=\"{&quot;201341983&quot;:0,&quot;335559739&quot;:0,&quot;335559740&quot;:240}\">\u00a0<\/span><\/p>\n<p><b><i><span data-contrast=\"auto\">30\/05\/2025, Xalapa, Ver.-<\/span><\/i><\/b><span data-contrast=\"auto\"> Al participar en el Foro Acad\u00e9mico \u201cVivir en tiempos de Inteligencia Artificial: relaciones humanas, medio ambiente y tecnolog\u00edas\u201d, en el marco de la Feria Internacional del Libro Universitario (FILU), Juan Mart\u00edn L\u00f3pez Calva, investigador y docente en la Benem\u00e9rita Escuela Normal Veracruzana (BENV), advirti\u00f3 que entre m\u00e1s crece la inteligencia artificial (IA) disminuye el coeficiente intelectual (CI) humano.<\/span><span data-ccp-props=\"{&quot;201341983&quot;:0,&quot;335559739&quot;:0,&quot;335559740&quot;:240}\">\u00a0<\/span><\/p>\n<p><span data-contrast=\"auto\">\u00a0En el Auditorio \u201cJes\u00fas Fern\u00e1ndez Morales\u201d de la Unidad Acad\u00e9mica de Humanidades de la Universidad Veracruzana (UV), imparti\u00f3 la conferencia \u201cInteligencia artificial, \u00e9tica y educaci\u00f3n\u201d, en la que ofreci\u00f3 una profunda reflexi\u00f3n sobre los retos \u00e9ticos y pedag\u00f3gicos que surgen del creciente desarrollo de la IA.<\/span><span data-ccp-props=\"{&quot;201341983&quot;:0,&quot;335559731&quot;:708,&quot;335559739&quot;:0,&quot;335559740&quot;:240}\">\u00a0<\/span><\/p>\n<p><span data-contrast=\"auto\">Dijo que el planteamiento de que el CI humano disminuye a medida que crece la IA, est\u00e1 respaldado por estudios que indican que en las \u00faltimas d\u00e9cadas se registr\u00f3 un descenso en el coeficiente intelectual promedio, vinculado al uso excesivo de la tecnolog\u00eda y la p\u00e9rdida del proceso reflexivo en el aprendizaje.<\/span><\/p>\n<p>&nbsp;<\/p>\n<div id=\"attachment_155891\" style=\"width: 732px\" class=\"wp-caption aligncenter\"><img loading=\"lazy\" decoding=\"async\" aria-describedby=\"caption-attachment-155891\" class=\"size-full wp-image-155891\" src=\"https:\/\/www.uv.mx\/prensa\/files\/2025\/05\/300525-PAOLA-Conferencia-inteligencia-artificial-2.jpg\" alt=\"\" width=\"722\" height=\"386\" srcset=\"https:\/\/www.uv.mx\/prensa\/files\/2025\/05\/300525-PAOLA-Conferencia-inteligencia-artificial-2.jpg 722w, https:\/\/www.uv.mx\/prensa\/files\/2025\/05\/300525-PAOLA-Conferencia-inteligencia-artificial-2-300x160.jpg 300w\" sizes=\"auto, (max-width: 722px) 100vw, 722px\" \/><p id=\"caption-attachment-155891\" class=\"wp-caption-text\">Habl\u00f3 con los estudiantes sobre el uso responsable y \u00e9tico de la IA<\/p><\/div>\n<p><span data-ccp-props=\"{&quot;201341983&quot;:0,&quot;335559731&quot;:708,&quot;335559739&quot;:0,&quot;335559740&quot;:240}\">\u00a0<\/span><\/p>\n<p><span data-contrast=\"auto\">Si bien el desarrollo de la IA representa avances tecnol\u00f3gicos significativos, tambi\u00e9n genera complejos dilemas \u00e9tico; por ejemplo, el principal riesgo no radica en lo que puede o no hacer, sino en lo que los humanos han dejado de hacer: pensar cr\u00edticamente, reflexionar y aprender desde la experiencia, sentenci\u00f3 L\u00f3pez Calva.<\/span><span data-ccp-props=\"{&quot;201341983&quot;:0,&quot;335559731&quot;:708,&quot;335559739&quot;:0,&quot;335559740&quot;:240}\">\u00a0<\/span><\/p>\n<p><span data-contrast=\"auto\">Desde la perspectiva educativa, identific\u00f3 m\u00faltiples desaf\u00edos: la IA puede convertirse en un recurso \u00fatil si promueve el pensamiento cr\u00edtico y la autoconstrucci\u00f3n del conocimiento. Sin embargo, alert\u00f3 sobre el peligro de depender de ella al punto de limitar la creatividad, el juicio \u00e9tico y la capacidad de los estudiantes para desarrollar una inteligencia integral \u2013sensorial, reflexiva, pr\u00e1ctica y consciente\u2013 que, de acuerdo con \u00e9l, caracteriza a lo humano.<\/span><span data-ccp-props=\"{&quot;201341983&quot;:0,&quot;335559731&quot;:708,&quot;335559739&quot;:0,&quot;335559740&quot;:240}\">\u00a0<\/span><\/p>\n<p><span data-contrast=\"auto\">En t\u00e9rminos \u00e9ticos, habl\u00f3 sobre el concepto de hipnopedia (aprendizaje pasivo, acr\u00edtico y automatizado) como uno de los riesgos m\u00e1s alarmantes. Cit\u00f3 a Adela Cortina, quien sostiene que dicho fen\u00f3meno conduce a una mentalidad cerrada, complaciente con lo pol\u00edticamente correcto, incapaz de ejercer un juicio moral aut\u00f3nomo.<\/span><span data-ccp-props=\"{&quot;201341983&quot;:0,&quot;335559731&quot;:708,&quot;335559739&quot;:0,&quot;335559740&quot;:240}\">\u00a0<\/span><\/p>\n<p>&nbsp;<\/p>\n<div id=\"attachment_155892\" style=\"width: 732px\" class=\"wp-caption aligncenter\"><img loading=\"lazy\" decoding=\"async\" aria-describedby=\"caption-attachment-155892\" class=\"size-full wp-image-155892\" src=\"https:\/\/www.uv.mx\/prensa\/files\/2025\/05\/300525-PAOLA-Conferencia-inteligencia-artificial-3.jpg\" alt=\"\" width=\"722\" height=\"397\" srcset=\"https:\/\/www.uv.mx\/prensa\/files\/2025\/05\/300525-PAOLA-Conferencia-inteligencia-artificial-3.jpg 722w, https:\/\/www.uv.mx\/prensa\/files\/2025\/05\/300525-PAOLA-Conferencia-inteligencia-artificial-3-300x165.jpg 300w\" sizes=\"auto, (max-width: 722px) 100vw, 722px\" \/><p id=\"caption-attachment-155892\" class=\"wp-caption-text\">Dict\u00f3 conferencia como parte de las actividades del Foro Acad\u00e9mico<\/p><\/div>\n<p>&nbsp;<\/p>\n<p><span data-contrast=\"auto\">Derivado de tal planteamiento, L\u00f3pez Calva propuso algunas reorientaciones \u00e9ticas necesarias para el desarrollo y uso responsable de la IA: principio de beneficencia, que el progreso tecnol\u00f3gico beneficie al ser humano y al planeta; no maleficencia, evitar da\u00f1os, especialmente a la privacidad y autonom\u00eda; justicia para que los beneficios de la IA sean equitativos y no agraven las desigualdades; autonom\u00eda, para promover el libre albedr\u00edo y la toma de decisiones informada.<\/span><span data-ccp-props=\"{&quot;201341983&quot;:0,&quot;335559731&quot;:708,&quot;335559739&quot;:0,&quot;335559740&quot;:240}\">\u00a0<\/span><\/p>\n<p><span data-contrast=\"auto\">Concluy\u00f3 que la IA debe ser vista como una herramienta que complemente \u2013no sustituya\u2013 a la inteligencia humana. Insisti\u00f3 en la necesidad de una \u00e9tica cr\u00edtica e interdisciplinaria que incluya a la filosof\u00eda, la pedagog\u00eda y las humanidades, para evitar que el desarrollo tecnol\u00f3gico avance sin una comprensi\u00f3n profunda de sus implicaciones antropol\u00f3gicas y sociales.<\/span><span data-ccp-props=\"{&quot;201341983&quot;:0,&quot;335559731&quot;:708,&quot;335559739&quot;:0,&quot;335559740&quot;:240}\">\u00a0<\/span><\/p>\n<p><span data-contrast=\"auto\">\u201cDebemos potenciar lo que la IA puede aportar a la humanidad y revertir lo que nos puede quitar como seres humanos\u201d, reiter\u00f3 L\u00f3pez Calva.<\/span><\/p>\n","protected":false},"excerpt":{"rendered":"<p>\u201cDebemos potenciar lo que la IA puede aportar a la humanidad y revertir lo que nos puede quitar como seres humanos\u201d, expres\u00f3 Juan Mart\u00edn L\u00f3pez\u00a0<\/p>\n","protected":false},"author":1869,"featured_media":155893,"comment_status":"closed","ping_status":"closed","sticky":false,"template":"","format":"standard","meta":{"footnotes":""},"categories":[24035,1,61],"tags":[14122,24649,13570,24648,24650,24651,11312,24633,13440,24647,24634,6462,4164,13649,20311],"class_list":["post-155929","post","type-post","status-publish","format-standard","has-post-thumbnail","hentry","category-filu-2025","category-general","category-banner","tag-adela-cortina","tag-auditorio-jesus-fernandez-morales","tag-benemerita-escuela-normal-veracruzana-benv","tag-coeficiente-intelectual-ci-humano","tag-conferencia-inteligencia-artificial","tag-etica-y-educacion","tag-feria-internacional-del-libro-universitario-filu","tag-foro-academico-vivir-en-tiempos-de-inteligencia-artificial-relaciones-humanas","tag-inteligencia-artificial-ia","tag-juan-martin-lopez-calva","tag-medio-ambiente-y-tecnologias","tag-omar-portilla-palacios","tag-paola-cortes-perez","tag-unidad-academica-de-humanidades","tag-universidad-veracruzana-uv"],"_links":{"self":[{"href":"https:\/\/www.uv.mx\/prensa\/wp-json\/wp\/v2\/posts\/155929","targetHints":{"allow":["GET"]}}],"collection":[{"href":"https:\/\/www.uv.mx\/prensa\/wp-json\/wp\/v2\/posts"}],"about":[{"href":"https:\/\/www.uv.mx\/prensa\/wp-json\/wp\/v2\/types\/post"}],"author":[{"embeddable":true,"href":"https:\/\/www.uv.mx\/prensa\/wp-json\/wp\/v2\/users\/1869"}],"replies":[{"embeddable":true,"href":"https:\/\/www.uv.mx\/prensa\/wp-json\/wp\/v2\/comments?post=155929"}],"version-history":[{"count":1,"href":"https:\/\/www.uv.mx\/prensa\/wp-json\/wp\/v2\/posts\/155929\/revisions"}],"predecessor-version":[{"id":155931,"href":"https:\/\/www.uv.mx\/prensa\/wp-json\/wp\/v2\/posts\/155929\/revisions\/155931"}],"wp:featuredmedia":[{"embeddable":true,"href":"https:\/\/www.uv.mx\/prensa\/wp-json\/wp\/v2\/media\/155893"}],"wp:attachment":[{"href":"https:\/\/www.uv.mx\/prensa\/wp-json\/wp\/v2\/media?parent=155929"}],"wp:term":[{"taxonomy":"category","embeddable":true,"href":"https:\/\/www.uv.mx\/prensa\/wp-json\/wp\/v2\/categories?post=155929"},{"taxonomy":"post_tag","embeddable":true,"href":"https:\/\/www.uv.mx\/prensa\/wp-json\/wp\/v2\/tags?post=155929"}],"curies":[{"name":"wp","href":"https:\/\/api.w.org\/{rel}","templated":true}]}}