{"id":155685,"date":"2025-05-27T19:28:50","date_gmt":"2025-05-28T00:28:50","guid":{"rendered":"https:\/\/www.uv.mx\/prensa\/?p=155685"},"modified":"2025-05-27T19:28:50","modified_gmt":"2025-05-28T00:28:50","slug":"en-filu-presentan-libro-sobre-educacion-superior-alcances-y-desafios","status":"publish","type":"post","link":"https:\/\/www.uv.mx\/prensa\/general\/en-filu-presentan-libro-sobre-educacion-superior-alcances-y-desafios\/","title":{"rendered":"En FILU, presentan libro sobre educaci\u00f3n superior, alcances y desaf\u00edos"},"content":{"rendered":"<ul>\n<li data-leveltext=\"\uf0b7\" data-font=\"Symbol\" data-listid=\"1\" data-list-defn-props=\"{&quot;335552541&quot;:1,&quot;335559685&quot;:720,&quot;335559991&quot;:360,&quot;469769226&quot;:&quot;Symbol&quot;,&quot;469769242&quot;:[8226],&quot;469777803&quot;:&quot;left&quot;,&quot;469777804&quot;:&quot;\uf0b7&quot;,&quot;469777815&quot;:&quot;hybridMultilevel&quot;}\" data-aria-posinset=\"1\" data-aria-level=\"1\"><span data-contrast=\"auto\">Educaci\u00f3n superior y gobiernos progresistas en Am\u00e9rica Latina, <\/span><i><span data-contrast=\"auto\">es una lectura obligada para trabajadores de la educaci\u00f3n superior, acad\u00e9micos y formuladores de pol\u00edticas p\u00fablicas<\/span><\/i><span data-ccp-props=\"{&quot;201341983&quot;:0,&quot;335559739&quot;:0,&quot;335559740&quot;:240}\">\u00a0<\/span><\/li>\n<\/ul>\n<ul>\n<li data-leveltext=\"\uf0b7\" data-font=\"Symbol\" data-listid=\"1\" data-list-defn-props=\"{&quot;335552541&quot;:1,&quot;335559685&quot;:720,&quot;335559991&quot;:360,&quot;469769226&quot;:&quot;Symbol&quot;,&quot;469769242&quot;:[8226],&quot;469777803&quot;:&quot;left&quot;,&quot;469777804&quot;:&quot;\uf0b7&quot;,&quot;469777815&quot;:&quot;hybridMultilevel&quot;}\" data-aria-posinset=\"2\" data-aria-level=\"1\"><i><span data-contrast=\"auto\">El rector de la UV, Mart\u00edn Aguilar S\u00e1nchez, y el secretario ejecutivo de la ANUIES, Luis Gonz\u00e1lez Placencia, compartieron sus opiniones respecto a la obra<\/span><\/i><span data-ccp-props=\"{&quot;201341983&quot;:0,&quot;335559739&quot;:0,&quot;335559740&quot;:240}\">\u00a0<\/span><\/li>\n<\/ul>\n<ul>\n<li data-leveltext=\"\uf0b7\" data-font=\"Symbol\" data-listid=\"1\" data-list-defn-props=\"{&quot;335552541&quot;:1,&quot;335559685&quot;:720,&quot;335559991&quot;:360,&quot;469769226&quot;:&quot;Symbol&quot;,&quot;469769242&quot;:[8226],&quot;469777803&quot;:&quot;left&quot;,&quot;469777804&quot;:&quot;\uf0b7&quot;,&quot;469777815&quot;:&quot;hybridMultilevel&quot;}\" data-aria-posinset=\"3\" data-aria-level=\"1\"><i><span data-contrast=\"auto\">En el marco de la Feria Internacional del Libro Universitario (FILU) 2025<\/span><\/i><span data-ccp-props=\"{&quot;201341983&quot;:0,&quot;335559739&quot;:0,&quot;335559740&quot;:240}\">\u00a0<\/span><\/li>\n<\/ul>\n<p><span data-ccp-props=\"{&quot;201341983&quot;:0,&quot;335559739&quot;:0,&quot;335559740&quot;:240}\">\u00a0<\/span><\/p>\n<div id=\"attachment_155678\" style=\"width: 732px\" class=\"wp-caption aligncenter\"><img loading=\"lazy\" decoding=\"async\" aria-describedby=\"caption-attachment-155678\" class=\"size-full wp-image-155678\" src=\"https:\/\/www.uv.mx\/prensa\/files\/2025\/05\/270525-LIBRO-EDUCACION-SUPERIOR-1.jpg\" alt=\"Los y la participante de la mesa compartieron sus perspectivas alrededor del libro \" width=\"722\" height=\"481\" srcset=\"https:\/\/www.uv.mx\/prensa\/files\/2025\/05\/270525-LIBRO-EDUCACION-SUPERIOR-1.jpg 722w, https:\/\/www.uv.mx\/prensa\/files\/2025\/05\/270525-LIBRO-EDUCACION-SUPERIOR-1-300x200.jpg 300w\" sizes=\"auto, (max-width: 722px) 100vw, 722px\" \/><p id=\"caption-attachment-155678\" class=\"wp-caption-text\">Los y la participante de la mesa compartieron sus perspectivas alrededor del libro<\/p><\/div>\n<p>&nbsp;<\/p>\n<p><b><i><span data-contrast=\"auto\">Nuria Mart\u00ednez Cabrera<\/span><\/i><\/b><span data-ccp-props=\"{&quot;201341983&quot;:0,&quot;335559739&quot;:0,&quot;335559740&quot;:240}\">\u00a0<\/span><\/p>\n<p><b><i><span data-contrast=\"auto\">Fotos: Rodolfo de Jes\u00fas P\u00e9rez Carmona<\/span><\/i><\/b><\/p>\n<p><b><i><span data-contrast=\"auto\">27\/05\/2025, Xalapa, Ver.-<\/span><\/i><\/b><span data-contrast=\"auto\"> En el marco de la Feria Internacional del Libro Universitario (FILU) 2025, se present\u00f3 el libro <\/span><i><span data-contrast=\"auto\">Educaci\u00f3n superior y gobiernos progresistas en Am\u00e9rica Latina<\/span><\/i><span data-contrast=\"auto\">, lectura obligada para trabajadores de la Educaci\u00f3n Superior, acad\u00e9micos y formuladores de pol\u00edticas p\u00fablicas en torno a la educaci\u00f3n, sus alcances y desaf\u00edos.<\/span><span data-ccp-props=\"{&quot;201341983&quot;:0,&quot;335559739&quot;:0,&quot;335559740&quot;:240}\">\u00a0<\/span><\/p>\n<p><span data-contrast=\"auto\">En el foro \u201cMiguel V\u00e9lez Arceo\u201d, de la Casa del Lago de la Universidad Veracruzana (UV), los coordinadores y coautores del libro, Mart\u00edn Aguilar S\u00e1nchez, rector de la Universidad Veracruzana y Luis Gonz\u00e1lez Placencia, secretario ejecutivo de la Asociaci\u00f3n Nacional de Universidades e Instituciones de Educaci\u00f3n Superior, comentaron sus perspectivas alrededor de la obra.<\/span><span data-ccp-props=\"{&quot;201341983&quot;:0,&quot;335559731&quot;:708,&quot;335559739&quot;:0,&quot;335559740&quot;:240}\">\u00a0<\/span><\/p>\n<p><span data-contrast=\"auto\">Tambi\u00e9n vertieron sus opiniones, Edgar Javier Gonz\u00e1lez Gaudiano y Gloria Elena Cruz S\u00e1nchez, directores de la Unidad de Estudios de Posgrado, y del Instituto de Investigaciones en Educaci\u00f3n de la UV, respectivamente, moderados por Sa\u00fal Horacio Moreno Andrade, uno de los coordinadores del libro.<\/span><span data-ccp-props=\"{&quot;201341983&quot;:0,&quot;335559731&quot;:708,&quot;335559739&quot;:0,&quot;335559740&quot;:240}\">\u00a0<\/span><\/p>\n<p><span data-contrast=\"auto\">Coeditado por la Editorial de la UV y la ANUIES, este trabajo es resultado de un coloquio realizado un a\u00f1o atr\u00e1s, en el cual se reunieron diversas voces acad\u00e9micas para analizar cr\u00edticamente la situaci\u00f3n de las universidades p\u00fablicas en el contexto de los gobiernos progresistas de Am\u00e9rica Latina.<\/span><span data-ccp-props=\"{&quot;201341983&quot;:0,&quot;335559731&quot;:708,&quot;335559739&quot;:0,&quot;335559740&quot;:240}\">\u00a0<\/span><\/p>\n<p><span data-contrast=\"auto\">Antes de iniciar su intervenci\u00f3n, el Rector salud\u00f3 a las y los estudiantes de distintas facultades que acudieron a la presentaci\u00f3n, y les coment\u00f3 que es un tema que les incumbe para saber cu\u00e1l es el destino de las instituciones de educaci\u00f3n superior p\u00fablicas tanto en Latinoam\u00e9rica como en el mundo.<\/span><\/p>\n<div id=\"attachment_155677\" style=\"width: 732px\" class=\"wp-caption aligncenter\"><img loading=\"lazy\" decoding=\"async\" aria-describedby=\"caption-attachment-155677\" class=\"size-full wp-image-155677\" src=\"https:\/\/www.uv.mx\/prensa\/files\/2025\/05\/270525-LIBRO-EDUCACION-SUPERIOR-2.jpg\" alt=\"Mart\u00edn Aguilar S\u00e1nchez afirm\u00f3 que, si bien los gobiernos progresistas han abierto nuevas oportunidades para las universidades p\u00fablicas, persisten desaf\u00edos estructurales \" width=\"722\" height=\"481\" srcset=\"https:\/\/www.uv.mx\/prensa\/files\/2025\/05\/270525-LIBRO-EDUCACION-SUPERIOR-2.jpg 722w, https:\/\/www.uv.mx\/prensa\/files\/2025\/05\/270525-LIBRO-EDUCACION-SUPERIOR-2-300x200.jpg 300w\" sizes=\"auto, (max-width: 722px) 100vw, 722px\" \/><p id=\"caption-attachment-155677\" class=\"wp-caption-text\">Mart\u00edn Aguilar S\u00e1nchez afirm\u00f3 que, si bien los gobiernos progresistas han abierto nuevas oportunidades para las universidades p\u00fablicas, persisten desaf\u00edos estructurales<\/p><\/div>\n<p>&nbsp;<\/p>\n<p><span data-contrast=\"auto\">Afirm\u00f3 que, si bien los gobiernos progresistas han abierto nuevas oportunidades para las universidades p\u00fablicas, persisten desaf\u00edos estructurales.<\/span><span data-ccp-props=\"{&quot;201341983&quot;:0,&quot;335559731&quot;:708,&quot;335559739&quot;:0,&quot;335559740&quot;:240}\">\u00a0<\/span><\/p>\n<p><span data-contrast=\"auto\">Asimismo, detall\u00f3 que, para lograr el crecimiento esperado de las universidades p\u00fablicas, es necesario que las instituciones contin\u00faen trabajando por un correcto manejo de recursos y financiamiento, la ampliaci\u00f3n de la matr\u00edcula y la educaci\u00f3n de calidad.<\/span><span data-ccp-props=\"{&quot;201341983&quot;:0,&quot;335559731&quot;:708,&quot;335559739&quot;:0,&quot;335559740&quot;:240}\">\u00a0<\/span><\/p>\n<p><span data-contrast=\"auto\">\u201cEste libro plantea ese debate, las caracter\u00edsticas de los sistemas pol\u00edticos, del desarrollo econ\u00f3mico nacional e internacional y, por otro lado, las orientaciones ideol\u00f3gicas y pol\u00edticas para las universidades p\u00fablicas\u201d.<\/span><span data-ccp-props=\"{&quot;201341983&quot;:0,&quot;335559731&quot;:708,&quot;335559739&quot;:0,&quot;335559740&quot;:240}\">\u00a0<\/span><\/p>\n<p><span data-contrast=\"auto\">Para Aguilar S\u00e1nchez, lo que sostiene a la universidad p\u00fablica es \u201cel sentido de su autonom\u00eda y su gesti\u00f3n\u201d, expres\u00f3 al desarrollar algunos de los casos analizados dentro del libro como lo son Argentina y Brasil y c\u00f3mo los gobiernos progresistas impactaron la educaci\u00f3n y, por tanto, en las universidades p\u00fablicas.<\/span><span data-ccp-props=\"{&quot;201341983&quot;:0,&quot;335559731&quot;:708,&quot;335559739&quot;:0,&quot;335559740&quot;:240}\">\u00a0<\/span><\/p>\n<p><span data-contrast=\"auto\">Por su parte, el secretario ejecutivo de la ANUIES, Luis Gonz\u00e1lez Plascencia, quien tambi\u00e9n fungi\u00f3 como coordinador del texto, reflexion\u00f3 c\u00f3mo la orientaci\u00f3n ideol\u00f3gica de los gobiernos influye en el modelo de educaci\u00f3n superior.<\/span><\/p>\n<div id=\"attachment_155679\" style=\"width: 732px\" class=\"wp-caption aligncenter\"><img loading=\"lazy\" decoding=\"async\" aria-describedby=\"caption-attachment-155679\" class=\"size-full wp-image-155679\" src=\"https:\/\/www.uv.mx\/prensa\/files\/2025\/05\/270525-LIBRO-EDUCACION-SUPERIOR-3.jpg\" alt=\"Esta lectura fundamental para quienes reflexionan sobre la educaci\u00f3n y sus retos actuales en diferentes contextos est\u00e1 disponible en Librer\u00eda UV en acceso abierto \" width=\"722\" height=\"461\" srcset=\"https:\/\/www.uv.mx\/prensa\/files\/2025\/05\/270525-LIBRO-EDUCACION-SUPERIOR-3.jpg 722w, https:\/\/www.uv.mx\/prensa\/files\/2025\/05\/270525-LIBRO-EDUCACION-SUPERIOR-3-300x192.jpg 300w\" sizes=\"auto, (max-width: 722px) 100vw, 722px\" \/><p id=\"caption-attachment-155679\" class=\"wp-caption-text\">Esta lectura fundamental para quienes reflexionan sobre la educaci\u00f3n y sus retos actuales en diferentes contextos est\u00e1 disponible en Librer\u00eda UV en acceso abierto<\/p><\/div>\n<p>&nbsp;<\/p>\n<p><span data-contrast=\"auto\">Aunque aclar\u00f3 que un gobierno progresista no garantiza autom\u00e1ticamente una educaci\u00f3n m\u00e1s democr\u00e1tica, s\u00ed suele alejarse de modelos neoliberales que generalmente han mercantilizado la educaci\u00f3n, lo que la vuelve excluyente.<\/span><span data-ccp-props=\"{&quot;201341983&quot;:0,&quot;335559731&quot;:708,&quot;335559739&quot;:0,&quot;335559740&quot;:240}\">\u00a0<\/span><\/p>\n<p><span data-contrast=\"auto\">De acuerdo con Gloria Elena Cruz S\u00e1nchez, se trata de una lectura obligada para quienes trabajan en el \u00e1mbito educativo y refiri\u00f3 algunos de los cap\u00edtulos contenidos entre los que destac\u00f3 las colaboraciones acad\u00e9micas de Roberto Leher, Ana Silvia Monz\u00f3n, Guadalupe Olivier T\u00e9llez y Hugo Aboites.<\/span><span data-ccp-props=\"{&quot;201341983&quot;:0,&quot;335559731&quot;:708,&quot;335559739&quot;:0,&quot;335559740&quot;:240}\">\u00a0<\/span><\/p>\n<p><span data-contrast=\"auto\">El director general de la Unidad de Estudios de Posgrado de la UV, Edgar Javier Gonz\u00e1lez Gaudiano, enfatiz\u00f3 la importancia de esta publicaci\u00f3n como una herramienta para entender los retos contempor\u00e1neos de la educaci\u00f3n superior. Habl\u00f3 sobre las reflexiones de Eduardo Rinesi en el cap\u00edtulo \u201cLa universidad y el futuro de la humanidad\u201d, donde puntualiza la necesidad de una visi\u00f3n global ante problemas como el cambio clim\u00e1tico y el rol del progresismo en la formulaci\u00f3n de pol\u00edticas educativas.<\/span><span data-ccp-props=\"{&quot;201341983&quot;:0,&quot;335559731&quot;:708,&quot;335559739&quot;:0,&quot;335559740&quot;:240}\">\u00a0<\/span><\/p>\n<p><span data-contrast=\"auto\">Tambi\u00e9n subray\u00f3 el an\u00e1lisis de Aguilar S\u00e1nchez sobre c\u00f3mo los gobiernos progresistas permitieron a las universidades recuperar una voz cr\u00edtica frente al neoliberalismo y resalt\u00f3 el aporte de Luis Gonz\u00e1lez Placencia, quien contrasta dos modelos de universidad \u2014uno neoliberal y otro progresista\u2014 y advierte sobre el destino incierto de las instituciones en este contexto de tensi\u00f3n.<\/span><span data-ccp-props=\"{&quot;201341983&quot;:0,&quot;335559731&quot;:708,&quot;335559739&quot;:0,&quot;335559740&quot;:240}\">\u00a0<\/span><\/p>\n","protected":false},"excerpt":{"rendered":"<p>Educaci\u00f3n superior y gobiernos progresistas en Am\u00e9rica Latina, es una obra coeditada por la Editorial de la UV y la ANUIES <\/p>\n","protected":false},"author":1775,"featured_media":155680,"comment_status":"closed","ping_status":"closed","sticky":false,"template":"","format":"standard","meta":{"footnotes":""},"categories":[24035,1,61],"tags":[2015,257,132,5427,156,1366,258,320,12975,848,586,20130,2700,2325,22482,22483,4043,3402],"class_list":["post-155685","post","type-post","status-publish","format-standard","has-post-thumbnail","hentry","category-filu-2025","category-general","category-banner","tag-america-latina","tag-asociacion-nacional-de-universidades-e-instituciones-de-educacion-superior","tag-casa-del-lago-uv","tag-edgar-javier-gonzalez-gaudiano","tag-editorial-uv","tag-feria-internacional-del-libro-universitario","tag-filu","tag-foro","tag-gloria-elena-cruz-sanchez","tag-instituto-de-investigaciones-en-educacion","tag-libro","tag-luis-gonzalez-placencia","tag-martin-aguilar-sanchez","tag-miguel-velez-arceo","tag-nuria-martinez-cabrera","tag-rodolfo-de-jesus-perez-carmona","tag-saul-horacio-moreno-andrade","tag-unidad-de-estudios-de-posgrado"],"_links":{"self":[{"href":"https:\/\/www.uv.mx\/prensa\/wp-json\/wp\/v2\/posts\/155685","targetHints":{"allow":["GET"]}}],"collection":[{"href":"https:\/\/www.uv.mx\/prensa\/wp-json\/wp\/v2\/posts"}],"about":[{"href":"https:\/\/www.uv.mx\/prensa\/wp-json\/wp\/v2\/types\/post"}],"author":[{"embeddable":true,"href":"https:\/\/www.uv.mx\/prensa\/wp-json\/wp\/v2\/users\/1775"}],"replies":[{"embeddable":true,"href":"https:\/\/www.uv.mx\/prensa\/wp-json\/wp\/v2\/comments?post=155685"}],"version-history":[{"count":1,"href":"https:\/\/www.uv.mx\/prensa\/wp-json\/wp\/v2\/posts\/155685\/revisions"}],"predecessor-version":[{"id":155686,"href":"https:\/\/www.uv.mx\/prensa\/wp-json\/wp\/v2\/posts\/155685\/revisions\/155686"}],"wp:featuredmedia":[{"embeddable":true,"href":"https:\/\/www.uv.mx\/prensa\/wp-json\/wp\/v2\/media\/155680"}],"wp:attachment":[{"href":"https:\/\/www.uv.mx\/prensa\/wp-json\/wp\/v2\/media?parent=155685"}],"wp:term":[{"taxonomy":"category","embeddable":true,"href":"https:\/\/www.uv.mx\/prensa\/wp-json\/wp\/v2\/categories?post=155685"},{"taxonomy":"post_tag","embeddable":true,"href":"https:\/\/www.uv.mx\/prensa\/wp-json\/wp\/v2\/tags?post=155685"}],"curies":[{"name":"wp","href":"https:\/\/api.w.org\/{rel}","templated":true}]}}