{"id":155673,"date":"2025-05-27T16:43:43","date_gmt":"2025-05-27T21:43:43","guid":{"rendered":"https:\/\/www.uv.mx\/prensa\/?p=155673"},"modified":"2025-05-27T16:43:43","modified_gmt":"2025-05-27T21:43:43","slug":"lo-importante-es-preservar-la-escritura-no-el-objeto-que-la-contiene","status":"publish","type":"post","link":"https:\/\/www.uv.mx\/prensa\/general\/lo-importante-es-preservar-la-escritura-no-el-objeto-que-la-contiene\/","title":{"rendered":"Lo importante es preservar la escritura, no el objeto que la contiene"},"content":{"rendered":"<ul>\n<li data-leveltext=\"\uf0b7\" data-font=\"Symbol\" data-listid=\"1\" data-list-defn-props=\"{&quot;335552541&quot;:1,&quot;335559685&quot;:720,&quot;335559991&quot;:360,&quot;469769226&quot;:&quot;Symbol&quot;,&quot;469769242&quot;:[8226],&quot;469777803&quot;:&quot;left&quot;,&quot;469777804&quot;:&quot;\uf0b7&quot;,&quot;469777815&quot;:&quot;hybridMultilevel&quot;}\" data-aria-posinset=\"1\" data-aria-level=\"1\"><i><span data-contrast=\"auto\">Los escritores Francisco Garamona y Albany Flores participaron en la mesa \u201cVasos comunicantes: literatura y redes sociales\u201d, en el marco de la FILU 2025<\/span><\/i><span data-ccp-props=\"{&quot;201341983&quot;:0,&quot;335559739&quot;:0,&quot;335559740&quot;:240}\">\u00a0<\/span><\/li>\n<\/ul>\n<ul>\n<li data-leveltext=\"\uf0b7\" data-font=\"Symbol\" data-listid=\"1\" data-list-defn-props=\"{&quot;335552541&quot;:1,&quot;335559685&quot;:720,&quot;335559991&quot;:360,&quot;469769226&quot;:&quot;Symbol&quot;,&quot;469769242&quot;:[8226],&quot;469777803&quot;:&quot;left&quot;,&quot;469777804&quot;:&quot;\uf0b7&quot;,&quot;469777815&quot;:&quot;hybridMultilevel&quot;}\" data-aria-posinset=\"2\" data-aria-level=\"1\"><i><span data-contrast=\"auto\">Uno de los temas centrales fue la transformaci\u00f3n del libro como objeto y concepto<\/span><\/i><span data-ccp-props=\"{&quot;201341983&quot;:0,&quot;335559739&quot;:0,&quot;335559740&quot;:240}\">\u00a0<\/span><\/li>\n<\/ul>\n<p>&nbsp;<\/p>\n<div id=\"attachment_155649\" style=\"width: 732px\" class=\"wp-caption aligncenter\"><a href=\"https:\/\/www.uv.mx\/prensa\/files\/2025\/05\/260525-PAOLA-Vasos-comunicantes-1.jpg\"><img loading=\"lazy\" decoding=\"async\" aria-describedby=\"caption-attachment-155649\" class=\"size-full wp-image-155649\" src=\"https:\/\/www.uv.mx\/prensa\/files\/2025\/05\/260525-PAOLA-Vasos-comunicantes-1.jpg\" alt=\"\" width=\"722\" height=\"438\" srcset=\"https:\/\/www.uv.mx\/prensa\/files\/2025\/05\/260525-PAOLA-Vasos-comunicantes-1.jpg 722w, https:\/\/www.uv.mx\/prensa\/files\/2025\/05\/260525-PAOLA-Vasos-comunicantes-1-300x182.jpg 300w\" sizes=\"auto, (max-width: 722px) 100vw, 722px\" \/><\/a><p id=\"caption-attachment-155649\" class=\"wp-caption-text\">Francisco Garamona y Albany Flores, durante su participaci\u00f3n en la FILU 2025<\/p><\/div>\n<p>&nbsp;<\/p>\n<p><b><i><span data-contrast=\"auto\">Paola Cort\u00e9s P\u00e9rez<\/span><\/i><\/b><span data-ccp-props=\"{&quot;201341983&quot;:0,&quot;335559739&quot;:0,&quot;335559740&quot;:240}\">\u00a0<\/span><\/p>\n<p><b><i><span data-contrast=\"auto\">Fotos: Omar Portilla Palacios<\/span><\/i><\/b><span data-ccp-props=\"{&quot;201341983&quot;:0,&quot;335559739&quot;:0,&quot;335559740&quot;:240}\">\u00a0<\/span><\/p>\n<p><b><i><span data-contrast=\"auto\">27\/05\/2025, Xalapa, Ver.-<\/span><\/i><\/b><span data-contrast=\"auto\"> En el marco de la Feria Internacional del Libro Universitario (FILU) 2025, organizada por la Universidad Veracruzana (UV), Francisco Garamona, editor y escritor argentino, y Albany Flores, poeta de origen hondure\u00f1o, conversaron y reflexionaron sobre el papel de la tecnolog\u00eda, las redes sociales y la inteligencia artificial (IA) en la escritura, la lectura y la construcci\u00f3n de comunidad literaria en la actualidad.<\/span><span data-ccp-props=\"{&quot;201341983&quot;:0,&quot;335559739&quot;:0,&quot;335559740&quot;:240}\">\u00a0<\/span><\/p>\n<p><span data-contrast=\"auto\">Lo anterior en la mesa \u201cVasos comunicantes: literatura y redes sociales\u201d, que tuvo lugar en el auditorio de la Facultad de M\u00fasica, una de las sedes de la FILU 2025.<\/span><span data-ccp-props=\"{&quot;201341983&quot;:0,&quot;335559731&quot;:708,&quot;335559739&quot;:0,&quot;335559740&quot;:240}\">\u00a0<\/span><\/p>\n<p><span data-contrast=\"auto\">Entre los temas centrales abordados, destac\u00f3 la transformaci\u00f3n del libro como objeto y como concepto. Albany Flores afirm\u00f3 que, aunque el papel tender\u00e1 a desaparecer por razones tecnol\u00f3gicas y ecol\u00f3gicas, lo esencial no es el soporte, sino la escritura misma. \u201cHist\u00f3ricamente hemos escrito en piedra, en cuero, en papel; lo importante es preservar la escritura\u201d, coment\u00f3.<\/span><span data-ccp-props=\"{&quot;201341983&quot;:0,&quot;335559731&quot;:708,&quot;335559739&quot;:0,&quot;335559740&quot;:240}\">\u00a0<\/span><\/p>\n<p>&nbsp;<\/p>\n<div id=\"attachment_155648\" style=\"width: 732px\" class=\"wp-caption aligncenter\"><a href=\"https:\/\/www.uv.mx\/prensa\/files\/2025\/05\/260525-PAOLA-Vasos-comunicantes-2.jpg\"><img loading=\"lazy\" decoding=\"async\" aria-describedby=\"caption-attachment-155648\" class=\"size-full wp-image-155648\" src=\"https:\/\/www.uv.mx\/prensa\/files\/2025\/05\/260525-PAOLA-Vasos-comunicantes-2.jpg\" alt=\"\" width=\"722\" height=\"452\" srcset=\"https:\/\/www.uv.mx\/prensa\/files\/2025\/05\/260525-PAOLA-Vasos-comunicantes-2.jpg 722w, https:\/\/www.uv.mx\/prensa\/files\/2025\/05\/260525-PAOLA-Vasos-comunicantes-2-300x188.jpg 300w, https:\/\/www.uv.mx\/prensa\/files\/2025\/05\/260525-PAOLA-Vasos-comunicantes-2-200x125.jpg 200w\" sizes=\"auto, (max-width: 722px) 100vw, 722px\" \/><\/a><p id=\"caption-attachment-155648\" class=\"wp-caption-text\">Albany Flores afirm\u00f3 que, aunque el papel tender\u00e1 a desaparecer, lo esencial no es el soporte, sino la escritura misma<\/p><\/div>\n<p>&nbsp;<\/p>\n<p><span data-contrast=\"auto\">En tanto, Francisco Garamona mostr\u00f3 una postura m\u00e1s cr\u00edtica ante la desaparici\u00f3n del libro f\u00edsico, reconociendo su valor como objeto cultural e incluso econ\u00f3mico, como mercanc\u00eda e instrumento de intercambio.<\/span><span data-ccp-props=\"{&quot;201341983&quot;:0,&quot;335559731&quot;:708,&quot;335559739&quot;:0,&quot;335559740&quot;:240}\">\u00a0<\/span><\/p>\n<p><span data-contrast=\"auto\">Tambi\u00e9n se discuti\u00f3 el papel de la IA en la creaci\u00f3n art\u00edstica. Ambos coincidieron en que estas tecnolog\u00edas pueden ser herramientas \u00fatiles, pero advirtieron sobre el riesgo de la homogeneizaci\u00f3n cultural.<\/span><span data-ccp-props=\"{&quot;201341983&quot;:0,&quot;335559731&quot;:708,&quot;335559739&quot;:0,&quot;335559740&quot;:240}\">\u00a0<\/span><\/p>\n<p><span data-contrast=\"auto\">\u201cLa inteligencia artificial ya genera textos, pero muchas veces sin alma, sin error, sin duda. Hay una falta de humanidad ah\u00ed\u201d, expres\u00f3 Garamona; mientras que Flores a\u00f1adi\u00f3 que la saturaci\u00f3n de contenidos actuales lleva a una sobreproducci\u00f3n que amenaza con vaciar de sentido a la creaci\u00f3n.<\/span><\/p>\n<p>&nbsp;<\/p>\n<div id=\"attachment_155650\" style=\"width: 732px\" class=\"wp-caption aligncenter\"><a href=\"https:\/\/www.uv.mx\/prensa\/files\/2025\/05\/260525-PAOLA-Vasos-comunicantes-3.jpg\"><img loading=\"lazy\" decoding=\"async\" aria-describedby=\"caption-attachment-155650\" class=\"size-full wp-image-155650\" src=\"https:\/\/www.uv.mx\/prensa\/files\/2025\/05\/260525-PAOLA-Vasos-comunicantes-3.jpg\" alt=\"\" width=\"722\" height=\"427\" srcset=\"https:\/\/www.uv.mx\/prensa\/files\/2025\/05\/260525-PAOLA-Vasos-comunicantes-3.jpg 722w, https:\/\/www.uv.mx\/prensa\/files\/2025\/05\/260525-PAOLA-Vasos-comunicantes-3-300x177.jpg 300w\" sizes=\"auto, (max-width: 722px) 100vw, 722px\" \/><\/a><p id=\"caption-attachment-155650\" class=\"wp-caption-text\">Francisco Garamona mostr\u00f3 una postura m\u00e1s cr\u00edtica ante la desaparici\u00f3n del libro f\u00edsico<\/p><\/div>\n<p><span data-ccp-props=\"{&quot;201341983&quot;:0,&quot;335559731&quot;:708,&quot;335559739&quot;:0,&quot;335559740&quot;:240}\">\u00a0<\/span><\/p>\n<p><span data-contrast=\"auto\">Otro punto destacado fue la idea de las redes como fen\u00f3meno social m\u00e1s all\u00e1 de lo digital. Los escritores centro y sudamericano comentaron que el concepto de redes sociodigitales es m\u00e1s pertinente que el de redes sociales, ya que reconoce la dimensi\u00f3n humana y cultural del intercambio. En este sentido, reflexionaron sobre c\u00f3mo la literatura contempor\u00e1nea representa estos cambios, y c\u00f3mo los fen\u00f3menos de la hiperconectividad, el individualismo o la posverdad est\u00e1n dejando huellas en las narrativas actuales.<\/span><span data-ccp-props=\"{&quot;201341983&quot;:0,&quot;335559731&quot;:708,&quot;335559739&quot;:0,&quot;335559740&quot;:240}\">\u00a0<\/span><\/p>\n<p><span data-contrast=\"auto\">Finalmente, ambos coincidieron en la importancia de pensar qu\u00e9 registros dejar\u00e1n las generaciones actuales para los investigadores del futuro. \u201c\u00bfQu\u00e9 estudiar\u00e1n los arque\u00f3logos del ma\u00f1ana? \u00bf<\/span><i><span data-contrast=\"auto\">Facebook<\/span><\/i><span data-contrast=\"auto\">, <\/span><i><span data-contrast=\"auto\">YouTube<\/span><\/i><span data-contrast=\"auto\">?\u201d, pregunt\u00f3 Albany Flores con iron\u00eda; al ser contextos donde se produce m\u00e1s contenido que nunca, el verdadero reto ser\u00e1 discernir qu\u00e9 conservar y c\u00f3mo encontrar sentido entre la abundancia.<\/span><span data-ccp-props=\"{&quot;201341983&quot;:0,&quot;335559731&quot;:708,&quot;335559739&quot;:0,&quot;335559740&quot;:240}\">\u00a0<\/span><\/p>\n","protected":false},"excerpt":{"rendered":"<p>Escritores reflexionaron sobre el papel de la tecnolog\u00eda, las redes sociales y la inteligencia artificial en la escritura y la lectura <\/p>\n","protected":false},"author":1809,"featured_media":155647,"comment_status":"closed","ping_status":"closed","sticky":false,"template":"","format":"standard","meta":{"footnotes":""},"categories":[24035,1,61],"tags":[24522,7793,24036,24524,24521,24523,6462,4164,24525,20311],"class_list":["post-155673","post","type-post","status-publish","format-standard","has-post-thumbnail","hentry","category-filu-2025","category-general","category-banner","tag-albany-flores","tag-auditorio-de-la-facultad-de-musica","tag-feria-internacional-del-libro-universitario-filu-2025","tag-filu-2025","tag-francisco-garamona","tag-mesa-vasos-comunicantes-literatura-y-redes-sociales","tag-omar-portilla-palacios","tag-paola-cortes-perez","tag-redes-sociodigitales","tag-universidad-veracruzana-uv"],"_links":{"self":[{"href":"https:\/\/www.uv.mx\/prensa\/wp-json\/wp\/v2\/posts\/155673","targetHints":{"allow":["GET"]}}],"collection":[{"href":"https:\/\/www.uv.mx\/prensa\/wp-json\/wp\/v2\/posts"}],"about":[{"href":"https:\/\/www.uv.mx\/prensa\/wp-json\/wp\/v2\/types\/post"}],"author":[{"embeddable":true,"href":"https:\/\/www.uv.mx\/prensa\/wp-json\/wp\/v2\/users\/1809"}],"replies":[{"embeddable":true,"href":"https:\/\/www.uv.mx\/prensa\/wp-json\/wp\/v2\/comments?post=155673"}],"version-history":[{"count":1,"href":"https:\/\/www.uv.mx\/prensa\/wp-json\/wp\/v2\/posts\/155673\/revisions"}],"predecessor-version":[{"id":155674,"href":"https:\/\/www.uv.mx\/prensa\/wp-json\/wp\/v2\/posts\/155673\/revisions\/155674"}],"wp:featuredmedia":[{"embeddable":true,"href":"https:\/\/www.uv.mx\/prensa\/wp-json\/wp\/v2\/media\/155647"}],"wp:attachment":[{"href":"https:\/\/www.uv.mx\/prensa\/wp-json\/wp\/v2\/media?parent=155673"}],"wp:term":[{"taxonomy":"category","embeddable":true,"href":"https:\/\/www.uv.mx\/prensa\/wp-json\/wp\/v2\/categories?post=155673"},{"taxonomy":"post_tag","embeddable":true,"href":"https:\/\/www.uv.mx\/prensa\/wp-json\/wp\/v2\/tags?post=155673"}],"curies":[{"name":"wp","href":"https:\/\/api.w.org\/{rel}","templated":true}]}}