{"id":155592,"date":"2025-05-26T16:46:53","date_gmt":"2025-05-26T21:46:53","guid":{"rendered":"https:\/\/www.uv.mx\/prensa\/?p=155592"},"modified":"2025-05-26T16:46:53","modified_gmt":"2025-05-26T21:46:53","slug":"uv-impulsa-dialogo-intercultural-con-foro-estudiantil","status":"publish","type":"post","link":"https:\/\/www.uv.mx\/prensa\/general\/uv-impulsa-dialogo-intercultural-con-foro-estudiantil\/","title":{"rendered":"UV impulsa di\u00e1logo intercultural con Foro Estudiantil"},"content":{"rendered":"<ul>\n<li data-leveltext=\"\uf0b7\" data-font=\"Symbol\" data-listid=\"1\" data-list-defn-props=\"{&quot;335552541&quot;:1,&quot;335559685&quot;:720,&quot;335559991&quot;:360,&quot;469769226&quot;:&quot;Symbol&quot;,&quot;469769242&quot;:[8226],&quot;469777803&quot;:&quot;left&quot;,&quot;469777804&quot;:&quot;\uf0b7&quot;,&quot;469777815&quot;:&quot;hybridMultilevel&quot;}\" data-aria-posinset=\"1\" data-aria-level=\"1\"><i><span data-contrast=\"auto\">En el marco de la FILU 2025, estudiantes de M\u00e9xico y otros pa\u00edses participan en la novena edici\u00f3n, que continua el martes 27<\/span><\/i><span data-ccp-props=\"{&quot;201341983&quot;:0,&quot;335559739&quot;:0,&quot;335559740&quot;:240}\">\u00a0<\/span><\/li>\n<\/ul>\n<ul>\n<li data-leveltext=\"\uf0b7\" data-font=\"Symbol\" data-listid=\"1\" data-list-defn-props=\"{&quot;335552541&quot;:1,&quot;335559685&quot;:720,&quot;335559991&quot;:360,&quot;469769226&quot;:&quot;Symbol&quot;,&quot;469769242&quot;:[8226],&quot;469777803&quot;:&quot;left&quot;,&quot;469777804&quot;:&quot;\uf0b7&quot;,&quot;469777815&quot;:&quot;hybridMultilevel&quot;}\" data-aria-posinset=\"2\" data-aria-level=\"1\"><i><span data-contrast=\"auto\">Destaca la importancia de la inteligencia artificial con enfoque \u00e9tico y humanista<\/span><\/i><span data-ccp-props=\"{&quot;201341983&quot;:0,&quot;335559739&quot;:0,&quot;335559740&quot;:240}\">\u00a0<\/span><\/li>\n<\/ul>\n<p>&nbsp;<\/p>\n<div id=\"attachment_155578\" style=\"width: 732px\" class=\"wp-caption aligncenter\"><a href=\"https:\/\/www.uv.mx\/prensa\/files\/2025\/05\/260525-FORO-ESTUDIANTIL-1.png\"><img loading=\"lazy\" decoding=\"async\" aria-describedby=\"caption-attachment-155578\" class=\"size-full wp-image-155578\" src=\"https:\/\/www.uv.mx\/prensa\/files\/2025\/05\/260525-FORO-ESTUDIANTIL-1.png\" alt=\"\" width=\"722\" height=\"300\" srcset=\"https:\/\/www.uv.mx\/prensa\/files\/2025\/05\/260525-FORO-ESTUDIANTIL-1.png 722w, https:\/\/www.uv.mx\/prensa\/files\/2025\/05\/260525-FORO-ESTUDIANTIL-1-300x125.png 300w\" sizes=\"auto, (max-width: 722px) 100vw, 722px\" \/><\/a><p id=\"caption-attachment-155578\" class=\"wp-caption-text\">En una apuesta por la interculturalidad, la Universidad Veracruzana (UV) inaugur\u00f3 el noveno Foro Estudiantil Intercultural \u201cInteligencia Artificial, \u00c9tica y Derechos Humanos\u201d en la FILU 2025<\/p><\/div>\n<p>&nbsp;<\/p>\n<p><b><i><span data-contrast=\"auto\">Nuria Mart\u00ednez Cabrera<\/span><\/i><\/b><span data-ccp-props=\"{&quot;201341983&quot;:0,&quot;335559739&quot;:0,&quot;335559740&quot;:240}\">\u00a0<\/span><\/p>\n<p><b><i><span data-contrast=\"auto\">Fotos: Rodolfo de Jes\u00fas P\u00e9rez Carmona<\/span><\/i><\/b><span data-ccp-props=\"{&quot;201341983&quot;:0,&quot;335559739&quot;:0,&quot;335559740&quot;:240}\">\u00a0<\/span><\/p>\n<p><b><i><span data-contrast=\"auto\">26\/05\/2025, Xalapa, Ver.-<\/span><\/i><\/b><span data-contrast=\"auto\"> En una apuesta por la interculturalidad, la Universidad Veracruzana (UV) inaugur\u00f3 el noveno <\/span><a href=\"https:\/\/www.uv.mx\/filu\/filu-2025-ix-foro-estudiantil-intercultural-inteligencia-artificial-etica-y-derechos-humanos\/\"><span data-contrast=\"none\">Foro Estudiantil Intercultural \u201cInteligencia Artificial, \u00c9tica y Derechos Humanos\u201d<\/span><\/a><span data-contrast=\"auto\"> en el marco de la Feria Internacional del Libro Universitario (FILU) 2025.<\/span><span data-ccp-props=\"{&quot;201341983&quot;:0,&quot;335559739&quot;:0,&quot;335559740&quot;:240}\">\u00a0<\/span><\/p>\n<p><span data-contrast=\"auto\">Durante el inicio oficial de las actividades, el secretario acad\u00e9mico, Juan Ortiz Escamilla, en representaci\u00f3n del rector Mart\u00edn Aguilar S\u00e1nchez, destac\u00f3 la importancia de esta edici\u00f3n del foro al centrarse en tem\u00e1ticas actuales y de relevancia global.<\/span><span data-ccp-props=\"{&quot;201341983&quot;:0,&quot;335559731&quot;:708,&quot;335559739&quot;:0,&quot;335559740&quot;:240}\">\u00a0<\/span><\/p>\n<p>&nbsp;<\/p>\n<div id=\"attachment_155577\" style=\"width: 732px\" class=\"wp-caption aligncenter\"><a href=\"https:\/\/www.uv.mx\/prensa\/files\/2025\/05\/260525-FORO-ESTUDIANTIL-2.png\"><img loading=\"lazy\" decoding=\"async\" aria-describedby=\"caption-attachment-155577\" class=\"size-full wp-image-155577\" src=\"https:\/\/www.uv.mx\/prensa\/files\/2025\/05\/260525-FORO-ESTUDIANTIL-2.png\" alt=\"\" width=\"722\" height=\"481\" \/><\/a><p id=\"caption-attachment-155577\" class=\"wp-caption-text\">El secretario acad\u00e9mico, Juan Ortiz Escamilla, destac\u00f3 la importancia de esta edici\u00f3n del foro al centrarse en tem\u00e1ticas actuales y de relevancia global<\/p><\/div>\n<p>&nbsp;<\/p>\n<p><span data-contrast=\"auto\">Al recordar que este espacio naci\u00f3 gracias a la iniciativa de estudiantes conscientes del valor del di\u00e1logo y el intercambio cultural, resalt\u00f3 que lo que se busca es detonar y socializar el trabajo acad\u00e9mico, adem\u00e1s de asentar la relevancia de la internacionalizaci\u00f3n y la interculturalidad.<\/span><span data-ccp-props=\"{&quot;201341983&quot;:0,&quot;335559731&quot;:708,&quot;335559739&quot;:0,&quot;335559740&quot;:240}\">\u00a0<\/span><\/p>\n<p><span data-contrast=\"auto\">\u201cEstoy convencido de que esta plataforma contribuir\u00e1 a seguir entendiendo e implementando la interculturalidad como una potente forma de acci\u00f3n cognitiva y social y estimular\u00e1 una interlocuci\u00f3n que, al mismo tiempo, pondr\u00e1 en marcha un gran aprendizaje, esto es, una interlocuci\u00f3n que tenga efectos transformadores en el \u00e1mbito de lo personal y lo colectivo\u201d, dijo.<\/span><span data-ccp-props=\"{&quot;201341983&quot;:0,&quot;335559731&quot;:708,&quot;335559739&quot;:0,&quot;335559740&quot;:240}\">\u00a0<\/span><\/p>\n<p>&nbsp;<\/p>\n<div id=\"attachment_155576\" style=\"width: 732px\" class=\"wp-caption aligncenter\"><a href=\"https:\/\/www.uv.mx\/prensa\/files\/2025\/05\/260525-FORO-ESTUDIANTIL-3.png\"><img loading=\"lazy\" decoding=\"async\" aria-describedby=\"caption-attachment-155576\" class=\"size-full wp-image-155576\" src=\"https:\/\/www.uv.mx\/prensa\/files\/2025\/05\/260525-FORO-ESTUDIANTIL-3.png\" alt=\"\" width=\"722\" height=\"481\" srcset=\"https:\/\/www.uv.mx\/prensa\/files\/2025\/05\/260525-FORO-ESTUDIANTIL-3.png 722w, https:\/\/www.uv.mx\/prensa\/files\/2025\/05\/260525-FORO-ESTUDIANTIL-3-300x200.png 300w\" sizes=\"auto, (max-width: 722px) 100vw, 722px\" \/><\/a><p id=\"caption-attachment-155576\" class=\"wp-caption-text\">Mario Oliva Su\u00e1rez, titular de la DGRI, indic\u00f3 que en el Foro participan estudiantes y acad\u00e9micos de todas las regiones de la UV, la UV-Intercultural y de otros pa\u00edses e instituciones<\/p><\/div>\n<p>&nbsp;<\/p>\n<p><span data-contrast=\"auto\">Por su parte, el director general de Relaciones Internacionales (DGRI), Mario Oliva Su\u00e1rez, indic\u00f3 que en el Foro participan estudiantes y acad\u00e9micos de todas las regiones de la UV, la Universidad Veracruzana Intercultural (UVI) y de otros pa\u00edses e instituciones. Explic\u00f3 que esta edici\u00f3n, que se realiza los d\u00edas 26 y 27 de mayo, cuenta con la participaci\u00f3n de 30 estudiantes con 31 ponencias.\u00a0<\/span><span data-ccp-props=\"{&quot;134233117&quot;:false,&quot;134233118&quot;:false,&quot;201341983&quot;:0,&quot;335551550&quot;:1,&quot;335551620&quot;:1,&quot;335559685&quot;:0,&quot;335559731&quot;:708,&quot;335559737&quot;:0,&quot;335559738&quot;:0,&quot;335559739&quot;:0,&quot;335559740&quot;:240}\">\u00a0<\/span><\/p>\n<p><span data-contrast=\"auto\">\u201cLas ponencias se han organizado como es el contenido del foro: inteligencia artificial, \u00e9tica, derechos humanos, educaci\u00f3n ciudadana, cultura ambiental, derechos ind\u00edgenas y expresiones art\u00edsticas con impacto social. Este foro es un reflejo de nuestra visi\u00f3n de una Universidad que forma ciudadanos globales con ra\u00edces locales que son capaces de incidir \u00e9ticamente en un mundo m\u00e1s interconectado\u201d, expres\u00f3.<\/span><span data-ccp-props=\"{&quot;201341983&quot;:0,&quot;335559731&quot;:708,&quot;335559739&quot;:0,&quot;335559740&quot;:240}\">\u00a0<\/span><\/p>\n<p>&nbsp;<\/p>\n<div id=\"attachment_155575\" style=\"width: 732px\" class=\"wp-caption aligncenter\"><a href=\"https:\/\/www.uv.mx\/prensa\/files\/2025\/05\/260525-FORO-ESTUDIANTIL-4.png\"><img loading=\"lazy\" decoding=\"async\" aria-describedby=\"caption-attachment-155575\" class=\"size-full wp-image-155575\" src=\"https:\/\/www.uv.mx\/prensa\/files\/2025\/05\/260525-FORO-ESTUDIANTIL-4.png\" alt=\"\" width=\"722\" height=\"481\" srcset=\"https:\/\/www.uv.mx\/prensa\/files\/2025\/05\/260525-FORO-ESTUDIANTIL-4.png 722w, https:\/\/www.uv.mx\/prensa\/files\/2025\/05\/260525-FORO-ESTUDIANTIL-4-300x200.png 300w\" sizes=\"auto, (max-width: 722px) 100vw, 722px\" \/><\/a><p id=\"caption-attachment-155575\" class=\"wp-caption-text\">La coordinadora de la FILU, Judith Guadalupe P\u00e1ez Paniagua, reconoci\u00f3 el crecimiento del Foro que hace parte de la trig\u00e9sima edici\u00f3n de la FILU en la UV<\/p><\/div>\n<p>&nbsp;<\/p>\n<p><span data-contrast=\"auto\">La coordinadora de la FILU, Judith Guadalupe P\u00e1ez Paniagua, reconoci\u00f3 el crecimiento de este evento que hace parte de la trig\u00e9sima edici\u00f3n de la FILU en la UV y destac\u00f3 el trabajo realizado por Adriana Vivanco Guti\u00e9rrez y Bertha Alicia Ram\u00edrez Arce, coordinadoras del Foro que este a\u00f1o recibe participantes de Espa\u00f1a, Colombia, Croacia, Chile, Dinamarca, Argentina, Canad\u00e1, y estudiantes mexicanos.<\/span><span data-ccp-props=\"{&quot;201341983&quot;:0,&quot;335559731&quot;:708,&quot;335559739&quot;:0,&quot;335559740&quot;:240}\">\u00a0<\/span><\/p>\n<p><span data-contrast=\"auto\">A su vez, la directora de la Facultad de Derecho Regi\u00f3n Xalapa, Aracely Reyes L\u00f3pez, indic\u00f3 que este encuentro se abre como espacio acad\u00e9mico de reflexi\u00f3n que promueve el di\u00e1logo intercultural y la escucha de diferentes voces que enriquece a la comunidad acad\u00e9mica y le permite construir respuestas m\u00e1s humanas. \u201cEste a\u00f1o, se nutre m\u00e1s de diversas voces de todo el mundo, es un foro estudiantil mundial y, por tanto, intercultural\u201d, sostuvo.<\/span><span data-ccp-props=\"{&quot;201341983&quot;:0,&quot;335559731&quot;:708,&quot;335559739&quot;:0,&quot;335559740&quot;:240}\">\u00a0<\/span><\/p>\n<p>&nbsp;<\/p>\n<div id=\"attachment_155579\" style=\"width: 732px\" class=\"wp-caption aligncenter\"><a href=\"https:\/\/www.uv.mx\/prensa\/files\/2025\/05\/260525-FORO-ESTUDIANTIL-5.png\"><img loading=\"lazy\" decoding=\"async\" aria-describedby=\"caption-attachment-155579\" class=\"size-full wp-image-155579\" src=\"https:\/\/www.uv.mx\/prensa\/files\/2025\/05\/260525-FORO-ESTUDIANTIL-5.png\" alt=\"\" width=\"722\" height=\"481\" srcset=\"https:\/\/www.uv.mx\/prensa\/files\/2025\/05\/260525-FORO-ESTUDIANTIL-5.png 722w, https:\/\/www.uv.mx\/prensa\/files\/2025\/05\/260525-FORO-ESTUDIANTIL-5-300x200.png 300w\" sizes=\"auto, (max-width: 722px) 100vw, 722px\" \/><\/a><p id=\"caption-attachment-155579\" class=\"wp-caption-text\">En el Foro participan estudiantes y acad\u00e9micos de todas las regiones de la UV<\/p><\/div>\n<p>&nbsp;<\/p>\n<p><span data-contrast=\"auto\">Asistieron a la inauguraci\u00f3n, titulares de las direcciones generales de Bibliotecas de la UV, de la UV-Intercultural, del \u00c1rea Acad\u00e9mica de Artes, y de la Facultad \u201cSim\u00f3n Bol\u00edvar\u201d en Barranquilla Colombia: Ana Mar\u00eda Salazar V\u00e1zquez, Daniel Bello L\u00f3pez, Beatriz S\u00e1nchez Zurita, Luz \u00c1ngela Cort\u00e9s Restrepo, en ese orden, y de la misma instituci\u00f3n, la directora de Ciencias de la Salud, Julieth Hollmann.<\/span><span data-ccp-props=\"{&quot;201341983&quot;:0,&quot;335559731&quot;:708,&quot;335559739&quot;:0,&quot;335559740&quot;:240}\">\u00a0<\/span><\/p>\n","protected":false},"excerpt":{"rendered":"<p>Bajo el t\u00edtulo \u201cInteligencia Artificial, \u00c9tica y Derechos Humanos\u201d, es un reflejo de la visi\u00f3n de una Universidad que forma ciudadanos globales con ra\u00edces locales, capaces de incidir \u00e9ticamente en un mundo m\u00e1s interconectado <\/p>\n","protected":false},"author":1809,"featured_media":155574,"comment_status":"closed","ping_status":"closed","sticky":false,"template":"","format":"standard","meta":{"footnotes":""},"categories":[24035,1,61],"tags":[8579,10265,24465,1631,24469,7322,6164,2733,649,384,24040,5586,7687,24467,24466,246,543,24463,24468,24464,24036,2288,8627,24471,24470,1991,2700,24462,22482,22483,20311,6632],"class_list":["post-155592","post","type-post","status-publish","format-standard","has-post-thumbnail","hentry","category-filu-2025","category-general","category-banner","tag-adriana-vivanco-gutierrez","tag-ana-maria-salazar-vazquez","tag-aracely-reyes-lopez","tag-argentina","tag-barranquilla-colombia","tag-beatriz-sanchez-zurita","tag-bertha-alicia-ramirez-arce","tag-canada","tag-chile","tag-colombia","tag-croacia","tag-daniel-bello-lopez","tag-dinamarca","tag-direccion-del-area-academica-de-artes","tag-direccion-general-de-bibliotecas-de-la-uv","tag-direccion-general-de-relaciones-internacionales-dgri","tag-espana","tag-etica-y-derechos-humanos","tag-facultad-simon-bolivar","tag-facultad-de-derecho-region-xalapa","tag-feria-internacional-del-libro-universitario-filu-2025","tag-juan-ortiz-escamilla","tag-judith-guadalupe-paez-paniagua","tag-julieth-hollmann","tag-luz-angela-cortes-restrepo","tag-mario-oliva-suarez","tag-martin-aguilar-sanchez","tag-noveno-foro-estudiantil-intercultural-inteligencia-artificial","tag-nuria-martinez-cabrera","tag-rodolfo-de-jesus-perez-carmona","tag-universidad-veracruzana-uv","tag-uv-intercultural"],"_links":{"self":[{"href":"https:\/\/www.uv.mx\/prensa\/wp-json\/wp\/v2\/posts\/155592","targetHints":{"allow":["GET"]}}],"collection":[{"href":"https:\/\/www.uv.mx\/prensa\/wp-json\/wp\/v2\/posts"}],"about":[{"href":"https:\/\/www.uv.mx\/prensa\/wp-json\/wp\/v2\/types\/post"}],"author":[{"embeddable":true,"href":"https:\/\/www.uv.mx\/prensa\/wp-json\/wp\/v2\/users\/1809"}],"replies":[{"embeddable":true,"href":"https:\/\/www.uv.mx\/prensa\/wp-json\/wp\/v2\/comments?post=155592"}],"version-history":[{"count":1,"href":"https:\/\/www.uv.mx\/prensa\/wp-json\/wp\/v2\/posts\/155592\/revisions"}],"predecessor-version":[{"id":155593,"href":"https:\/\/www.uv.mx\/prensa\/wp-json\/wp\/v2\/posts\/155592\/revisions\/155593"}],"wp:featuredmedia":[{"embeddable":true,"href":"https:\/\/www.uv.mx\/prensa\/wp-json\/wp\/v2\/media\/155574"}],"wp:attachment":[{"href":"https:\/\/www.uv.mx\/prensa\/wp-json\/wp\/v2\/media?parent=155592"}],"wp:term":[{"taxonomy":"category","embeddable":true,"href":"https:\/\/www.uv.mx\/prensa\/wp-json\/wp\/v2\/categories?post=155592"},{"taxonomy":"post_tag","embeddable":true,"href":"https:\/\/www.uv.mx\/prensa\/wp-json\/wp\/v2\/tags?post=155592"}],"curies":[{"name":"wp","href":"https:\/\/api.w.org\/{rel}","templated":true}]}}