{"id":155508,"date":"2025-05-25T17:19:37","date_gmt":"2025-05-25T22:19:37","guid":{"rendered":"https:\/\/www.uv.mx\/prensa\/?p=155508"},"modified":"2025-05-25T17:19:37","modified_gmt":"2025-05-25T22:19:37","slug":"mexico-canada-80-anos-de-amistad-y-sociedad-estrategica","status":"publish","type":"post","link":"https:\/\/www.uv.mx\/prensa\/general\/mexico-canada-80-anos-de-amistad-y-sociedad-estrategica\/","title":{"rendered":"M\u00e9xico-Canad\u00e1: 80 a\u00f1os de amistad y sociedad estrat\u00e9gica"},"content":{"rendered":"<ul>\n<li data-leveltext=\"\uf0b7\" data-font=\"Symbol\" data-listid=\"2\" data-list-defn-props=\"{&quot;335552541&quot;:1,&quot;335559685&quot;:720,&quot;335559991&quot;:360,&quot;469769226&quot;:&quot;Symbol&quot;,&quot;469769242&quot;:[8226],&quot;469777803&quot;:&quot;left&quot;,&quot;469777804&quot;:&quot;\uf0b7&quot;,&quot;469777815&quot;:&quot;hybridMultilevel&quot;}\" data-aria-posinset=\"1\" data-aria-level=\"1\"><i><span data-contrast=\"none\">Expres\u00f3 Gabriel Frappier,<\/span><\/i><i><span data-contrast=\"none\"> representante de la Embajada canadiense en nuestro pa\u00eds<\/span><\/i><span data-ccp-props=\"{&quot;134233117&quot;:false,&quot;134233118&quot;:false,&quot;201341983&quot;:0,&quot;335559738&quot;:0,&quot;335559739&quot;:0,&quot;335559740&quot;:240}\">\u00a0<\/span><\/li>\n<\/ul>\n<ul>\n<li data-leveltext=\"\uf0b7\" data-font=\"Symbol\" data-listid=\"2\" data-list-defn-props=\"{&quot;335552541&quot;:1,&quot;335559685&quot;:720,&quot;335559991&quot;:360,&quot;469769226&quot;:&quot;Symbol&quot;,&quot;469769242&quot;:[8226],&quot;469777803&quot;:&quot;left&quot;,&quot;469777804&quot;:&quot;\uf0b7&quot;,&quot;469777815&quot;:&quot;hybridMultilevel&quot;}\" data-aria-posinset=\"2\" data-aria-level=\"1\"><i><span data-contrast=\"none\">Particip\u00f3 en la FILU 2025 donde habl\u00f3 sobre el programa \u201cCanad\u00e1 m\u00e1s cerca\u201d<\/span><\/i><span data-ccp-props=\"{&quot;134233117&quot;:false,&quot;134233118&quot;:false,&quot;201341983&quot;:0,&quot;335559738&quot;:0,&quot;335559739&quot;:0,&quot;335559740&quot;:240}\">\u00a0<\/span><\/li>\n<\/ul>\n<ul>\n<li data-leveltext=\"\uf0b7\" data-font=\"Symbol\" data-listid=\"2\" data-list-defn-props=\"{&quot;335552541&quot;:1,&quot;335559685&quot;:720,&quot;335559991&quot;:360,&quot;469769226&quot;:&quot;Symbol&quot;,&quot;469769242&quot;:[8226],&quot;469777803&quot;:&quot;left&quot;,&quot;469777804&quot;:&quot;\uf0b7&quot;,&quot;469777815&quot;:&quot;hybridMultilevel&quot;}\" data-aria-posinset=\"3\" data-aria-level=\"1\"><i><span data-contrast=\"none\">\u201cLa colaboraci\u00f3n e intercambio acad\u00e9mico entre ambas naciones son constantes\u201d, se\u00f1al\u00f3\u00a0<\/span><\/i><span data-ccp-props=\"{&quot;134233117&quot;:false,&quot;134233118&quot;:false,&quot;201341983&quot;:0,&quot;335559738&quot;:0,&quot;335559739&quot;:0,&quot;335559740&quot;:240}\">\u00a0<\/span><\/li>\n<\/ul>\n<p><span data-ccp-props=\"{&quot;134233117&quot;:false,&quot;134233118&quot;:false,&quot;201341983&quot;:0,&quot;335559738&quot;:0,&quot;335559739&quot;:0,&quot;335559740&quot;:240}\">\u00a0<\/span><\/p>\n<div id=\"attachment_155490\" style=\"width: 732px\" class=\"wp-caption aligncenter\"><a href=\"https:\/\/www.uv.mx\/prensa\/files\/2025\/05\/250525-COUTTOLENC-Charla-Gabriel-Frappier-1-100k.jpg\"><img loading=\"lazy\" decoding=\"async\" aria-describedby=\"caption-attachment-155490\" class=\"size-full wp-image-155490\" src=\"https:\/\/www.uv.mx\/prensa\/files\/2025\/05\/250525-COUTTOLENC-Charla-Gabriel-Frappier-1-100k.jpg\" alt=\"\" width=\"722\" height=\"482\" srcset=\"https:\/\/www.uv.mx\/prensa\/files\/2025\/05\/250525-COUTTOLENC-Charla-Gabriel-Frappier-1-100k.jpg 722w, https:\/\/www.uv.mx\/prensa\/files\/2025\/05\/250525-COUTTOLENC-Charla-Gabriel-Frappier-1-100k-300x200.jpg 300w\" sizes=\"auto, (max-width: 722px) 100vw, 722px\" \/><\/a><p id=\"caption-attachment-155490\" class=\"wp-caption-text\">Gabriel Frappier, consejero de la Embajada de Canad\u00e1 en M\u00e9xico, ofreci\u00f3 charla en la FILU sobre el programa \u201cCanad\u00e1 m\u00e1s cerca\u201d<\/p><\/div>\n<p>&nbsp;<\/p>\n<p><b><i><span data-contrast=\"none\">Jos\u00e9 Luis Couttolenc Soto<\/span><\/i><\/b><span data-ccp-props=\"{&quot;134233117&quot;:false,&quot;134233118&quot;:false,&quot;201341983&quot;:0,&quot;335557856&quot;:16777215,&quot;335559738&quot;:0,&quot;335559739&quot;:0,&quot;335559740&quot;:240}\">\u00a0<\/span><\/p>\n<p><b><i><span data-contrast=\"none\">Fotos Luis Fernando Fern\u00e1ndez<\/span><\/i><\/b><span data-ccp-props=\"{&quot;134233117&quot;:false,&quot;134233118&quot;:false,&quot;201341983&quot;:0,&quot;335557856&quot;:16777215,&quot;335559738&quot;:0,&quot;335559739&quot;:0,&quot;335559740&quot;:240}\">\u00a0<\/span><\/p>\n<p><b><i><span data-contrast=\"none\">250525-Xalapa, Ver.-<\/span><\/i><\/b> <span data-contrast=\"none\">Este a\u00f1o,<\/span> <span data-contrast=\"none\">M\u00e9xico y Canad\u00e1 celebran 80 a\u00f1os de relaciones diplom\u00e1ticas que se han caracterizado por una sociedad estrat\u00e9gica. Recientemente, la Presidenta Claudia Sheinbaum Pardo y el Primer Ministro de Canad\u00e1, Mark Joseph Carney, refrendaron su inter\u00e9s por fortalecer el v\u00ednculo bilateral.<\/span><span data-ccp-props=\"{&quot;134233117&quot;:false,&quot;134233118&quot;:false,&quot;201341983&quot;:0,&quot;335557856&quot;:16777215,&quot;335559738&quot;:0,&quot;335559739&quot;:0,&quot;335559740&quot;:240}\">\u00a0<\/span><\/p>\n<p><span data-contrast=\"none\">Gabriel Frappier, consejero en Asuntos Pol\u00edticos, Cultura y Educaci\u00f3n de la Embajada de Canad\u00e1 en M\u00e9xico, refiri\u00f3 lo anterior al participar en la Feria Internacional del Libro Universitario (FILU) 2025, en donde dio a conocer el programa \u201cCanad\u00e1 m\u00e1s cerca\u201d que tiene en marcha el gobierno del pa\u00eds de Am\u00e9rica del Norte.<\/span><span data-ccp-props=\"{&quot;134233117&quot;:false,&quot;134233118&quot;:false,&quot;201341983&quot;:0,&quot;335557856&quot;:16777215,&quot;335559738&quot;:0,&quot;335559739&quot;:0,&quot;335559740&quot;:240}\">\u00a0<\/span><\/p>\n<p><span data-contrast=\"none\">Tras congratularse de que sea este uno de los dos pa\u00edses invitados a la feria (junto con Estados Unidos), el representante diplom\u00e1tico dijo que Canad\u00e1 sigue siendo la segunda fuente m\u00e1s grandes de visitantes para M\u00e9xico (despu\u00e9s de EEUU), con un registro en 2024 de m\u00e1s de 2.6 millones de viajeros, principalmente jubilados que adquirieron propiedades para pasar largos per\u00edodos aqu\u00ed, en tanto el n\u00famero de mexicanos que visitaron aquel pa\u00eds fue de alrededor de 590 mil. <\/span> <span data-ccp-props=\"{&quot;134233117&quot;:false,&quot;134233118&quot;:false,&quot;201341983&quot;:0,&quot;335557856&quot;:16777215,&quot;335559738&quot;:0,&quot;335559739&quot;:0,&quot;335559740&quot;:240}\">\u00a0<\/span><\/p>\n<p><span data-contrast=\"none\">En cuanto a los lazos acad\u00e9micos y culturales, Gabriel Frappier los calific\u00f3 como componentes esenciales en la relaci\u00f3n; mencion\u00f3 que en 2023 Canad\u00e1 otorg\u00f3 m\u00e1s de 11 ml permisos de estudio a alumnos mexicanos, que representa un incremento de m\u00e1s del 80% en los \u00faltimos cinco a\u00f1os. Adem\u00e1s, 14 mil connacionales participaron en cursos de idiomas de corta duraci\u00f3n que no requieren permiso de estudio.<\/span><span data-ccp-props=\"{&quot;134233117&quot;:false,&quot;134233118&quot;:false,&quot;201341983&quot;:0,&quot;335557856&quot;:16777215,&quot;335559738&quot;:0,&quot;335559739&quot;:0,&quot;335559740&quot;:240}\">\u00a0<\/span><\/p>\n<p><span data-contrast=\"none\">Dio a conocer tambi\u00e9n que existen m\u00e1s de 300 convenios entre instituciones de educaci\u00f3n superior canadienses y mexicanas, que facilitan los intercambios acad\u00e9micos y acuerdos entre instituciones educativas; en 2023 M\u00e9xico figuraba como el pa\u00eds de origen con mayor n\u00famero de estudiantes internacionales de AL y el Caribe en Canad\u00e1.<\/span><span data-ccp-props=\"{&quot;134233117&quot;:false,&quot;134233118&quot;:false,&quot;201341983&quot;:0,&quot;335557856&quot;:16777215,&quot;335559738&quot;:0,&quot;335559739&quot;:0,&quot;335559740&quot;:240}\">\u00a0<\/span><\/p>\n<p>&nbsp;<\/p>\n<div id=\"attachment_155491\" style=\"width: 732px\" class=\"wp-caption aligncenter\"><a href=\"https:\/\/www.uv.mx\/prensa\/files\/2025\/05\/250525-COUTTOLENC-Charla-Gabriel-Frappier-2-100k.jpg\"><img loading=\"lazy\" decoding=\"async\" aria-describedby=\"caption-attachment-155491\" class=\"size-full wp-image-155491\" src=\"https:\/\/www.uv.mx\/prensa\/files\/2025\/05\/250525-COUTTOLENC-Charla-Gabriel-Frappier-2-100k.jpg\" alt=\"\" width=\"722\" height=\"482\" srcset=\"https:\/\/www.uv.mx\/prensa\/files\/2025\/05\/250525-COUTTOLENC-Charla-Gabriel-Frappier-2-100k.jpg 722w, https:\/\/www.uv.mx\/prensa\/files\/2025\/05\/250525-COUTTOLENC-Charla-Gabriel-Frappier-2-100k-300x200.jpg 300w\" sizes=\"auto, (max-width: 722px) 100vw, 722px\" \/><\/a><p id=\"caption-attachment-155491\" class=\"wp-caption-text\">Interesados en estudiar en Canad\u00e1, pueden consultar la p\u00e1gina oficial: www.educanada.ca.<\/p><\/div>\n<p>&nbsp;<\/p>\n<p><span data-contrast=\"none\">Indico que tienen un programa denominado \u201cL\u00edderes emergentes en las Am\u00e9ricas, que puede beneficiar a estudiantes y profesores en proyectos de investigaci\u00f3n; los interesados pueden consultar la p\u00e1gina oficial del gobierno: <\/span><a href=\"http:\/\/www.educanada.ca\/\"><i><span data-contrast=\"none\">www.educanada.ca<\/span><\/i><\/a><i><span data-contrast=\"none\">.<\/span><\/i><span data-ccp-props=\"{&quot;134233117&quot;:false,&quot;134233118&quot;:false,&quot;201341983&quot;:0,&quot;335557856&quot;:16777215,&quot;335559738&quot;:0,&quot;335559739&quot;:0,&quot;335559740&quot;:240}\">\u00a0<\/span><\/p>\n<p><b><span data-contrast=\"none\">Uso de IA de manera sabia y ben\u00e9fica<\/span><\/b><span data-ccp-props=\"{&quot;134233117&quot;:false,&quot;134233118&quot;:false,&quot;201341983&quot;:0,&quot;335557856&quot;:16777215,&quot;335559738&quot;:0,&quot;335559739&quot;:0,&quot;335559740&quot;:240}\">\u00a0<\/span><\/p>\n<p><span data-contrast=\"none\">La inteligencia artificial (IA) tambi\u00e9n fue tema de la exposici\u00f3n del representante canadiense, quien dijo que su gobierno anunci\u00f3 el a\u00f1o pasado una inversi\u00f3n mayor para investigaci\u00f3n sobre pros y contras del uso de la IA. \u201cTratamos de estar delante de lo que puede suceder, necesitamos saber usar de manera sabia y segura la inteligencia artificial y que \u00e9sta sea de beneficio para todos, aunque a veces la tecnolog\u00eda nos rebasa, pero estamos trabajando para que eso no suceda\u201d.<\/span><span data-ccp-props=\"{&quot;134233117&quot;:false,&quot;134233118&quot;:false,&quot;201341983&quot;:0,&quot;335557856&quot;:16777215,&quot;335559738&quot;:0,&quot;335559739&quot;:0,&quot;335559740&quot;:240}\">\u00a0<\/span><\/p>\n<p><span data-contrast=\"none\">Expres\u00f3 su confianza de que la Universidad Veracruzana pueda trabajar en conjunto con universidades canadienses que lideren el tema, y a\u00f1adi\u00f3 que se debe avanzar con las nuevas tecnolog\u00edas sin dejar de lado la relaci\u00f3n interhumana, verse presencialmente \u201ca la <\/span><span data-contrast=\"none\">antigua<\/span><span data-contrast=\"none\">, no es nada m\u00e1s a trav\u00e9s de mensajitos\u201d.<\/span><span data-ccp-props=\"{&quot;134233117&quot;:false,&quot;134233118&quot;:false,&quot;201341983&quot;:0,&quot;335557856&quot;:16777215,&quot;335559738&quot;:0,&quot;335559739&quot;:0,&quot;335559740&quot;:240}\">\u00a0<\/span><\/p>\n<p><span data-contrast=\"none\">En ese sentido, se pronunci\u00f3 por buscar soluciones concretas a lo que sucede en el mundo real, y no \u00fanicamente en el virtual.<\/span><span data-ccp-props=\"{&quot;134233117&quot;:false,&quot;134233118&quot;:false,&quot;201341983&quot;:0,&quot;335557856&quot;:16777215,&quot;335559731&quot;:708,&quot;335559738&quot;:0,&quot;335559739&quot;:0,&quot;335559740&quot;:240}\">\u00a0<\/span><\/p>\n<p><span data-contrast=\"none\">Para estar enterados de las actividades de la FILU 2025, se puede acceder al enlace: <\/span><a href=\"https:\/\/www.uv.mx\/filu\/programa-de-actividades-filu-2025\/\"><i><span data-contrast=\"none\">www.uv.mx\/filu\/programa-de-actividades-filu-2025\/<\/span><\/i><\/a><i><span data-contrast=\"none\">\u202f\u202f<\/span><\/i><span data-ccp-props=\"{&quot;134233117&quot;:false,&quot;134233118&quot;:false,&quot;201341983&quot;:0,&quot;335557856&quot;:16777215,&quot;335559738&quot;:0,&quot;335559739&quot;:0,&quot;335559740&quot;:240}\">\u00a0<\/span><\/p>\n","protected":false},"excerpt":{"rendered":"<p>El pa\u00eds norteamericano sigue siendo la fuente m\u00e1s grande de visitantes para M\u00e9xico, despu\u00e9s de EU, destac\u00f3 el diplom\u00e1tico Gabriel Frappier <\/p>\n","protected":false},"author":1809,"featured_media":155492,"comment_status":"closed","ping_status":"closed","sticky":false,"template":"","format":"standard","meta":{"footnotes":""},"categories":[24035,1,61],"tags":[21944,2733,24397,24400,24401,5180,19545,24036,7621,13440,4162,6592,24399,648,24398,24402],"class_list":["post-155508","post","type-post","status-publish","format-standard","has-post-thumbnail","hentry","category-filu-2025","category-general","category-banner","tag-america-del-norte","tag-canada","tag-claudia-sheinbaum-pardo","tag-consejero-en-asuntos-politicos","tag-cultura-y-educacion","tag-eeuu","tag-embajada-de-canada-en-mexico","tag-feria-internacional-del-libro-universitario-filu-2025","tag-gabriel-frappier","tag-inteligencia-artificial-ia","tag-jose-luis-couttolenc-soto","tag-luis-fernando-fernandez","tag-mark-joseph-carney","tag-mexico","tag-primer-ministro-de-canada","tag-programa-canada-mas-cerca"],"_links":{"self":[{"href":"https:\/\/www.uv.mx\/prensa\/wp-json\/wp\/v2\/posts\/155508","targetHints":{"allow":["GET"]}}],"collection":[{"href":"https:\/\/www.uv.mx\/prensa\/wp-json\/wp\/v2\/posts"}],"about":[{"href":"https:\/\/www.uv.mx\/prensa\/wp-json\/wp\/v2\/types\/post"}],"author":[{"embeddable":true,"href":"https:\/\/www.uv.mx\/prensa\/wp-json\/wp\/v2\/users\/1809"}],"replies":[{"embeddable":true,"href":"https:\/\/www.uv.mx\/prensa\/wp-json\/wp\/v2\/comments?post=155508"}],"version-history":[{"count":1,"href":"https:\/\/www.uv.mx\/prensa\/wp-json\/wp\/v2\/posts\/155508\/revisions"}],"predecessor-version":[{"id":155513,"href":"https:\/\/www.uv.mx\/prensa\/wp-json\/wp\/v2\/posts\/155508\/revisions\/155513"}],"wp:featuredmedia":[{"embeddable":true,"href":"https:\/\/www.uv.mx\/prensa\/wp-json\/wp\/v2\/media\/155492"}],"wp:attachment":[{"href":"https:\/\/www.uv.mx\/prensa\/wp-json\/wp\/v2\/media?parent=155508"}],"wp:term":[{"taxonomy":"category","embeddable":true,"href":"https:\/\/www.uv.mx\/prensa\/wp-json\/wp\/v2\/categories?post=155508"},{"taxonomy":"post_tag","embeddable":true,"href":"https:\/\/www.uv.mx\/prensa\/wp-json\/wp\/v2\/tags?post=155508"}],"curies":[{"name":"wp","href":"https:\/\/api.w.org\/{rel}","templated":true}]}}