{"id":155504,"date":"2025-05-25T17:08:14","date_gmt":"2025-05-25T22:08:14","guid":{"rendered":"https:\/\/www.uv.mx\/prensa\/?p=155504"},"modified":"2025-05-25T17:08:14","modified_gmt":"2025-05-25T22:08:14","slug":"me-confieso-enamorada-de-la-magia-luciana-langoni","status":"publish","type":"post","link":"https:\/\/www.uv.mx\/prensa\/general\/me-confieso-enamorada-de-la-magia-luciana-langoni\/","title":{"rendered":"Me confieso enamorada de la magia: Luciana Langoni"},"content":{"rendered":"<ul>\n<li><em><span class=\"TextRun SCXW222338698 BCX0\" lang=\"ES-MX\" xml:lang=\"ES-MX\" data-contrast=\"auto\"><span class=\"NormalTextRun SCXW222338698 BCX0\" data-ccp-parastyle=\"No Spacing\">La escritora de literatura fant\u00e1stica present\u00f3 <\/span><\/span><span class=\"TextRun SCXW222338698 BCX0\" lang=\"ES-MX\" xml:lang=\"ES-MX\" data-contrast=\"auto\"><span class=\"NormalTextRun SCXW222338698 BCX0\" data-ccp-parastyle=\"No Spacing\">Maga de sangre<\/span><\/span><span class=\"TextRun SCXW222338698 BCX0\" lang=\"ES-MX\" xml:lang=\"ES-MX\" data-contrast=\"auto\"><span class=\"NormalTextRun SCXW222338698 BCX0\" data-ccp-parastyle=\"No Spacing\"> en la Feria Internacional del Libro Universitario 2025<\/span><\/span><span class=\"EOP SCXW222338698 BCX0\" data-ccp-props=\"{}\">\u00a0<\/span><\/em><\/li>\n<\/ul>\n<p>&nbsp;<\/p>\n<div id=\"attachment_155486\" style=\"width: 732px\" class=\"wp-caption aligncenter\"><a href=\"https:\/\/www.uv.mx\/prensa\/files\/2025\/05\/250525-CARLOS-Maga-de-Sangre-1-100k.jpg\"><img loading=\"lazy\" decoding=\"async\" aria-describedby=\"caption-attachment-155486\" class=\"size-full wp-image-155486\" src=\"https:\/\/www.uv.mx\/prensa\/files\/2025\/05\/250525-CARLOS-Maga-de-Sangre-1-100k.jpg\" alt=\"\" width=\"722\" height=\"482\" srcset=\"https:\/\/www.uv.mx\/prensa\/files\/2025\/05\/250525-CARLOS-Maga-de-Sangre-1-100k.jpg 722w, https:\/\/www.uv.mx\/prensa\/files\/2025\/05\/250525-CARLOS-Maga-de-Sangre-1-100k-300x200.jpg 300w\" sizes=\"auto, (max-width: 722px) 100vw, 722px\" \/><\/a><p id=\"caption-attachment-155486\" class=\"wp-caption-text\">Luciana Langoni<\/p><\/div>\n<p>&nbsp;<\/p>\n<p><b><i><span data-contrast=\"auto\">Carlos Hugo Hermida Rosales<\/span><\/i><\/b><span data-ccp-props=\"{}\">\u00a0<\/span><\/p>\n<p><b><i><span data-contrast=\"auto\">Fot\u00f3grafo: Luis Fernando Fern\u00e1ndez<\/span><\/i><\/b><span data-ccp-props=\"{}\">\u00a0<\/span><\/p>\n<p><b><i><span data-contrast=\"auto\">25\/05\/2025. Xalapa, Ver<\/span><\/i><\/b><span data-contrast=\"auto\">. \u201cAdem\u00e1s de confesarme enamorada de la magia, creo profundamente en el poder de salvaci\u00f3n que los animales tienen sobre los seres humanos\u201d, comparti\u00f3 Luciana Langoni, escritora de literatura fant\u00e1stica, durante la presentaci\u00f3n de <\/span><i><span data-contrast=\"auto\">Maga de Sangre<\/span><\/i><span data-contrast=\"auto\"> en la Feria Internacional del Libro Universitario (FILU) 2025 de la Universidad Veracruzana (UV).<\/span><span data-ccp-props=\"{}\">\u00a0<\/span><\/p>\n<p><span data-contrast=\"auto\">Se trata de la historia de una pareja que perece en un accidente a\u00e9reo y reencarna en un mundo alterno con ciertas similitudes con el planeta tierra.\u00a0<\/span><span data-ccp-props=\"{&quot;335559731&quot;:708}\">\u00a0<\/span><\/p>\n<p>&nbsp;<\/p>\n<div id=\"attachment_155487\" style=\"width: 732px\" class=\"wp-caption aligncenter\"><a href=\"https:\/\/www.uv.mx\/prensa\/files\/2025\/05\/250525-CARLOS-Maga-de-Sangre-2-100k.jpg\"><img loading=\"lazy\" decoding=\"async\" aria-describedby=\"caption-attachment-155487\" class=\"size-full wp-image-155487\" src=\"https:\/\/www.uv.mx\/prensa\/files\/2025\/05\/250525-CARLOS-Maga-de-Sangre-2-100k.jpg\" alt=\"\" width=\"722\" height=\"482\" srcset=\"https:\/\/www.uv.mx\/prensa\/files\/2025\/05\/250525-CARLOS-Maga-de-Sangre-2-100k.jpg 722w, https:\/\/www.uv.mx\/prensa\/files\/2025\/05\/250525-CARLOS-Maga-de-Sangre-2-100k-300x200.jpg 300w\" sizes=\"auto, (max-width: 722px) 100vw, 722px\" \/><\/a><p id=\"caption-attachment-155487\" class=\"wp-caption-text\"><em>Maga de sangre<\/em> entra en la categor\u00eda de literatura fant\u00e1stica<\/p><\/div>\n<p>&nbsp;<\/p>\n<p><span data-contrast=\"auto\">En la Galer\u00eda AP de la Unidad de Artes, Luciana Langoni coment\u00f3 que <\/span><i><span data-contrast=\"auto\">Maga de sangre <\/span><\/i><span data-contrast=\"auto\">naci\u00f3 al morir una perra muy querida que lleg\u00f3 a su vida cuando atravesaba por un periodo de depresi\u00f3n.<\/span><span data-ccp-props=\"{&quot;335559731&quot;:708}\">\u00a0<\/span><\/p>\n<p><span data-contrast=\"auto\">\u201cDeseaba que mi perrita estuviera en mi historia, pues considero que los animales generan lazos muy fuertes con las personas\u201d, enfatiz\u00f3.\u00a0<\/span><span data-ccp-props=\"{&quot;335559731&quot;:708}\">\u00a0<\/span><\/p>\n<p>&nbsp;<\/p>\n<div id=\"attachment_155488\" style=\"width: 732px\" class=\"wp-caption aligncenter\"><a href=\"https:\/\/www.uv.mx\/prensa\/files\/2025\/05\/250525-CARLOS-Maga-de-Sangre-3-100k.jpg\"><img loading=\"lazy\" decoding=\"async\" aria-describedby=\"caption-attachment-155488\" class=\"size-full wp-image-155488\" src=\"https:\/\/www.uv.mx\/prensa\/files\/2025\/05\/250525-CARLOS-Maga-de-Sangre-3-100k.jpg\" alt=\"\" width=\"722\" height=\"482\" srcset=\"https:\/\/www.uv.mx\/prensa\/files\/2025\/05\/250525-CARLOS-Maga-de-Sangre-3-100k.jpg 722w, https:\/\/www.uv.mx\/prensa\/files\/2025\/05\/250525-CARLOS-Maga-de-Sangre-3-100k-300x200.jpg 300w\" sizes=\"auto, (max-width: 722px) 100vw, 722px\" \/><\/a><p id=\"caption-attachment-155488\" class=\"wp-caption-text\">La autora fue moderada por la novelista Susana de Murga<\/p><\/div>\n<p>&nbsp;<\/p>\n<p><span data-contrast=\"auto\">La novelista Susana de Murga, quien fungi\u00f3 como moderadora, mencion\u00f3 que en el libro se describen territorios que se rigen bajo sus propias reglas y costumbres.<\/span><span data-ccp-props=\"{&quot;335559731&quot;:708}\">\u00a0<\/span><\/p>\n<p><span data-contrast=\"auto\">Asimismo, destac\u00f3 la capacidad de la literatura para abrir caminos y reescribirse una y otra vez.<\/span><span data-ccp-props=\"{&quot;335559731&quot;:708}\">\u00a0<\/span><\/p>\n<p><span data-contrast=\"auto\">En el siguiente enlace, puede consultarse el programa de la FILU 2025:<\/span><i><span data-contrast=\"none\">\u202f<\/span><\/i><a href=\"https:\/\/www.uv.mx\/filu\/programa-de-actividades-filu-2025\/\"><i><span data-contrast=\"none\">www.uv.mx\/filu\/programa-de-actividades-filu-2025\/<\/span><\/i><\/a><i><span data-contrast=\"none\">\u202f\u202f<\/span><\/i><span data-ccp-props=\"{&quot;335559731&quot;:708}\">\u00a0<\/span><\/p>\n","protected":false},"excerpt":{"rendered":"<p>La autora comparti\u00f3 su creencia en el poder de salvaci\u00f3n que brindan los animales, durante la presentaci\u00f3n de Maga de sangre, en la FILU <\/p>\n","protected":false},"author":1809,"featured_media":155489,"comment_status":"closed","ping_status":"closed","sticky":false,"template":"","format":"standard","meta":{"footnotes":""},"categories":[24035,1,61],"tags":[4161,24036,13907,24389,6592,24390,24391,2279,20311],"class_list":["post-155504","post","type-post","status-publish","format-standard","has-post-thumbnail","hentry","category-filu-2025","category-general","category-banner","tag-carlos-hugo-hermida-rosales","tag-feria-internacional-del-libro-universitario-filu-2025","tag-galeria-ap","tag-luciana-langoni","tag-luis-fernando-fernandez","tag-maga-de-sangre","tag-susana-de-murga","tag-unidad-de-artes","tag-universidad-veracruzana-uv"],"_links":{"self":[{"href":"https:\/\/www.uv.mx\/prensa\/wp-json\/wp\/v2\/posts\/155504","targetHints":{"allow":["GET"]}}],"collection":[{"href":"https:\/\/www.uv.mx\/prensa\/wp-json\/wp\/v2\/posts"}],"about":[{"href":"https:\/\/www.uv.mx\/prensa\/wp-json\/wp\/v2\/types\/post"}],"author":[{"embeddable":true,"href":"https:\/\/www.uv.mx\/prensa\/wp-json\/wp\/v2\/users\/1809"}],"replies":[{"embeddable":true,"href":"https:\/\/www.uv.mx\/prensa\/wp-json\/wp\/v2\/comments?post=155504"}],"version-history":[{"count":1,"href":"https:\/\/www.uv.mx\/prensa\/wp-json\/wp\/v2\/posts\/155504\/revisions"}],"predecessor-version":[{"id":155505,"href":"https:\/\/www.uv.mx\/prensa\/wp-json\/wp\/v2\/posts\/155504\/revisions\/155505"}],"wp:featuredmedia":[{"embeddable":true,"href":"https:\/\/www.uv.mx\/prensa\/wp-json\/wp\/v2\/media\/155489"}],"wp:attachment":[{"href":"https:\/\/www.uv.mx\/prensa\/wp-json\/wp\/v2\/media?parent=155504"}],"wp:term":[{"taxonomy":"category","embeddable":true,"href":"https:\/\/www.uv.mx\/prensa\/wp-json\/wp\/v2\/categories?post=155504"},{"taxonomy":"post_tag","embeddable":true,"href":"https:\/\/www.uv.mx\/prensa\/wp-json\/wp\/v2\/tags?post=155504"}],"curies":[{"name":"wp","href":"https:\/\/api.w.org\/{rel}","templated":true}]}}