{"id":155449,"date":"2025-05-24T17:57:47","date_gmt":"2025-05-24T22:57:47","guid":{"rendered":"https:\/\/www.uv.mx\/prensa\/?p=155449"},"modified":"2025-05-24T17:57:47","modified_gmt":"2025-05-24T22:57:47","slug":"editorial-uv-presento-libro-sobre-vinculos-entre-la-etica-y-otras-disciplinas","status":"publish","type":"post","link":"https:\/\/www.uv.mx\/prensa\/general\/editorial-uv-presento-libro-sobre-vinculos-entre-la-etica-y-otras-disciplinas\/","title":{"rendered":"Editorial UV present\u00f3 libro sobre v\u00ednculos entre la \u00e9tica y otras disciplinas"},"content":{"rendered":"<ul>\n<li data-leveltext=\"\uf0b7\" data-font=\"Symbol\" data-listid=\"1\" data-list-defn-props=\"{&quot;335552541&quot;:1,&quot;335559685&quot;:720,&quot;335559991&quot;:360,&quot;469769226&quot;:&quot;Symbol&quot;,&quot;469769242&quot;:[8226],&quot;469777803&quot;:&quot;left&quot;,&quot;469777804&quot;:&quot;\uf0b7&quot;,&quot;469777815&quot;:&quot;hybridMultilevel&quot;}\" data-aria-posinset=\"1\" data-aria-level=\"1\"><i><span data-contrast=\"auto\">La obra colectiva se present\u00f3 en la Feria Internacional del Libro Universitario (FILU)<\/span><\/i><span data-ccp-props=\"{&quot;201341983&quot;:0,&quot;335559739&quot;:0,&quot;335559740&quot;:240}\">\u00a0<\/span><\/li>\n<\/ul>\n<ul>\n<li data-leveltext=\"\uf0b7\" data-font=\"Symbol\" data-listid=\"1\" data-list-defn-props=\"{&quot;335552541&quot;:1,&quot;335559685&quot;:720,&quot;335559991&quot;:360,&quot;469769226&quot;:&quot;Symbol&quot;,&quot;469769242&quot;:[8226],&quot;469777803&quot;:&quot;left&quot;,&quot;469777804&quot;:&quot;\uf0b7&quot;,&quot;469777815&quot;:&quot;hybridMultilevel&quot;}\" data-aria-posinset=\"2\" data-aria-level=\"1\"><i><span data-contrast=\"auto\">Contribuyen autores de la Pontificia Universidad Cat\u00f3lica de Chile y la Universidad de los Andes de Colombia<\/span><\/i><span data-ccp-props=\"{&quot;201341983&quot;:0,&quot;335559739&quot;:0,&quot;335559740&quot;:240}\">\u00a0<\/span><\/li>\n<\/ul>\n<p><span data-ccp-props=\"{&quot;201341983&quot;:0,&quot;335559739&quot;:0,&quot;335559740&quot;:240}\">\u00a0<\/span><\/p>\n<div id=\"attachment_155431\" style=\"width: 732px\" class=\"wp-caption aligncenter\"><img loading=\"lazy\" decoding=\"async\" aria-describedby=\"caption-attachment-155431\" class=\"size-full wp-image-155431\" src=\"https:\/\/www.uv.mx\/prensa\/files\/2025\/05\/240525-DAVID-FILU-presentacion-libro-Eticas-aplicadas-1-100k.jpg\" alt=\"El libro \u00c9ticas aplicadas y educaci\u00f3n para un presente y futuro mejor es editado por la UV y se present\u00f3 en la FILU \" width=\"722\" height=\"482\" srcset=\"https:\/\/www.uv.mx\/prensa\/files\/2025\/05\/240525-DAVID-FILU-presentacion-libro-Eticas-aplicadas-1-100k.jpg 722w, https:\/\/www.uv.mx\/prensa\/files\/2025\/05\/240525-DAVID-FILU-presentacion-libro-Eticas-aplicadas-1-100k-300x200.jpg 300w\" sizes=\"auto, (max-width: 722px) 100vw, 722px\" \/><p id=\"caption-attachment-155431\" class=\"wp-caption-text\">El libro \u00c9ticas aplicadas y educaci\u00f3n para un presente y futuro mejor es editado por la UV y se present\u00f3 en la FILU<\/p><\/div>\n<p>&nbsp;<\/p>\n<p><b><i><span data-contrast=\"auto\">David Sandoval Rodr\u00edguez<\/span><\/i><\/b><span data-ccp-props=\"{&quot;201341983&quot;:0,&quot;335559739&quot;:0,&quot;335559740&quot;:240}\">\u00a0<\/span><\/p>\n<p><b><i><span data-contrast=\"auto\">Fotos: Luis Fernando Fern\u00e1ndez<\/span><\/i><\/b><\/p>\n<p><b><i><span data-contrast=\"auto\">24\/05\/2025, Xalapa, Ver.- <\/span><\/i><\/b><span data-contrast=\"auto\">El libro <\/span><i><span data-contrast=\"auto\">\u00c9ticas aplicadas y educaci\u00f3n para un presente y futuro mejor<\/span><\/i><span data-contrast=\"auto\">, editado por la Universidad Veracruzana (UV), no es un libro de filosof\u00eda, es similar a un espacio interdisciplinario en el que \u00e9sta cumple una labor de coordinaci\u00f3n con otras \u00e1reas, no s\u00f3lo de las humanidades, plante\u00f3 Ignacio Quepons Ram\u00edrez, director del Instituto de Filosof\u00eda de la UV.<\/span><span data-ccp-props=\"{&quot;201341983&quot;:0,&quot;335559739&quot;:0,&quot;335559740&quot;:240}\">\u00a0<\/span><\/p>\n<p><span data-contrast=\"auto\">El acad\u00e9mico, en compa\u00f1\u00eda de Viridiana Platas Ben\u00edtez, investigadora del propio instituto y Luis Antonio Romero, coordinador de la obra y tambi\u00e9n docente del mismo, la presentaron en la Galer\u00eda AP de la Unidad de Artes, dentro de la trig\u00e9sima edici\u00f3n de la Feria Internacional del Libro Universitario (FILU).<\/span><\/p>\n<div id=\"attachment_155432\" style=\"width: 732px\" class=\"wp-caption aligncenter\"><img loading=\"lazy\" decoding=\"async\" aria-describedby=\"caption-attachment-155432\" class=\"size-full wp-image-155432\" src=\"https:\/\/www.uv.mx\/prensa\/files\/2025\/05\/240525-DAVID-FILU-presentacion-libro-Eticas-aplicadas-2-100k.jpg\" alt=\"Luis Antonio Romero, Ignacio Quepons y Viridiana Platas participaron en su presentaci\u00f3n en la Galer\u00eda AP \" width=\"722\" height=\"482\" srcset=\"https:\/\/www.uv.mx\/prensa\/files\/2025\/05\/240525-DAVID-FILU-presentacion-libro-Eticas-aplicadas-2-100k.jpg 722w, https:\/\/www.uv.mx\/prensa\/files\/2025\/05\/240525-DAVID-FILU-presentacion-libro-Eticas-aplicadas-2-100k-300x200.jpg 300w\" sizes=\"auto, (max-width: 722px) 100vw, 722px\" \/><p id=\"caption-attachment-155432\" class=\"wp-caption-text\">Luis Antonio Romero, Ignacio Quepons y Viridiana Platas participaron en su presentaci\u00f3n en la Galer\u00eda AP<\/p><\/div>\n<p>&nbsp;<\/p>\n<p><span data-contrast=\"auto\">Quepons Ram\u00edrez recalc\u00f3 que el campo de la \u00e9tica aplicada a otras disciplinas tiene cuando menos cincuenta a\u00f1os de existencia y en este libro se relaciona con temas contempor\u00e1neos, algunos surgidos incluso en la d\u00e9cada anterior.<\/span><span data-ccp-props=\"{&quot;201341983&quot;:0,&quot;335559731&quot;:708,&quot;335559739&quot;:0,&quot;335559740&quot;:240}\">\u00a0<\/span><\/p>\n<p><span data-contrast=\"auto\">\u201cSe trata de pensar una dial\u00e9ctica entre los problemas de los saberes disciplinares y la reflexi\u00f3n resultante en una perspectiva de intervenci\u00f3n, mediante herramientas reflexivas y conceptuales\u201d, defini\u00f3.<\/span><\/p>\n<div id=\"attachment_155433\" style=\"width: 732px\" class=\"wp-caption aligncenter\"><img loading=\"lazy\" decoding=\"async\" aria-describedby=\"caption-attachment-155433\" class=\"size-full wp-image-155433\" src=\"https:\/\/www.uv.mx\/prensa\/files\/2025\/05\/240525-DAVID-FILU-presentacion-libro-Eticas-aplicadas-3-100k.jpg\" alt=\"Viridiana Platas destac\u00f3 la variedad y alcances de las reflexiones de sus autores \" width=\"722\" height=\"482\" srcset=\"https:\/\/www.uv.mx\/prensa\/files\/2025\/05\/240525-DAVID-FILU-presentacion-libro-Eticas-aplicadas-3-100k.jpg 722w, https:\/\/www.uv.mx\/prensa\/files\/2025\/05\/240525-DAVID-FILU-presentacion-libro-Eticas-aplicadas-3-100k-300x200.jpg 300w\" sizes=\"auto, (max-width: 722px) 100vw, 722px\" \/><p id=\"caption-attachment-155433\" class=\"wp-caption-text\">Viridiana Platas destac\u00f3 la variedad y alcances de las reflexiones de sus autores<\/p><\/div>\n<p>&nbsp;<\/p>\n<p><span data-contrast=\"auto\">Por su parte, Platas Ben\u00edtez reconoci\u00f3 la labor del coordinador, as\u00ed como las tem\u00e1ticas abordadas por los distintos autores, como son el cambio clim\u00e1tico, la pobreza y la desigualdad, \u201cas\u00ed como el analizar sus consecuencias \u00e9ticas y la funci\u00f3n educativa transversal que poseen\u201d.<\/span><span data-ccp-props=\"{&quot;201341983&quot;:0,&quot;335559731&quot;:708,&quot;335559739&quot;:0,&quot;335559740&quot;:240}\">\u00a0<\/span><\/p>\n<p><span data-contrast=\"auto\">Destac\u00f3 que la variedad de enfoques de los autores y sus alcances son la mayor virtud de la publicaci\u00f3n.<\/span><\/p>\n<div id=\"attachment_155434\" style=\"width: 732px\" class=\"wp-caption aligncenter\"><img loading=\"lazy\" decoding=\"async\" aria-describedby=\"caption-attachment-155434\" class=\"size-full wp-image-155434\" src=\"https:\/\/www.uv.mx\/prensa\/files\/2025\/05\/240525-DAVID-FILU-presentacion-libro-Eticas-aplicadas-4-100k.jpg\" alt=\"Ignacio Quepons reconoci\u00f3 la calidad de la edici\u00f3n y la contemporaneidad de la obra \" width=\"722\" height=\"482\" srcset=\"https:\/\/www.uv.mx\/prensa\/files\/2025\/05\/240525-DAVID-FILU-presentacion-libro-Eticas-aplicadas-4-100k.jpg 722w, https:\/\/www.uv.mx\/prensa\/files\/2025\/05\/240525-DAVID-FILU-presentacion-libro-Eticas-aplicadas-4-100k-300x200.jpg 300w\" sizes=\"auto, (max-width: 722px) 100vw, 722px\" \/><p id=\"caption-attachment-155434\" class=\"wp-caption-text\">Ignacio Quepons reconoci\u00f3 la calidad de la edici\u00f3n y la contemporaneidad de la obra<\/p><\/div>\n","protected":false},"excerpt":{"rendered":"<p>La publicaci\u00f3n de \u00c9ticas aplicadas y educaci\u00f3n para un presente y futuro mejor es resultado de un trabajo interdisciplinar con la filosof\u00eda como eje rector<\/p>\n","protected":false},"author":1775,"featured_media":155435,"comment_status":"closed","ping_status":"closed","sticky":false,"template":"","format":"standard","meta":{"footnotes":""},"categories":[24035,1,61],"tags":[4159,1366,258,13907,8505,11270,586,24367,6592,2279,22275],"class_list":["post-155449","post","type-post","status-publish","format-standard","has-post-thumbnail","hentry","category-filu-2025","category-general","category-banner","tag-david-sandoval-rodriguez","tag-feria-internacional-del-libro-universitario","tag-filu","tag-galeria-ap","tag-ignacio-quepons-ramirez","tag-instituto-de-filosofia","tag-libro","tag-luis-antonio-romero","tag-luis-fernando-fernandez","tag-unidad-de-artes","tag-viridiana-platas-benitez"],"_links":{"self":[{"href":"https:\/\/www.uv.mx\/prensa\/wp-json\/wp\/v2\/posts\/155449","targetHints":{"allow":["GET"]}}],"collection":[{"href":"https:\/\/www.uv.mx\/prensa\/wp-json\/wp\/v2\/posts"}],"about":[{"href":"https:\/\/www.uv.mx\/prensa\/wp-json\/wp\/v2\/types\/post"}],"author":[{"embeddable":true,"href":"https:\/\/www.uv.mx\/prensa\/wp-json\/wp\/v2\/users\/1775"}],"replies":[{"embeddable":true,"href":"https:\/\/www.uv.mx\/prensa\/wp-json\/wp\/v2\/comments?post=155449"}],"version-history":[{"count":1,"href":"https:\/\/www.uv.mx\/prensa\/wp-json\/wp\/v2\/posts\/155449\/revisions"}],"predecessor-version":[{"id":155450,"href":"https:\/\/www.uv.mx\/prensa\/wp-json\/wp\/v2\/posts\/155449\/revisions\/155450"}],"wp:featuredmedia":[{"embeddable":true,"href":"https:\/\/www.uv.mx\/prensa\/wp-json\/wp\/v2\/media\/155435"}],"wp:attachment":[{"href":"https:\/\/www.uv.mx\/prensa\/wp-json\/wp\/v2\/media?parent=155449"}],"wp:term":[{"taxonomy":"category","embeddable":true,"href":"https:\/\/www.uv.mx\/prensa\/wp-json\/wp\/v2\/categories?post=155449"},{"taxonomy":"post_tag","embeddable":true,"href":"https:\/\/www.uv.mx\/prensa\/wp-json\/wp\/v2\/tags?post=155449"}],"curies":[{"name":"wp","href":"https:\/\/api.w.org\/{rel}","templated":true}]}}