{"id":155362,"date":"2025-05-23T13:45:44","date_gmt":"2025-05-23T18:45:44","guid":{"rendered":"https:\/\/www.uv.mx\/prensa\/?p=155362"},"modified":"2025-05-23T13:45:44","modified_gmt":"2025-05-23T18:45:44","slug":"uv-institucion-con-mas-programas-de-posgrado-del-sur-sureste-del-pais","status":"publish","type":"post","link":"https:\/\/www.uv.mx\/prensa\/general\/uv-institucion-con-mas-programas-de-posgrado-del-sur-sureste-del-pais\/","title":{"rendered":"UV, instituci\u00f3n con m\u00e1s programas de posgrado del sur sureste del pa\u00eds\u00a0"},"content":{"rendered":"<ul>\n<li data-leveltext=\"\uf0b7\" data-font=\"Symbol\" data-listid=\"1\" data-list-defn-props=\"{&quot;335551671&quot;:0,&quot;335552541&quot;:1,&quot;335559685&quot;:720,&quot;335559991&quot;:360,&quot;469769226&quot;:&quot;Symbol&quot;,&quot;469769242&quot;:[8226],&quot;469777803&quot;:&quot;left&quot;,&quot;469777804&quot;:&quot;\uf0b7&quot;,&quot;469777815&quot;:&quot;hybridMultilevel&quot;}\" data-aria-posinset=\"0\" data-aria-level=\"1\"><i><span data-contrast=\"auto\">Es un esfuerzo que se ha hecho para diversificar las opciones formativas, expres\u00f3 Edgar Gonz\u00e1lez Gaudiano<\/span><\/i><span data-ccp-props=\"{&quot;201341983&quot;:0,&quot;335559739&quot;:0,&quot;335559740&quot;:240}\">\u00a0<\/span><\/li>\n<\/ul>\n<ul>\n<li data-leveltext=\"\uf0b7\" data-font=\"Symbol\" data-listid=\"1\" data-list-defn-props=\"{&quot;335551671&quot;:0,&quot;335552541&quot;:1,&quot;335559685&quot;:720,&quot;335559991&quot;:360,&quot;469769226&quot;:&quot;Symbol&quot;,&quot;469769242&quot;:[8226],&quot;469777803&quot;:&quot;left&quot;,&quot;469777804&quot;:&quot;\uf0b7&quot;,&quot;469777815&quot;:&quot;hybridMultilevel&quot;}\" data-aria-posinset=\"1\" data-aria-level=\"1\"><i><span data-contrast=\"auto\">Durante el inicio del VIII Coloquio en Sistemas Interactivos Centrados en el Usuario<\/span><\/i><span data-ccp-props=\"{&quot;201341983&quot;:0,&quot;335559739&quot;:0,&quot;335559740&quot;:240}\">\u00a0<\/span><\/li>\n<\/ul>\n<ul>\n<li data-leveltext=\"\uf0b7\" data-font=\"Symbol\" data-listid=\"1\" data-list-defn-props=\"{&quot;335551671&quot;:0,&quot;335552541&quot;:1,&quot;335559685&quot;:720,&quot;335559991&quot;:360,&quot;469769226&quot;:&quot;Symbol&quot;,&quot;469769242&quot;:[8226],&quot;469777803&quot;:&quot;left&quot;,&quot;469777804&quot;:&quot;\uf0b7&quot;,&quot;469777815&quot;:&quot;hybridMultilevel&quot;}\" data-aria-posinset=\"2\" data-aria-level=\"1\"><i><span data-contrast=\"auto\">Alumnos de licenciatura y posgrado presentaron trabajos de investigaci\u00f3n<\/span><\/i><span data-ccp-props=\"{&quot;201341983&quot;:0,&quot;335559739&quot;:0,&quot;335559740&quot;:240}\">\u00a0<\/span><\/li>\n<\/ul>\n<p><span data-ccp-props=\"{&quot;201341983&quot;:0,&quot;335559739&quot;:0,&quot;335559740&quot;:240}\">\u00a0<\/span><\/p>\n<div id=\"attachment_155303\" style=\"width: 732px\" class=\"wp-caption aligncenter\"><img loading=\"lazy\" decoding=\"async\" aria-describedby=\"caption-attachment-155303\" class=\"size-full wp-image-155303\" src=\"https:\/\/www.uv.mx\/prensa\/files\/2025\/05\/220525-COUTTOLENC-Foro-MSICU-1.jpg\" alt=\"\" width=\"722\" height=\"434\" srcset=\"https:\/\/www.uv.mx\/prensa\/files\/2025\/05\/220525-COUTTOLENC-Foro-MSICU-1.jpg 722w, https:\/\/www.uv.mx\/prensa\/files\/2025\/05\/220525-COUTTOLENC-Foro-MSICU-1-300x180.jpg 300w\" sizes=\"auto, (max-width: 722px) 100vw, 722px\" \/><p id=\"caption-attachment-155303\" class=\"wp-caption-text\">Edgar Javier Gonz\u00e1lez Gaudiano inaugur\u00f3 los trabajos del VIII Coloquio en Sistemas Interactivos Centrados en el Usuario<\/p><\/div>\n<p><span data-ccp-props=\"{&quot;201341983&quot;:0,&quot;335559739&quot;:0,&quot;335559740&quot;:240}\">\u00a0<\/span><\/p>\n<p><b><i><span data-contrast=\"auto\">Jos\u00e9 Luis Couttolenc Soto<\/span><\/i><\/b><span data-ccp-props=\"{&quot;201341983&quot;:0,&quot;335559739&quot;:0,&quot;335559740&quot;:240}\">\u00a0<\/span><\/p>\n<p><b><i><span data-contrast=\"auto\">Fotos: Luis Fernando Fern\u00e1ndez<\/span><\/i><\/b><span data-ccp-props=\"{&quot;201341983&quot;:0,&quot;335559739&quot;:0,&quot;335559740&quot;:240}\">\u00a0<\/span><\/p>\n<p><b><i><span data-contrast=\"auto\">23\/05\/2025, Xalapa, Ver.- <\/span><\/i><\/b><span data-contrast=\"auto\">Al inaugurar el VIII Coloquio en Sistemas Interactivos Centrados en el Usuario, organizado por la Facultad de Estad\u00edstica e Inform\u00e1tica (FEI), de la Universidad Veracruzana (UV),<\/span> <span data-contrast=\"auto\">Edgar Javier Gonz\u00e1lez Gaudiano, director general de la Unidad de Estudios de Posgrado, dio a conocer que esta instituci\u00f3n cuenta con una oferta de 170 programas de este nivel que la colocan al frente de las universidades del sur sureste del pa\u00eds.<\/span><span data-ccp-props=\"{&quot;201341983&quot;:0,&quot;335559739&quot;:0,&quot;335559740&quot;:240}\">\u00a0<\/span><\/p>\n<p><span data-contrast=\"auto\">En el marco del encuentro que ser\u00e1 marco para que estudiantes de la Maestr\u00eda en Sistemas Interactivos Centrados en el Usuario (MSICU), y de la Licenciatura en Ingenier\u00eda en Sistemas y Tecnolog\u00edas de la Informaci\u00f3n presenten avances de sus trabajos de investigaci\u00f3n, los d\u00edas 22 y 23 de mayo, Gonz\u00e1lez Gaudiano refiri\u00f3 que la oferta educativa es un esfuerzo que hace la instituci\u00f3n para diversificar las opciones formativas en esta materia.<\/span><span data-ccp-props=\"{&quot;201341983&quot;:0,&quot;335559739&quot;:0,&quot;335559740&quot;:240}\">\u00a0<\/span><\/p>\n<p><span data-contrast=\"auto\">Sin embargo, tambi\u00e9n implica grandes retos para dotarlos de personal acad\u00e9mico y laboratorios necesarios.<\/span><\/p>\n<p>&nbsp;<\/p>\n<div id=\"attachment_155305\" style=\"width: 732px\" class=\"wp-caption aligncenter\"><img loading=\"lazy\" decoding=\"async\" aria-describedby=\"caption-attachment-155305\" class=\"size-full wp-image-155305\" src=\"https:\/\/www.uv.mx\/prensa\/files\/2025\/05\/220525-COUTTOLENC-Foro-MSICU-2.jpg\" alt=\"\" width=\"722\" height=\"413\" srcset=\"https:\/\/www.uv.mx\/prensa\/files\/2025\/05\/220525-COUTTOLENC-Foro-MSICU-2.jpg 722w, https:\/\/www.uv.mx\/prensa\/files\/2025\/05\/220525-COUTTOLENC-Foro-MSICU-2-300x172.jpg 300w\" sizes=\"auto, (max-width: 722px) 100vw, 722px\" \/><p id=\"caption-attachment-155305\" class=\"wp-caption-text\">Ante estudiantes de licenciatura y posgrado, Oscar Alonso Ram\u00edrez expuso \u201cVisi\u00f3n computacional para interacci\u00f3n humano-computadora\u201d<\/p><\/div>\n<p><span data-ccp-props=\"{&quot;201341983&quot;:0,&quot;335559731&quot;:708,&quot;335559739&quot;:0,&quot;335559740&quot;:240}\">\u00a0<\/span><\/p>\n<p><span data-contrast=\"auto\">La Unidad de Estudios de Posgrado, precis\u00f3, se encarga de regular que los programas tengan pertinencia social y la solvencia cient\u00edfica necesaria, a fin de que los egresados puedan desempe\u00f1arse apropiadamente en el mundo laboral y en la soluci\u00f3n de los problemas de la regi\u00f3n y el pa\u00eds.<\/span><span data-ccp-props=\"{&quot;201341983&quot;:0,&quot;335559739&quot;:0,&quot;335559740&quot;:240}\">\u00a0<\/span><\/p>\n<p><span data-contrast=\"auto\">Puntualiz\u00f3 que la vigencia del conocimiento es cada vez m\u00e1s corta y dijo que los programas deben actualizarse cada cinco a\u00f1os, por lo que en la UV el ejercicio se realiza con 35 a 40 posgrados por a\u00f1o.<\/span><span data-ccp-props=\"{&quot;201341983&quot;:0,&quot;335559739&quot;:0,&quot;335559740&quot;:240}\">\u00a0<\/span><\/p>\n<p><span data-contrast=\"auto\">El coloquio, que se efect\u00faa en el Sal\u00f3n Cristal de la FEI, tiene por objetivo brindar un espacio de reflexi\u00f3n para que estudiantes de la MSICU compartan resultados de sus trabajos recepcionales, alineados al \u00e1rea de c\u00f3mputo centrado en la persona y sus aplicaciones.<\/span><span data-ccp-props=\"{&quot;201341983&quot;:0,&quot;335559739&quot;:0,&quot;335559740&quot;:240}\">\u00a0<\/span><\/p>\n<p><span data-contrast=\"auto\">En los tres d\u00edas de trabajos se abordar\u00e1n temas como: Juegos serios; Visualizaci\u00f3n de datos; Tecnolog\u00edas verdes; Realidad aumentada; Inteligencia ambiental; Sonificaci\u00f3n; Experiencia de usuario, y Lengua de se\u00f1as. Tambi\u00e9n se tienen programadas dos conferencias magistrales y la presentaci\u00f3n de dos proyectos.<\/span><\/p>\n<p>&nbsp;<\/p>\n<div id=\"attachment_155304\" style=\"width: 732px\" class=\"wp-caption aligncenter\"><img loading=\"lazy\" decoding=\"async\" aria-describedby=\"caption-attachment-155304\" class=\"size-full wp-image-155304\" src=\"https:\/\/www.uv.mx\/prensa\/files\/2025\/05\/220525-COUTTOLENC-Foro-MSICU-3.jpg\" alt=\"\" width=\"722\" height=\"481\" srcset=\"https:\/\/www.uv.mx\/prensa\/files\/2025\/05\/220525-COUTTOLENC-Foro-MSICU-3.jpg 722w, https:\/\/www.uv.mx\/prensa\/files\/2025\/05\/220525-COUTTOLENC-Foro-MSICU-3-300x200.jpg 300w\" sizes=\"auto, (max-width: 722px) 100vw, 722px\" \/><p id=\"caption-attachment-155304\" class=\"wp-caption-text\">Lorena Alonso Ram\u00edrez, coordinadora de la Maestr\u00eda en Sistemas Interactivos Centrados en el Usuario<\/p><\/div>\n<p><span data-ccp-props=\"{&quot;201341983&quot;:0,&quot;335559739&quot;:0,&quot;335559740&quot;:240}\">\u00a0<\/span><\/p>\n<p><span data-contrast=\"auto\">La primera disertaci\u00f3n estuvo a cargo de Oscar Alonso Ram\u00edrez, acad\u00e9mico de la FEI, quien habl\u00f3 de \u201cVisi\u00f3n computacional para interacci\u00f3n humano-computadora\u201d; dio un panorama de lo que es la visi\u00f3n computacional y c\u00f3mo se puede llevar al \u00e1rea de la interacci\u00f3n.<\/span><span data-ccp-props=\"{&quot;201341983&quot;:0,&quot;335559739&quot;:0,&quot;335559740&quot;:240}\">\u00a0<\/span><\/p>\n<p><span data-contrast=\"auto\">Explic\u00f3 que la visi\u00f3n computacional es el \u00e1rea de la inteligencia artificial que se centra en permitir que los equipos identifiquen y comprendan objetos y personas en im\u00e1genes y videos; busca replicar la forma en que los humanos ven y entienden lo que ven.\u00a0<\/span><span data-ccp-props=\"{&quot;201341983&quot;:0,&quot;335559739&quot;:0,&quot;335559740&quot;:240}\">\u00a0<\/span><\/p>\n<p><span data-contrast=\"auto\">Utilizar la visi\u00f3n computacional, dijo, permitir\u00e1 un poco de mayor libertad para llegar a sistemas de realidad aumentada.<\/span><span data-ccp-props=\"{&quot;201341983&quot;:0,&quot;335559739&quot;:0,&quot;335559740&quot;:240}\">\u00a0<\/span><\/p>\n<p><span data-contrast=\"auto\">En el inicio del coloquio estuvieron: Luis Gerardo Montan\u00e9 Jim\u00e9nez, director de la entidad acad\u00e9mica organizadora; Lorena Alonso Ram\u00edrez y Mar\u00eda del Carmen Mezura Godoy, coordinadoras de la MSICU y del Doctorado en Ciencias de la Computaci\u00f3n, respectivamente; Graciela Figueroa L\u00f3pez, del \u00c1rea Acad\u00e9mica T\u00e9cnica, y Minerva Reyes F\u00e9lix, secretaria de la facultad.<\/span><\/p>\n","protected":false},"excerpt":{"rendered":"<p>Por su pertinencia social y solvencia cient\u00edfica, egresados pueden desempe\u00f1arse apropiadamente en el mundo laboral\u00a0<\/p>\n","protected":false},"author":1869,"featured_media":155302,"comment_status":"closed","ping_status":"closed","sticky":false,"template":"","format":"standard","meta":{"footnotes":""},"categories":[45,15423,1,15424,61,51],"tags":[24299,1784,4030,5427,16035,202,24300,24295,4162,24292,19944,9687,6592,9797,12343,7829,19729,24298,24294,24291,24296,24293,3402,20311,24290,16065,24297],"class_list":["post-155362","post","type-post","status-publish","format-standard","has-post-thumbnail","hentry","category-ciencia","category-estudiantes","category-general","category-planta-academica","category-banner","category-tecnologia","tag-vision-computacional-para-interaccion-humano-computadora","tag-area-academica-tecnica","tag-doctorado-en-ciencias-de-la-computacion","tag-edgar-javier-gonzalez-gaudiano","tag-experiencia-de-usuario","tag-facultad-de-estadistica-e-informatica-fei","tag-graciela-figueroa-lopez","tag-inteligencia-ambiental","tag-jose-luis-couttolenc-soto","tag-juegos-serios","tag-licenciatura-en-ingenieria-en-sistemas-y-tecnologias-de-la-informacion","tag-lorena-alonso-ramirez","tag-luis-fernando-fernandez","tag-luis-gerardo-montane-jimenez","tag-maestria-en-sistemas-interactivos-centrados-en-el-usuario-msicu","tag-maria-del-carmen-mezura-godoy","tag-minerva-reyes-felix","tag-oscar-alonso-ramirez","tag-realidad-aumentada","tag-salon-cristal-de-la-fei","tag-sonificacion","tag-tecnologias-verdes","tag-unidad-de-estudios-de-posgrado","tag-universidad-veracruzana-uv","tag-viii-coloquio-en-sistemas-interactivos-centrados-en-el-usuario","tag-visualizacion-de-datos","tag-y-lengua-de-senas"],"_links":{"self":[{"href":"https:\/\/www.uv.mx\/prensa\/wp-json\/wp\/v2\/posts\/155362","targetHints":{"allow":["GET"]}}],"collection":[{"href":"https:\/\/www.uv.mx\/prensa\/wp-json\/wp\/v2\/posts"}],"about":[{"href":"https:\/\/www.uv.mx\/prensa\/wp-json\/wp\/v2\/types\/post"}],"author":[{"embeddable":true,"href":"https:\/\/www.uv.mx\/prensa\/wp-json\/wp\/v2\/users\/1869"}],"replies":[{"embeddable":true,"href":"https:\/\/www.uv.mx\/prensa\/wp-json\/wp\/v2\/comments?post=155362"}],"version-history":[{"count":1,"href":"https:\/\/www.uv.mx\/prensa\/wp-json\/wp\/v2\/posts\/155362\/revisions"}],"predecessor-version":[{"id":155363,"href":"https:\/\/www.uv.mx\/prensa\/wp-json\/wp\/v2\/posts\/155362\/revisions\/155363"}],"wp:featuredmedia":[{"embeddable":true,"href":"https:\/\/www.uv.mx\/prensa\/wp-json\/wp\/v2\/media\/155302"}],"wp:attachment":[{"href":"https:\/\/www.uv.mx\/prensa\/wp-json\/wp\/v2\/media?parent=155362"}],"wp:term":[{"taxonomy":"category","embeddable":true,"href":"https:\/\/www.uv.mx\/prensa\/wp-json\/wp\/v2\/categories?post=155362"},{"taxonomy":"post_tag","embeddable":true,"href":"https:\/\/www.uv.mx\/prensa\/wp-json\/wp\/v2\/tags?post=155362"}],"curies":[{"name":"wp","href":"https:\/\/api.w.org\/{rel}","templated":true}]}}