{"id":155306,"date":"2025-05-22T15:40:46","date_gmt":"2025-05-22T20:40:46","guid":{"rendered":"https:\/\/www.uv.mx\/prensa\/?p=155306"},"modified":"2025-05-22T15:41:10","modified_gmt":"2025-05-22T20:41:10","slug":"habilidades-blandas-fundamentales-para-obtener-empleo-en-la-actualidad","status":"publish","type":"post","link":"https:\/\/www.uv.mx\/prensa\/general\/habilidades-blandas-fundamentales-para-obtener-empleo-en-la-actualidad\/","title":{"rendered":"Habilidades blandas: fundamentales para obtener empleo en la actualidad"},"content":{"rendered":"<p><span data-ccp-props=\"{&quot;134233117&quot;:false,&quot;134233118&quot;:false,&quot;201341983&quot;:0,&quot;335559738&quot;:0,&quot;335559739&quot;:0,&quot;335559740&quot;:240}\">\u00a0<\/span><\/p>\n<ul>\n<li data-leveltext=\"\uf0b7\" data-font=\"Symbol\" data-listid=\"3\" data-list-defn-props=\"{&quot;335552541&quot;:1,&quot;335559685&quot;:720,&quot;335559991&quot;:360,&quot;469769226&quot;:&quot;Symbol&quot;,&quot;469769242&quot;:[8226],&quot;469777803&quot;:&quot;left&quot;,&quot;469777804&quot;:&quot;\uf0b7&quot;,&quot;469777815&quot;:&quot;hybridMultilevel&quot;}\" data-aria-posinset=\"1\" data-aria-level=\"1\"><i><span data-contrast=\"auto\">Josefina Cuevas Rodr\u00edguez, catedr\u00e1tica de la Facultad de Arquitectura, imparti\u00f3 conferencia sobre el tema<\/span><\/i><span data-ccp-props=\"{&quot;134233117&quot;:false,&quot;134233118&quot;:false,&quot;201341983&quot;:0,&quot;335559738&quot;:0,&quot;335559739&quot;:0,&quot;335559740&quot;:240}\">\u00a0<\/span><\/li>\n<\/ul>\n<ul>\n<li data-leveltext=\"\uf0b7\" data-font=\"Symbol\" data-listid=\"3\" data-list-defn-props=\"{&quot;335552541&quot;:1,&quot;335559685&quot;:720,&quot;335559991&quot;:360,&quot;469769226&quot;:&quot;Symbol&quot;,&quot;469769242&quot;:[8226],&quot;469777803&quot;:&quot;left&quot;,&quot;469777804&quot;:&quot;\uf0b7&quot;,&quot;469777815&quot;:&quot;hybridMultilevel&quot;}\" data-aria-posinset=\"2\" data-aria-level=\"1\"><i><span data-contrast=\"auto\">Reconoci\u00f3 que no se ense\u00f1an en las aulas y son valoradas cada vez m\u00e1s por los empleadores<\/span><\/i><span data-ccp-props=\"{&quot;134233117&quot;:false,&quot;134233118&quot;:false,&quot;201341983&quot;:0,&quot;335559738&quot;:0,&quot;335559739&quot;:0,&quot;335559740&quot;:240}\">\u00a0<\/span><\/li>\n<\/ul>\n<ul>\n<li data-leveltext=\"\uf0b7\" data-font=\"Symbol\" data-listid=\"3\" data-list-defn-props=\"{&quot;335552541&quot;:1,&quot;335559685&quot;:720,&quot;335559991&quot;:360,&quot;469769226&quot;:&quot;Symbol&quot;,&quot;469769242&quot;:[8226],&quot;469777803&quot;:&quot;left&quot;,&quot;469777804&quot;:&quot;\uf0b7&quot;,&quot;469777815&quot;:&quot;hybridMultilevel&quot;}\" data-aria-posinset=\"3\" data-aria-level=\"1\"><i><span data-contrast=\"auto\">Inteligencia emocional, empat\u00eda, resiliencia y comunicaci\u00f3n asertiva, son algunas de ellas<\/span><\/i><span data-ccp-props=\"{&quot;134233117&quot;:false,&quot;134233118&quot;:false,&quot;201341983&quot;:0,&quot;335559738&quot;:0,&quot;335559739&quot;:0,&quot;335559740&quot;:240}\">\u00a0<\/span><\/li>\n<\/ul>\n<p><span data-ccp-props=\"{&quot;134233117&quot;:false,&quot;134233118&quot;:false,&quot;201341983&quot;:0,&quot;335559738&quot;:0,&quot;335559739&quot;:0,&quot;335559740&quot;:240}\">\u00a0<\/span><\/p>\n<div id=\"attachment_155069\" style=\"width: 732px\" class=\"wp-caption aligncenter\"><img loading=\"lazy\" decoding=\"async\" aria-describedby=\"caption-attachment-155069\" class=\"size-full wp-image-155069\" src=\"https:\/\/www.uv.mx\/prensa\/files\/2025\/05\/140525-DAVID-Conf-Habilidades-Blandas-en-Fac-Arquitectura-1.jpg\" alt=\"\" width=\"722\" height=\"481\" srcset=\"https:\/\/www.uv.mx\/prensa\/files\/2025\/05\/140525-DAVID-Conf-Habilidades-Blandas-en-Fac-Arquitectura-1.jpg 722w, https:\/\/www.uv.mx\/prensa\/files\/2025\/05\/140525-DAVID-Conf-Habilidades-Blandas-en-Fac-Arquitectura-1-300x200.jpg 300w\" sizes=\"auto, (max-width: 722px) 100vw, 722px\" \/><p id=\"caption-attachment-155069\" class=\"wp-caption-text\">Josefina Cuevas, coordinadora del CA Filosof\u00eda y Educaci\u00f3n en Arquitectura y Construcci\u00f3n<\/p><\/div>\n<p><span data-ccp-props=\"{&quot;134233117&quot;:false,&quot;134233118&quot;:false,&quot;201341983&quot;:0,&quot;335559738&quot;:0,&quot;335559739&quot;:0,&quot;335559740&quot;:240}\">\u00a0<\/span><\/p>\n<p><b><i><span data-contrast=\"auto\">David Sandoval Rodr\u00edguez<\/span><\/i><\/b><span data-ccp-props=\"{&quot;134233117&quot;:false,&quot;134233118&quot;:false,&quot;201341983&quot;:0,&quot;335559738&quot;:0,&quot;335559739&quot;:0,&quot;335559740&quot;:240}\">\u00a0<\/span><\/p>\n<p><b><i><span data-contrast=\"auto\">Foto: Luis Fernando Fern\u00e1ndez<\/span><\/i><\/b><span data-ccp-props=\"{&quot;134233117&quot;:false,&quot;134233118&quot;:false,&quot;201341983&quot;:0,&quot;335559738&quot;:0,&quot;335559739&quot;:0,&quot;335559740&quot;:240}\">\u00a0<\/span><\/p>\n<p><b><i><span data-contrast=\"auto\">22\/05\/2025, Xalapa, Ver.-<\/span><\/i><\/b><span data-contrast=\"auto\"> En el contexto actual, las empresas valoran en igual medida tanto las habilidades blandas como las competencias profesionales que poseen los reci\u00e9n egresados, por ello es necesario conocerlas y fortalecerlas, plante\u00f3 Josefina Cuevas Rodr\u00edguez, docente coordinadora del Cuerpo Acad\u00e9mico (CA) Filosof\u00eda y Educaci\u00f3n en Arquitectura y Construcci\u00f3n, de la Facultad de Arquitectura de la Universidad Veracruzana (UV).<\/span><span data-ccp-props=\"{&quot;134233117&quot;:false,&quot;134233118&quot;:false,&quot;201341983&quot;:0,&quot;335559738&quot;:0,&quot;335559739&quot;:0,&quot;335559740&quot;:240}\">\u00a0<\/span><\/p>\n<p><span data-contrast=\"auto\">La profesora, integrante del Sistema Nacional de Investigadoras e Investigadores (SNII), nivel 1, imparti\u00f3 la ponencia \u201cHabilidades blandas y \u00e9xito profesional\u201d, como parte de las actividades del Foro de Divulgaci\u00f3n 2025 de la Facultad de Arquitectura.<\/span><span data-ccp-props=\"{&quot;134233117&quot;:false,&quot;134233118&quot;:false,&quot;201341983&quot;:0,&quot;335559731&quot;:708,&quot;335559738&quot;:0,&quot;335559739&quot;:0,&quot;335559740&quot;:240}\">\u00a0<\/span><\/p>\n<p><span data-contrast=\"auto\">Se\u00f1al\u00f3 que muchas personas consideran que el \u00e9xito profesional parte de una formaci\u00f3n educativa s\u00f3lida \u00fanicamente, pero pocos mencionan la importancia de las habilidades blandas, concepto que ha adquirido relevancia en d\u00e9cadas recientes.<\/span><\/p>\n<p>&nbsp;<\/p>\n<div id=\"attachment_155068\" style=\"width: 732px\" class=\"wp-caption aligncenter\"><img loading=\"lazy\" decoding=\"async\" aria-describedby=\"caption-attachment-155068\" class=\"size-full wp-image-155068\" src=\"https:\/\/www.uv.mx\/prensa\/files\/2025\/05\/140525-DAVID-Conf-Habilidades-Blandas-en-Fac-Arquitectura-2.jpg\" alt=\"\" width=\"722\" height=\"434\" srcset=\"https:\/\/www.uv.mx\/prensa\/files\/2025\/05\/140525-DAVID-Conf-Habilidades-Blandas-en-Fac-Arquitectura-2.jpg 722w, https:\/\/www.uv.mx\/prensa\/files\/2025\/05\/140525-DAVID-Conf-Habilidades-Blandas-en-Fac-Arquitectura-2-300x180.jpg 300w\" sizes=\"auto, (max-width: 722px) 100vw, 722px\" \/><p id=\"caption-attachment-155068\" class=\"wp-caption-text\">La profesora de la Facultad de Arquitectura enfatiz\u00f3 la importancia de aprender las habilidades blandas<\/p><\/div>\n<p><span data-ccp-props=\"{&quot;134233117&quot;:false,&quot;134233118&quot;:false,&quot;201341983&quot;:0,&quot;335559731&quot;:708,&quot;335559738&quot;:0,&quot;335559739&quot;:0,&quot;335559740&quot;:240}\">\u00a0<\/span><\/p>\n<p><span data-contrast=\"auto\">Borja Castel\u00e1n, exdirector del sitio <\/span><i><span data-contrast=\"auto\">web<\/span><\/i><span data-contrast=\"auto\"> de empleo <\/span><i><span data-contrast=\"auto\">LinkedIn<\/span><\/i><span data-contrast=\"auto\"> para Latinoam\u00e9rica, ha declarado que \u201cquien triunfa en el mercado laboral no es quien m\u00e1s sabe, sino el que mejor aplica el conocimiento\u201d.<\/span><span data-ccp-props=\"{&quot;134233117&quot;:false,&quot;134233118&quot;:false,&quot;201341983&quot;:0,&quot;335559731&quot;:708,&quot;335559738&quot;:0,&quot;335559739&quot;:0,&quot;335559740&quot;:240}\">\u00a0<\/span><\/p>\n<p><span data-contrast=\"auto\">Desafortunadamente las habilidades blandas poco se mencionan y no se desarrollan en el aula, reconoci\u00f3. No obstante, todas ellas se pueden aprender, mejorar y perfeccionar.<\/span><span data-ccp-props=\"{&quot;134233117&quot;:false,&quot;134233118&quot;:false,&quot;201341983&quot;:0,&quot;335559731&quot;:708,&quot;335559738&quot;:0,&quot;335559739&quot;:0,&quot;335559740&quot;:240}\">\u00a0<\/span><\/p>\n<p><span data-contrast=\"auto\">Una de las habilidades blandas m\u00e1s valoradas por los empleadores es la resiliencia, es decir, la capacidad de adaptarse a los cambios y crecer en el proceso, que implica adem\u00e1s ser tolerante.<\/span><span data-ccp-props=\"{&quot;134233117&quot;:false,&quot;134233118&quot;:false,&quot;201341983&quot;:0,&quot;335559731&quot;:708,&quot;335559738&quot;:0,&quot;335559739&quot;:0,&quot;335559740&quot;:240}\">\u00a0<\/span><\/p>\n<p><span data-contrast=\"auto\">Otra muy apreciada es la comunicaci\u00f3n asertiva, que significa hacerlo con efectividad, usando m\u00e1s tiempo para comunicar correcta y puntualmente lo que se quiere decir dado que as\u00ed se evitan errores.<\/span><span data-ccp-props=\"{&quot;134233117&quot;:false,&quot;134233118&quot;:false,&quot;201341983&quot;:0,&quot;335559731&quot;:708,&quot;335559738&quot;:0,&quot;335559739&quot;:0,&quot;335559740&quot;:240}\">\u00a0<\/span><\/p>\n<p>&nbsp;<\/p>\n<div id=\"attachment_155067\" style=\"width: 732px\" class=\"wp-caption aligncenter\"><img loading=\"lazy\" decoding=\"async\" aria-describedby=\"caption-attachment-155067\" class=\"size-full wp-image-155067\" src=\"https:\/\/www.uv.mx\/prensa\/files\/2025\/05\/140525-DAVID-Conf-Habilidades-Blandas-en-Fac-Arquitectura-3.jpg\" alt=\"\" width=\"722\" height=\"481\" srcset=\"https:\/\/www.uv.mx\/prensa\/files\/2025\/05\/140525-DAVID-Conf-Habilidades-Blandas-en-Fac-Arquitectura-3.jpg 722w, https:\/\/www.uv.mx\/prensa\/files\/2025\/05\/140525-DAVID-Conf-Habilidades-Blandas-en-Fac-Arquitectura-3-300x200.jpg 300w\" sizes=\"auto, (max-width: 722px) 100vw, 722px\" \/><p id=\"caption-attachment-155067\" class=\"wp-caption-text\">Cuevas Rodr\u00edguez es integrante del SNII, nivel 1<\/p><\/div>\n<p>&nbsp;<\/p>\n<p><span data-contrast=\"auto\">La empat\u00eda es otra habilidad muy bien valorada que puede aplicarse en la vida personal y laboral; abarca comprender las emociones de los dem\u00e1s, as\u00ed como respetar y valorar los sentimientos de las personas.<\/span><span data-ccp-props=\"{&quot;134233117&quot;:false,&quot;134233118&quot;:false,&quot;201341983&quot;:0,&quot;335559731&quot;:708,&quot;335559738&quot;:0,&quot;335559739&quot;:0,&quot;335559740&quot;:240}\">\u00a0<\/span><\/p>\n<p><span data-contrast=\"auto\">La inteligencia emocional es una habilidad fundamental, subray\u00f3 Cuevas Rodr\u00edguez, ya que facilita aprender a controlar las emociones en el \u00e1mbito laboral y as\u00ed poder afrontar problem\u00e1ticas que se presenten.<\/span><span data-ccp-props=\"{&quot;134233117&quot;:false,&quot;134233118&quot;:false,&quot;201341983&quot;:0,&quot;335559731&quot;:708,&quot;335559738&quot;:0,&quot;335559739&quot;:0,&quot;335559740&quot;:240}\">\u00a0<\/span><\/p>\n<p><span data-contrast=\"auto\">La acad\u00e9mica recalc\u00f3 tambi\u00e9n que hoy en d\u00eda debemos \u201caprender a aprender toda la vida\u201d y considerar la actualizaci\u00f3n constante como una capacidad que puede aplicarse de forma aut\u00f3noma o dirigida, tomando cursos en escuelas o incluso en sitios de internet.<\/span><\/p>\n<p>&nbsp;<\/p>\n<div id=\"attachment_155070\" style=\"width: 732px\" class=\"wp-caption aligncenter\"><img loading=\"lazy\" decoding=\"async\" aria-describedby=\"caption-attachment-155070\" class=\"size-full wp-image-155070\" src=\"https:\/\/www.uv.mx\/prensa\/files\/2025\/05\/140525-DAVID-Conf-Habilidades-Blandas-en-Fac-Arquitectura-4.jpg\" alt=\"\" width=\"722\" height=\"481\" srcset=\"https:\/\/www.uv.mx\/prensa\/files\/2025\/05\/140525-DAVID-Conf-Habilidades-Blandas-en-Fac-Arquitectura-4.jpg 722w, https:\/\/www.uv.mx\/prensa\/files\/2025\/05\/140525-DAVID-Conf-Habilidades-Blandas-en-Fac-Arquitectura-4-300x200.jpg 300w\" sizes=\"auto, (max-width: 722px) 100vw, 722px\" \/><p id=\"caption-attachment-155070\" class=\"wp-caption-text\">En la conferencia estuvieron presentes el estudiantado y acad\u00e9micos de la Facultad<\/p><\/div>\n<p><span data-ccp-props=\"{&quot;134233117&quot;:false,&quot;134233118&quot;:false,&quot;201341983&quot;:0,&quot;335559731&quot;:708,&quot;335559738&quot;:0,&quot;335559739&quot;:0,&quot;335559740&quot;:240}\">\u00a0<\/span><\/p>\n<p><span data-contrast=\"auto\">Entre los factores que inhiben el aprendizaje se\u00f1al\u00f3 la falta de organizaci\u00f3n del tiempo, la procrastinaci\u00f3n \u2013posponer la realizaci\u00f3n de una o varias tareas importantes por otras de menor importancia\u2013 y la falta de atenci\u00f3n plena, lo que ejemplific\u00f3 con el tiempo dedicado por las y los j\u00f3venes a consumir contenidos en sus tel\u00e9fonos celulares.<\/span><span data-ccp-props=\"{&quot;134233117&quot;:false,&quot;134233118&quot;:false,&quot;201341983&quot;:0,&quot;335559731&quot;:708,&quot;335559738&quot;:0,&quot;335559739&quot;:0,&quot;335559740&quot;:240}\">\u00a0<\/span><\/p>\n<p><span data-contrast=\"auto\">Para aprender las habilidades blandas y desarrollarlas lo que se necesita es leer, escuchar, enfrentar desaf\u00edos, ser cr\u00edticos con uno mismo y reconocer las carencias individuales; todo ello implica una inversi\u00f3n de tiempo, que en un principio puede parecer imposible pero no lo es, ya que solamente ante los desaf\u00edos es como las personas se dan cuenta que son m\u00e1s capaces de lo que pensaban, afirm\u00f3.<\/span><\/p>\n","protected":false},"excerpt":{"rendered":"<p>Josefina Cuevas ofreci\u00f3 una conferencia sobre el tema en el marco del Foro de Divulgaci\u00f3n 2025 de la Facultad de Arquitectura<\/p>\n","protected":false},"author":1869,"featured_media":155066,"comment_status":"closed","ping_status":"closed","sticky":false,"template":"","format":"standard","meta":{"footnotes":""},"categories":[15423,1,15424,61],"tags":[24251,20915,4159,419,24254,24250,20917,6592,24252,24253,14724,20311],"class_list":["post-155306","post","type-post","status-publish","format-standard","has-post-thumbnail","hentry","category-estudiantes","category-general","category-planta-academica","category-banner","tag-competencias-profesionales","tag-cuerpo-academico-ca-filosofia-y-educacion-en-arquitectura-y-construccion","tag-david-sandoval-rodriguez","tag-facultad-de-arquitectura","tag-foro-de-divulgacion-2025","tag-habilidades-blandas","tag-josefina-cuevas-rodriguez","tag-luis-fernando-fernandez","tag-nivel-1","tag-ponencia-habilidades-blandas-y-exito-profesional","tag-sistema-nacional-de-investigadoras-e-investigadores-snii","tag-universidad-veracruzana-uv"],"_links":{"self":[{"href":"https:\/\/www.uv.mx\/prensa\/wp-json\/wp\/v2\/posts\/155306","targetHints":{"allow":["GET"]}}],"collection":[{"href":"https:\/\/www.uv.mx\/prensa\/wp-json\/wp\/v2\/posts"}],"about":[{"href":"https:\/\/www.uv.mx\/prensa\/wp-json\/wp\/v2\/types\/post"}],"author":[{"embeddable":true,"href":"https:\/\/www.uv.mx\/prensa\/wp-json\/wp\/v2\/users\/1869"}],"replies":[{"embeddable":true,"href":"https:\/\/www.uv.mx\/prensa\/wp-json\/wp\/v2\/comments?post=155306"}],"version-history":[{"count":1,"href":"https:\/\/www.uv.mx\/prensa\/wp-json\/wp\/v2\/posts\/155306\/revisions"}],"predecessor-version":[{"id":155307,"href":"https:\/\/www.uv.mx\/prensa\/wp-json\/wp\/v2\/posts\/155306\/revisions\/155307"}],"wp:featuredmedia":[{"embeddable":true,"href":"https:\/\/www.uv.mx\/prensa\/wp-json\/wp\/v2\/media\/155066"}],"wp:attachment":[{"href":"https:\/\/www.uv.mx\/prensa\/wp-json\/wp\/v2\/media?parent=155306"}],"wp:term":[{"taxonomy":"category","embeddable":true,"href":"https:\/\/www.uv.mx\/prensa\/wp-json\/wp\/v2\/categories?post=155306"},{"taxonomy":"post_tag","embeddable":true,"href":"https:\/\/www.uv.mx\/prensa\/wp-json\/wp\/v2\/tags?post=155306"}],"curies":[{"name":"wp","href":"https:\/\/api.w.org\/{rel}","templated":true}]}}