{"id":155259,"date":"2025-05-24T08:00:23","date_gmt":"2025-05-24T13:00:23","guid":{"rendered":"https:\/\/www.uv.mx\/prensa\/?p=155259"},"modified":"2025-05-21T19:45:10","modified_gmt":"2025-05-22T00:45:10","slug":"naturaleza-y-tecnologia-convergen-en-el-mural-filu-2025","status":"publish","type":"post","link":"https:\/\/www.uv.mx\/prensa\/general\/naturaleza-y-tecnologia-convergen-en-el-mural-filu-2025\/","title":{"rendered":"Naturaleza y tecnolog\u00eda convergen en el mural FILU 2025"},"content":{"rendered":"<ul>\n<li data-leveltext=\"\uf0b7\" data-font=\"Symbol\" data-listid=\"1\" data-list-defn-props=\"{&quot;335552541&quot;:1,&quot;335559685&quot;:720,&quot;335559991&quot;:360,&quot;469769226&quot;:&quot;Symbol&quot;,&quot;469769242&quot;:[8226],&quot;469777803&quot;:&quot;left&quot;,&quot;469777804&quot;:&quot;\uf0b7&quot;,&quot;469777815&quot;:&quot;hybridMultilevel&quot;}\" data-aria-posinset=\"1\" data-aria-level=\"1\"><i><span data-contrast=\"auto\">La propuesta art\u00edstica lleva por nombre \u201cFragmentos de humanidad en tiempos ansibles\u201d y podr\u00e1 verse en la entrada de la Casa del Lago UV<\/span><\/i><span data-ccp-props=\"{&quot;201341983&quot;:0,&quot;335559739&quot;:0,&quot;335559740&quot;:240}\">\u00a0<\/span><\/li>\n<\/ul>\n<ul>\n<li data-leveltext=\"\uf0b7\" data-font=\"Symbol\" data-listid=\"1\" data-list-defn-props=\"{&quot;335552541&quot;:1,&quot;335559685&quot;:720,&quot;335559991&quot;:360,&quot;469769226&quot;:&quot;Symbol&quot;,&quot;469769242&quot;:[8226],&quot;469777803&quot;:&quot;left&quot;,&quot;469777804&quot;:&quot;\uf0b7&quot;,&quot;469777815&quot;:&quot;hybridMultilevel&quot;}\" data-aria-posinset=\"2\" data-aria-level=\"1\"><i><span data-contrast=\"auto\">Fue creada y elaborada por Sugei Flores, Kathryn Cerd\u00e1n y Aranza Hern\u00e1ndez, alumnas de la Licenciatura en Artes Visuales de la Universidad Veracruzana<\/span><\/i><span data-ccp-props=\"{&quot;201341983&quot;:0,&quot;335559739&quot;:0,&quot;335559740&quot;:240}\">\u00a0<\/span><\/li>\n<\/ul>\n<ul>\n<li data-leveltext=\"\uf0b7\" data-font=\"Symbol\" data-listid=\"1\" data-list-defn-props=\"{&quot;335552541&quot;:1,&quot;335559685&quot;:720,&quot;335559991&quot;:360,&quot;469769226&quot;:&quot;Symbol&quot;,&quot;469769242&quot;:[8226],&quot;469777803&quot;:&quot;left&quot;,&quot;469777804&quot;:&quot;\uf0b7&quot;,&quot;469777815&quot;:&quot;hybridMultilevel&quot;}\" data-aria-posinset=\"3\" data-aria-level=\"1\"><i><span data-contrast=\"auto\">En la convocatoria participaron 11 colectivos estudiantiles de la Facultad de Artes Pl\u00e1sticas<\/span><\/i><span data-ccp-props=\"{&quot;201341983&quot;:0,&quot;335559739&quot;:0,&quot;335559740&quot;:240}\">\u00a0<\/span><\/li>\n<\/ul>\n<p><span data-ccp-props=\"{&quot;201341983&quot;:0,&quot;335559739&quot;:0,&quot;335559740&quot;:240}\">\u00a0<\/span><\/p>\n<div id=\"attachment_155220\" style=\"width: 732px\" class=\"wp-caption aligncenter\"><img loading=\"lazy\" decoding=\"async\" aria-describedby=\"caption-attachment-155220\" class=\"size-full wp-image-155220\" src=\"https:\/\/www.uv.mx\/prensa\/files\/2025\/05\/190525-PAOLA-Mural-1-100k.jpg\" alt=\"Kathryn Cerd\u00e1n, Aranza Hern\u00e1ndez y Sugei Flores, integrantes del Colectivo Fragmenta y alumnas de la Facultad de Artes Pl\u00e1sticas \" width=\"722\" height=\"482\" srcset=\"https:\/\/www.uv.mx\/prensa\/files\/2025\/05\/190525-PAOLA-Mural-1-100k.jpg 722w, https:\/\/www.uv.mx\/prensa\/files\/2025\/05\/190525-PAOLA-Mural-1-100k-300x200.jpg 300w\" sizes=\"auto, (max-width: 722px) 100vw, 722px\" \/><p id=\"caption-attachment-155220\" class=\"wp-caption-text\">Kathryn Cerd\u00e1n, Aranza Hern\u00e1ndez y Sugei Flores, integrantes del Colectivo Fragmenta y alumnas de la Facultad de Artes Pl\u00e1sticas<\/p><\/div>\n<p>&nbsp;<\/p>\n<p><b><i><span data-contrast=\"auto\">Paola Cort\u00e9s P\u00e9rez<\/span><\/i><\/b><span data-ccp-props=\"{&quot;201341983&quot;:0,&quot;335559739&quot;:0,&quot;335559740&quot;:240}\">\u00a0<\/span><\/p>\n<p><b><i><span data-contrast=\"auto\">Fotos: Omar Portilla Palacios<\/span><\/i><\/b><\/p>\n<p><b><i><span data-contrast=\"auto\">21\/05\/2025, Xalapa, Ver.-<\/span><\/i><\/b><span data-contrast=\"auto\"> Sugei Flores S\u00e1nchez, Kathryn Cerd\u00e1n Medina y Aranza Hern\u00e1ndez G\u00f3mez, alumnas del programa educativo de Licenciatura en Artes Visuales de la Universidad Veracruzana (UV) e integrantes del Colectivo Fragmenta, son las responsables de la propuesta art\u00edstica intitulada \u201cFragmentos de humanidad en tiempos ansibles\u201d, mural ef\u00edmero conmemorativo de la Feria Internacional del Libro Universitario (FILU) 2025, ubicado en la entrada a la Casa del Lago.<\/span><span data-ccp-props=\"{&quot;201341983&quot;:0,&quot;335559739&quot;:0,&quot;335559740&quot;:240}\">\u00a0<\/span><\/p>\n<p><span data-contrast=\"auto\">A diferencia de a\u00f1os anteriores, en esta edici\u00f3n del evento universitario se organiz\u00f3 una convocatoria para seleccionar la propuesta art\u00edstica y se cont\u00f3 con la participaci\u00f3n de 11 colectivos estudiantiles de la Facultad de Artes Pl\u00e1sticas.<\/span><span data-ccp-props=\"{&quot;201341983&quot;:0,&quot;335559731&quot;:708,&quot;335559739&quot;:0,&quot;335559740&quot;:240}\">\u00a0<\/span><\/p>\n<p><span data-contrast=\"auto\">Su propuesta fue seleccionada despu\u00e9s de enviar cinco bocetos y un texto descriptivo. Las estudiantes comentaron que parte del premio es recibir un presupuesto destinado a materiales, asesor\u00eda y supervisi\u00f3n de especialistas, as\u00ed como un incentivo econ\u00f3mico.<\/span><\/p>\n<div id=\"attachment_155221\" style=\"width: 732px\" class=\"wp-caption aligncenter\"><img loading=\"lazy\" decoding=\"async\" aria-describedby=\"caption-attachment-155221\" class=\"size-full wp-image-155221\" src=\"https:\/\/www.uv.mx\/prensa\/files\/2025\/05\/190525-PAOLA-Mural-2-100k.jpg\" alt=\"Fueron las responsables de la creaci\u00f3n del mural ef\u00edmero \u201cFragmentos de humanidad en tiempos ansibles\u201d \" width=\"722\" height=\"482\" srcset=\"https:\/\/www.uv.mx\/prensa\/files\/2025\/05\/190525-PAOLA-Mural-2-100k.jpg 722w, https:\/\/www.uv.mx\/prensa\/files\/2025\/05\/190525-PAOLA-Mural-2-100k-300x200.jpg 300w\" sizes=\"auto, (max-width: 722px) 100vw, 722px\" \/><p id=\"caption-attachment-155221\" class=\"wp-caption-text\">Fueron las responsables de la creaci\u00f3n del mural ef\u00edmero \u201cFragmentos de humanidad en tiempos ansibles\u201d<\/p><\/div>\n<p>&nbsp;<\/p>\n<p><span data-contrast=\"auto\">Al recibir la noticia, las universitarias sintieron emoci\u00f3n y mucha responsabilidad: \u201cSab\u00edamos que la competencia era dura, pero tambi\u00e9n que nuestra propuesta ten\u00eda bastantes atributos y proporcionaba una nueva visi\u00f3n, fresca y diferente\u201d, expres\u00f3 Kathryn Cerd\u00e1n.<\/span><span data-ccp-props=\"{&quot;201341983&quot;:0,&quot;335559731&quot;:708,&quot;335559739&quot;:0,&quot;335559740&quot;:240}\">\u00a0<\/span><\/p>\n<p><span data-contrast=\"auto\">Aunque no estaban confiadas, s\u00ed cre\u00edan en la solidez del colectivo que conformaron y en su propuesta, que es una mezcla de t\u00e9cnicas visuales que se aparta del formato tradicional.\u00a0<\/span><\/p>\n<div id=\"attachment_155222\" style=\"width: 732px\" class=\"wp-caption aligncenter\"><img loading=\"lazy\" decoding=\"async\" aria-describedby=\"caption-attachment-155222\" class=\"size-full wp-image-155222\" src=\"https:\/\/www.uv.mx\/prensa\/files\/2025\/05\/190525-PAOLA-Mural-3-100k.jpg\" alt=\"La propuesta art\u00edstica est\u00e1 relacionada con el tema central del Foro Acad\u00e9mico \u201cVivir en tiempos de inteligencia artificial\u201d \" width=\"722\" height=\"482\" srcset=\"https:\/\/www.uv.mx\/prensa\/files\/2025\/05\/190525-PAOLA-Mural-3-100k.jpg 722w, https:\/\/www.uv.mx\/prensa\/files\/2025\/05\/190525-PAOLA-Mural-3-100k-300x200.jpg 300w\" sizes=\"auto, (max-width: 722px) 100vw, 722px\" \/><p id=\"caption-attachment-155222\" class=\"wp-caption-text\">La propuesta art\u00edstica est\u00e1 relacionada con el tema central del Foro Acad\u00e9mico \u201cVivir en tiempos de inteligencia artificial\u201d<\/p><\/div>\n<p>&nbsp;<\/p>\n<p><span data-contrast=\"auto\">En ella proponen una especie de <\/span><i><span data-contrast=\"auto\">collage<\/span><\/i><span data-contrast=\"auto\"> colaborativo e incluye una t\u00e9cnica mixta; el fondo est\u00e1 pintado y texturizado con diferentes procedimientos e ilustraciones, describi\u00f3 Sugei Flores.<\/span><span data-ccp-props=\"{&quot;201341983&quot;:0,&quot;335559731&quot;:708,&quot;335559739&quot;:0,&quot;335559740&quot;:240}\">\u00a0<\/span><\/p>\n<p><span data-contrast=\"auto\">Decidieron usar el <\/span><i><span data-contrast=\"auto\">collage<\/span><\/i><span data-contrast=\"auto\"> y la ilustraci\u00f3n porque son t\u00e9cnicas que ya trabajaban desde hace tiempo, \u201cno se trat\u00f3 de adaptarnos a pintar, sino adaptar al mural lo que hacemos, ser fieles al estilo de cada una y plasmarlo\u201d, destac\u00f3 Aranza Hern\u00e1ndez.<\/span><\/p>\n<div id=\"attachment_155223\" style=\"width: 732px\" class=\"wp-caption aligncenter\"><img loading=\"lazy\" decoding=\"async\" aria-describedby=\"caption-attachment-155223\" class=\"size-full wp-image-155223\" src=\"https:\/\/www.uv.mx\/prensa\/files\/2025\/05\/190525-PAOLA-Mural-4-100k.jpg\" alt=\"La propuesta result\u00f3 ganadora de entre 11 trabajos presentados por colectivos estudiantiles de la Facultad\" width=\"722\" height=\"482\" srcset=\"https:\/\/www.uv.mx\/prensa\/files\/2025\/05\/190525-PAOLA-Mural-4-100k.jpg 722w, https:\/\/www.uv.mx\/prensa\/files\/2025\/05\/190525-PAOLA-Mural-4-100k-300x200.jpg 300w\" sizes=\"auto, (max-width: 722px) 100vw, 722px\" \/><p id=\"caption-attachment-155223\" class=\"wp-caption-text\">La propuesta result\u00f3 ganadora de entre 11 trabajos presentados por colectivos estudiantiles de la Facultad<\/p><\/div>\n<p>&nbsp;<\/p>\n<p><span data-contrast=\"auto\">Kathryn Cerd\u00e1n mencion\u00f3 que el concepto de \u201cfragmento\u201d es central para el colectivo, a nivel t\u00e9cnico y simb\u00f3lico. \u201cNo es \u00fanicamente un <\/span><i><span data-contrast=\"auto\">collage<\/span><\/i><span data-contrast=\"auto\">, tambi\u00e9n es el reto f\u00edsico y creativo al decidir que solamente tres mujeres realizar\u00e1n un mural de gran formato\u201d.<\/span><span data-ccp-props=\"{&quot;201341983&quot;:0,&quot;335559731&quot;:708,&quot;335559739&quot;:0,&quot;335559740&quot;:240}\">\u00a0<\/span><\/p>\n<p><span data-contrast=\"auto\">\u201cNos aventamos y creo que ese era tambi\u00e9n un reto de fragmento: c\u00f3mo nosotras \u00edbamos a solucionar ciertas cosas que hacen a veces muchas m\u00e1s personas.\u201d<\/span><\/p>\n<div id=\"attachment_155224\" style=\"width: 732px\" class=\"wp-caption aligncenter\"><img loading=\"lazy\" decoding=\"async\" aria-describedby=\"caption-attachment-155224\" class=\"size-full wp-image-155224\" src=\"https:\/\/www.uv.mx\/prensa\/files\/2025\/05\/190525-PAOLA-Mural-5-100k.jpg\" alt=\"\u201cNuestra idea era mostrar nuestra visi\u00f3n del mundo real y del mundo ideal en el que la tecnolog\u00eda convive armoniosamente\u201d, expres\u00f3 Aranza Hern\u00e1ndez \" width=\"722\" height=\"482\" srcset=\"https:\/\/www.uv.mx\/prensa\/files\/2025\/05\/190525-PAOLA-Mural-5-100k.jpg 722w, https:\/\/www.uv.mx\/prensa\/files\/2025\/05\/190525-PAOLA-Mural-5-100k-300x200.jpg 300w\" sizes=\"auto, (max-width: 722px) 100vw, 722px\" \/><p id=\"caption-attachment-155224\" class=\"wp-caption-text\">\u201cNuestra idea era mostrar nuestra visi\u00f3n del mundo real y del mundo ideal en el que la tecnolog\u00eda convive armoniosamente\u201d, expres\u00f3 Aranza Hern\u00e1ndez<\/p><\/div>\n<p>&nbsp;<\/p>\n<p><b><span data-contrast=\"auto\">Visi\u00f3n equilibrada entre tecnolog\u00eda y humanidad<\/span><\/b><span data-ccp-props=\"{&quot;201341983&quot;:0,&quot;335559739&quot;:0,&quot;335559740&quot;:240}\"><br \/>\n<\/span><span data-contrast=\"auto\">Este a\u00f1o, la FILU 2025 tiene como pa\u00edses invitados a Estados Unidos y Canad\u00e1, y el tema central del Foro Acad\u00e9mico ser\u00e1 \u201cVivir en tiempos de inteligencia artificial: relaciones humanas, medio ambiente y tecnolog\u00edas\u201d.<\/span><span data-ccp-props=\"{&quot;201341983&quot;:0,&quot;335559739&quot;:0,&quot;335559740&quot;:240}\">\u00a0<\/span><\/p>\n<p><span data-contrast=\"auto\">A partir de esto, el mensaje que las alumnas representan en el mural es una visi\u00f3n equilibrada entre tecnolog\u00eda, naturaleza y humanidad.<\/span><\/p>\n<div id=\"attachment_155225\" style=\"width: 732px\" class=\"wp-caption aligncenter\"><img loading=\"lazy\" decoding=\"async\" aria-describedby=\"caption-attachment-155225\" class=\"size-full wp-image-155225\" src=\"https:\/\/www.uv.mx\/prensa\/files\/2025\/05\/190525-PAOLA-Mural-6-100k.jpg\" alt=\"\u201cNo es \u00fanicamente un collage, tambi\u00e9n es el reto f\u00edsico y creativo al decidir que solamente tres mujeres realizar\u00e1n un mural\u201d, coment\u00f3 Katherine \" width=\"722\" height=\"482\" srcset=\"https:\/\/www.uv.mx\/prensa\/files\/2025\/05\/190525-PAOLA-Mural-6-100k.jpg 722w, https:\/\/www.uv.mx\/prensa\/files\/2025\/05\/190525-PAOLA-Mural-6-100k-300x200.jpg 300w\" sizes=\"auto, (max-width: 722px) 100vw, 722px\" \/><p id=\"caption-attachment-155225\" class=\"wp-caption-text\">\u201cNo es \u00fanicamente un collage, tambi\u00e9n es el reto f\u00edsico y creativo al decidir que solamente tres mujeres realizar\u00e1n un mural\u201d, coment\u00f3 Katherine<\/p><\/div>\n<p>&nbsp;<\/p>\n<p><span data-contrast=\"auto\">\u201cNuestra idea era mostrar nuestra visi\u00f3n del mundo real y del mundo ideal en el que la tecnolog\u00eda convive armoniosamente con la naturaleza y con los humanos; donde existe un equilibrio en el uso de la tecnolog\u00eda a nuestro favor y no nos come ni el trabajo, el esfuerzo, ni el intelecto\u201d, explic\u00f3 Aranza Hern\u00e1ndez.<\/span><span data-ccp-props=\"{&quot;201341983&quot;:0,&quot;335559731&quot;:708,&quot;335559739&quot;:0,&quot;335559740&quot;:240}\">\u00a0<\/span><\/p>\n<p><span data-contrast=\"auto\">Consideran que la tecnolog\u00eda debe verse como una herramienta que complemente, y no que reemplace el esfuerzo humano. \u201cMuchos de los programas que usamos para procesar las im\u00e1genes vienen alimentados de inteligencia artificial\u201d, a\u00f1adi\u00f3 Kathryn Cerd\u00e1n.<\/span><\/p>\n<div id=\"attachment_155226\" style=\"width: 732px\" class=\"wp-caption aligncenter\"><img loading=\"lazy\" decoding=\"async\" aria-describedby=\"caption-attachment-155226\" class=\"size-full wp-image-155226\" src=\"https:\/\/www.uv.mx\/prensa\/files\/2025\/05\/190525-PAOLA-Mural-7-100k.jpg\" alt=\"Sugei Flores explic\u00f3 que el mural es una mezcla de t\u00e9cnicas visuales que se aparta del formato tradicional \" width=\"722\" height=\"482\" \/><p id=\"caption-attachment-155226\" class=\"wp-caption-text\">Sugei Flores explic\u00f3 que el mural es una mezcla de t\u00e9cnicas visuales que se aparta del formato tradicional<\/p><\/div>\n<p>&nbsp;<\/p>\n<p><span data-contrast=\"auto\">Finalmente, invitaron a la comunidad estudiantil de la Universidad a explorar y experimentar con otras t\u00e9cnicas art\u00edsticas, y ser aut\u00e9nticos con sus inquietudes.<\/span><span data-ccp-props=\"{&quot;201341983&quot;:0,&quot;335559731&quot;:708,&quot;335559739&quot;:0,&quot;335559740&quot;:240}\">\u00a0<\/span><\/p>\n<p><span data-contrast=\"auto\">\u201cSea lo que sea, creo que tiene cabida en el mundo \u2013real, irreal o ideal\u2013, todo tiene cabida. Entonces, los invitamos a que sigan creando\u201d, concluy\u00f3 Cerd\u00e1n Medina.<\/span><span data-ccp-props=\"{&quot;201341983&quot;:0,&quot;335559731&quot;:708,&quot;335559739&quot;:0,&quot;335559740&quot;:240}\">\u00a0<\/span><\/p>\n","protected":false},"excerpt":{"rendered":"<p>La idea de las universitarias era mostrar su visi\u00f3n del mundo donde existe un equilibrio en el uso de la tecnolog\u00eda a favor de la humanidad <\/p>\n","protected":false},"author":1775,"featured_media":155227,"comment_status":"closed","ping_status":"closed","sticky":false,"template":"","format":"standard","meta":{"footnotes":""},"categories":[15423,5128,1,61],"tags":[21567,24216,1228,24217,1476,1366,258,1773,24215,9015,6462,4164,24214],"class_list":["post-155259","post","type-post","status-publish","format-standard","has-post-thumbnail","hentry","category-estudiantes","category-filu","category-general","category-banner","tag-21567","tag-aranza-hernandez-gomez","tag-casa-del-lago","tag-colectivo-fragmenta","tag-facultad-de-artes-plasticas","tag-feria-internacional-del-libro-universitario","tag-filu","tag-foro-academico","tag-kathryn-cerdan-medina","tag-licenciatura-en-artes-visuales","tag-omar-portilla-palacios","tag-paola-cortes-perez","tag-sugei-flores-sanchez"],"_links":{"self":[{"href":"https:\/\/www.uv.mx\/prensa\/wp-json\/wp\/v2\/posts\/155259","targetHints":{"allow":["GET"]}}],"collection":[{"href":"https:\/\/www.uv.mx\/prensa\/wp-json\/wp\/v2\/posts"}],"about":[{"href":"https:\/\/www.uv.mx\/prensa\/wp-json\/wp\/v2\/types\/post"}],"author":[{"embeddable":true,"href":"https:\/\/www.uv.mx\/prensa\/wp-json\/wp\/v2\/users\/1775"}],"replies":[{"embeddable":true,"href":"https:\/\/www.uv.mx\/prensa\/wp-json\/wp\/v2\/comments?post=155259"}],"version-history":[{"count":1,"href":"https:\/\/www.uv.mx\/prensa\/wp-json\/wp\/v2\/posts\/155259\/revisions"}],"predecessor-version":[{"id":155260,"href":"https:\/\/www.uv.mx\/prensa\/wp-json\/wp\/v2\/posts\/155259\/revisions\/155260"}],"wp:featuredmedia":[{"embeddable":true,"href":"https:\/\/www.uv.mx\/prensa\/wp-json\/wp\/v2\/media\/155227"}],"wp:attachment":[{"href":"https:\/\/www.uv.mx\/prensa\/wp-json\/wp\/v2\/media?parent=155259"}],"wp:term":[{"taxonomy":"category","embeddable":true,"href":"https:\/\/www.uv.mx\/prensa\/wp-json\/wp\/v2\/categories?post=155259"},{"taxonomy":"post_tag","embeddable":true,"href":"https:\/\/www.uv.mx\/prensa\/wp-json\/wp\/v2\/tags?post=155259"}],"curies":[{"name":"wp","href":"https:\/\/api.w.org\/{rel}","templated":true}]}}