{"id":155205,"date":"2025-05-20T19:20:22","date_gmt":"2025-05-21T00:20:22","guid":{"rendered":"https:\/\/www.uv.mx\/prensa\/?p=155205"},"modified":"2025-05-20T19:20:22","modified_gmt":"2025-05-21T00:20:22","slug":"alumnado-uv-promueve-habito-de-la-lectura-a-traves-de-taller","status":"publish","type":"post","link":"https:\/\/www.uv.mx\/prensa\/general\/alumnado-uv-promueve-habito-de-la-lectura-a-traves-de-taller\/","title":{"rendered":"Alumnado UV promueve h\u00e1bito de la lectura a trav\u00e9s de taller"},"content":{"rendered":"<ul>\n<li data-leveltext=\"\uf0b7\" data-font=\"Symbol\" data-listid=\"1\" data-list-defn-props=\"{&quot;335552541&quot;:1,&quot;335559685&quot;:720,&quot;335559991&quot;:360,&quot;469769226&quot;:&quot;Symbol&quot;,&quot;469769242&quot;:[8226],&quot;469777803&quot;:&quot;left&quot;,&quot;469777804&quot;:&quot;\uf0b7&quot;,&quot;469777815&quot;:&quot;hybridMultilevel&quot;}\" data-aria-posinset=\"1\" data-aria-level=\"1\"><i><span data-contrast=\"auto\">Sa\u00fal Hurtado, Aramahara Cervantes y Jos\u00e9 Luis G\u00f3mez cursan la Especializaci\u00f3n en Promoci\u00f3n de la Lectura, y aplicaron el taller \u201cLecturas inolvidables: vivir a trav\u00e9s de historias contadas\u201d<\/span><\/i><span data-ccp-props=\"{&quot;201341983&quot;:0,&quot;335559739&quot;:0,&quot;335559740&quot;:240}\">\u00a0<\/span><\/li>\n<\/ul>\n<ul>\n<li data-leveltext=\"\uf0b7\" data-font=\"Symbol\" data-listid=\"1\" data-list-defn-props=\"{&quot;335552541&quot;:1,&quot;335559685&quot;:720,&quot;335559991&quot;:360,&quot;469769226&quot;:&quot;Symbol&quot;,&quot;469769242&quot;:[8226],&quot;469777803&quot;:&quot;left&quot;,&quot;469777804&quot;:&quot;\uf0b7&quot;,&quot;469777815&quot;:&quot;hybridMultilevel&quot;}\" data-aria-posinset=\"2\" data-aria-level=\"1\"><i><span data-contrast=\"auto\">La actividad fue realizada en el marco del Festival de la Lectura organizada por la Facultad de Ciencias Administrativas y Sociales<\/span><\/i><span data-ccp-props=\"{&quot;201341983&quot;:0,&quot;335559739&quot;:0,&quot;335559740&quot;:240}\">\u00a0<\/span><\/li>\n<\/ul>\n<p><span data-ccp-props=\"{&quot;201341983&quot;:0,&quot;335559739&quot;:0,&quot;335559740&quot;:240}\">\u00a0<\/span><\/p>\n<div id=\"attachment_155072\" style=\"width: 732px\" class=\"wp-caption aligncenter\"><img loading=\"lazy\" decoding=\"async\" aria-describedby=\"caption-attachment-155072\" class=\"size-full wp-image-155072\" src=\"https:\/\/www.uv.mx\/prensa\/files\/2025\/05\/120525-PAOLA-Taller-de-lectura-1.jpg\" alt=\"Fue impartido el taller \u201cLecturas inolvidables: vivir a trav\u00e9s de historias contadas\u201d, dirigido a estudiantes de FCAS \" width=\"722\" height=\"426\" srcset=\"https:\/\/www.uv.mx\/prensa\/files\/2025\/05\/120525-PAOLA-Taller-de-lectura-1.jpg 722w, https:\/\/www.uv.mx\/prensa\/files\/2025\/05\/120525-PAOLA-Taller-de-lectura-1-300x177.jpg 300w\" sizes=\"auto, (max-width: 722px) 100vw, 722px\" \/><p id=\"caption-attachment-155072\" class=\"wp-caption-text\">Fue impartido el taller \u201cLecturas inolvidables: vivir a trav\u00e9s de historias contadas\u201d, dirigido a estudiantes de FCAS<\/p><\/div>\n<p>&nbsp;<\/p>\n<p><b><i><span data-contrast=\"auto\">Paola Cort\u00e9s P\u00e9rez<\/span><\/i><\/b><span data-ccp-props=\"{&quot;201341983&quot;:0,&quot;335559739&quot;:0,&quot;335559740&quot;:240}\">\u00a0<\/span><\/p>\n<p><b><i><span data-contrast=\"auto\">Fotos: Omar Portilla Palacios<\/span><\/i><\/b><\/p>\n<p><b><i><span data-contrast=\"auto\">20\/05\/2025, Xalapa, Ver.-<\/span><\/i><\/b><span data-contrast=\"auto\"> Con la finalidad de promover el h\u00e1bito de la lectura en la comunidad estudiantil de la Universidad Veracruzana (UV) fue impartido el taller \u201cLecturas inolvidables: vivir a trav\u00e9s de historias contadas\u201d, por alumnos de la Especializaci\u00f3n en Promoci\u00f3n de la Lectura, programa educativo adscrito al Centro de Estudios de la Cultura y la Comunicaci\u00f3n (CECC).<\/span><span data-ccp-props=\"{&quot;201341983&quot;:0,&quot;335559739&quot;:0,&quot;335559740&quot;:240}\">\u00a0<\/span><\/p>\n<p><span data-contrast=\"auto\">La actividad fue impartida por Sa\u00fal Hurtado Mares, Aramahara Cervantes y Jos\u00e9 Luis G\u00f3mez C\u00f3rdova, en el marco del Festival de la Lectura llevado a cabo por la Facultad de Ciencias Administrativas y Sociales (FCAS) de esta casa de estudios, los d\u00edas 7 y 8 de mayo.<\/span><span data-ccp-props=\"{&quot;201341983&quot;:0,&quot;335559731&quot;:708,&quot;335559739&quot;:0,&quot;335559740&quot;:240}\">\u00a0<\/span><\/p>\n<p><span data-contrast=\"auto\">Sa\u00fal Hurtado explic\u00f3 que el taller surgi\u00f3 de la colaboraci\u00f3n entre distintas entidades universitarias, a fin de aplicar los conocimientos adquiridos en la especializaci\u00f3n y fomentar el h\u00e1bito de la lectura entre los universitarios.<\/span><\/p>\n<div id=\"attachment_155075\" style=\"width: 732px\" class=\"wp-caption aligncenter\"><img loading=\"lazy\" decoding=\"async\" aria-describedby=\"caption-attachment-155075\" class=\"size-full wp-image-155075\" src=\"https:\/\/www.uv.mx\/prensa\/files\/2025\/05\/120525-PAOLA-Taller-de-lectura-2.jpg\" alt=\"Sa\u00fal Hurtado, junto con sus compa\u00f1eros Aramahara Cervantes y Jos\u00e9 Luis G\u00f3mez, realizaron el taller en el marco del Festival de la Lectura \" width=\"722\" height=\"412\" srcset=\"https:\/\/www.uv.mx\/prensa\/files\/2025\/05\/120525-PAOLA-Taller-de-lectura-2.jpg 722w, https:\/\/www.uv.mx\/prensa\/files\/2025\/05\/120525-PAOLA-Taller-de-lectura-2-300x171.jpg 300w\" sizes=\"auto, (max-width: 722px) 100vw, 722px\" \/><p id=\"caption-attachment-155075\" class=\"wp-caption-text\">Sa\u00fal Hurtado, junto con sus compa\u00f1eros Aramahara Cervantes y Jos\u00e9 Luis G\u00f3mez, realizaron el taller en el marco del Festival de la Lectura<\/p><\/div>\n<p>&nbsp;<\/p>\n<p><span data-contrast=\"auto\">\u201cNosotros buscamos aplicar lo aprendido, el inter\u00e9s que tenemos por el fomento de la lectura y acercar los libros y productos culturales a los estudiantes universitarios\u201d, se\u00f1al\u00f3.<\/span><span data-ccp-props=\"{&quot;201341983&quot;:0,&quot;335559731&quot;:708,&quot;335559739&quot;:0,&quot;335559740&quot;:240,&quot;469777462&quot;:[5310],&quot;469777927&quot;:[0],&quot;469777928&quot;:[1]}\">\u00a0<\/span><\/p>\n<p><span data-contrast=\"auto\">Entre las actividades principales destac\u00f3 una narraci\u00f3n oral para reflexionar sobre la evoluci\u00f3n de las historias desde la tradici\u00f3n oral hasta el texto escrito; se presentaron libros con distintos formatos, colores y temas, con el prop\u00f3sito de romper prejuicios sobre lo que pueden ser estos ejemplares.<\/span><span data-ccp-props=\"{&quot;201341983&quot;:0,&quot;335559731&quot;:708,&quot;335559739&quot;:0,&quot;335559740&quot;:240,&quot;469777462&quot;:[5310],&quot;469777927&quot;:[0],&quot;469777928&quot;:[1]}\">\u00a0<\/span><\/p>\n<p><span data-contrast=\"auto\">El taller concluy\u00f3 con una din\u00e1mica en la que las y los j\u00f3venes redactaron y compartieron sus propias historias. La sesi\u00f3n tuvo una duraci\u00f3n total de aproximadamente dos horas, de las cuales una y media fueron actividades activas.<\/span><\/p>\n<div id=\"attachment_155073\" style=\"width: 732px\" class=\"wp-caption aligncenter\"><img loading=\"lazy\" decoding=\"async\" aria-describedby=\"caption-attachment-155073\" class=\"size-full wp-image-155073\" src=\"https:\/\/www.uv.mx\/prensa\/files\/2025\/05\/120525-PAOLA-Taller-de-lectura-4.jpg\" alt=\"Pusieron en pr\u00e1ctica la narraci\u00f3n oral para reflexionar sobre la evoluci\u00f3n de las historias \" width=\"722\" height=\"441\" srcset=\"https:\/\/www.uv.mx\/prensa\/files\/2025\/05\/120525-PAOLA-Taller-de-lectura-4.jpg 722w, https:\/\/www.uv.mx\/prensa\/files\/2025\/05\/120525-PAOLA-Taller-de-lectura-4-300x183.jpg 300w\" sizes=\"auto, (max-width: 722px) 100vw, 722px\" \/><p id=\"caption-attachment-155073\" class=\"wp-caption-text\">Pusieron en pr\u00e1ctica la narraci\u00f3n oral para reflexionar sobre la evoluci\u00f3n de las historias<\/p><\/div>\n<p>&nbsp;<\/p>\n<p><span data-contrast=\"auto\">Durante el Festival de la Lectura se ofrecieron dos sesiones del taller, una por d\u00eda, el cual fue tomado por un estimado de entre 60 y 70 estudiantes.<\/span><span data-ccp-props=\"{&quot;201341983&quot;:0,&quot;335559731&quot;:708,&quot;335559739&quot;:0,&quot;335559740&quot;:240,&quot;469777462&quot;:[5310],&quot;469777927&quot;:[0],&quot;469777928&quot;:[1]}\">\u00a0<\/span><\/p>\n<p><span data-contrast=\"auto\">Aunque esta versi\u00f3n espec\u00edfica fue implementada por primera vez en la UV, Hurtado Mares detall\u00f3 que tanto \u00e9l como sus compa\u00f1eros han replicado iniciativas similares en otros contextos y universidades como la Nacional Aut\u00f3noma de M\u00e9xico (UNAM) y la de Guadalajara, gracias a la movilidad acad\u00e9mica.<\/span><span data-ccp-props=\"{&quot;201341983&quot;:0,&quot;335559731&quot;:708,&quot;335559739&quot;:0,&quot;335559740&quot;:240,&quot;469777462&quot;:[5310],&quot;469777927&quot;:[0],&quot;469777928&quot;:[1]}\">\u00a0<\/span><\/p>\n<p><span data-contrast=\"auto\">Sobre la respuesta del alumnado, destac\u00f3: \u201cFue bastante buena, la verdad es que s\u00ed hay mucha disposici\u00f3n de su parte para poder participar, adem\u00e1s de que sin ellos no se podr\u00eda desarrollar este taller\u201d.<\/span><\/p>\n<div id=\"attachment_155074\" style=\"width: 732px\" class=\"wp-caption aligncenter\"><img loading=\"lazy\" decoding=\"async\" aria-describedby=\"caption-attachment-155074\" class=\"size-full wp-image-155074\" src=\"https:\/\/www.uv.mx\/prensa\/files\/2025\/05\/120525-PAOLA-Taller-de-lectura-3.jpg\" alt=\"Como parte de la actividad, presentaron una diversidad de libros a las alumnas y los alumnos \" width=\"722\" height=\"463\" srcset=\"https:\/\/www.uv.mx\/prensa\/files\/2025\/05\/120525-PAOLA-Taller-de-lectura-3.jpg 722w, https:\/\/www.uv.mx\/prensa\/files\/2025\/05\/120525-PAOLA-Taller-de-lectura-3-300x192.jpg 300w\" sizes=\"auto, (max-width: 722px) 100vw, 722px\" \/><p id=\"caption-attachment-155074\" class=\"wp-caption-text\">Como parte de la actividad, presentaron una diversidad de libros a las alumnas y los alumnos<\/p><\/div>\n<p>&nbsp;<\/p>\n<p><span data-contrast=\"auto\">Tambi\u00e9n recalc\u00f3 la importancia de las actividades propuestas: \u201cDesde nuestra labor como promotores de lectura, vemos que hay una posibilidad de incidir en los j\u00f3venes, aunque no es el \u00fanico p\u00fablico\u201d.<\/span><span data-ccp-props=\"{&quot;201341983&quot;:0,&quot;335559731&quot;:708,&quot;335559739&quot;:0,&quot;335559740&quot;:240,&quot;469777462&quot;:[5310],&quot;469777927&quot;:[0],&quot;469777928&quot;:[1]}\">\u00a0<\/span><\/p>\n","protected":false},"excerpt":{"rendered":"<p>Participaron entre 60 y 70 universitarios, quienes asistieron a una de las dos sesiones impartidas durante el Festival de la Lectura <\/p>\n","protected":false},"author":1775,"featured_media":155071,"comment_status":"closed","ping_status":"closed","sticky":false,"template":"","format":"standard","meta":{"footnotes":""},"categories":[15423,1,61],"tags":[24178,94,922,5692,2592,264,8747,24179,24176,6462,4164,24177,782,101,404],"class_list":["post-155205","post","type-post","status-publish","format-standard","has-post-thumbnail","hentry","category-estudiantes","category-general","category-banner","tag-aramahara-cervantes","tag-cecc","tag-centro-de-estudios-de-la-cultura-y-la-comunicacion","tag-especializacion-en-promocion-de-la-lectura","tag-facultad-de-ciencias-administrativas-y-sociales","tag-fcas","tag-festival-de-la-lectura","tag-jose-luis-gomez-cordova","tag-lecturas-inolvidables-vivir-a-traves-de-historias-contadas","tag-omar-portilla-palacios","tag-paola-cortes-perez","tag-saul-hurtado-mares","tag-taller","tag-unam","tag-universidad-nacional-autonoma-de-mexico"],"_links":{"self":[{"href":"https:\/\/www.uv.mx\/prensa\/wp-json\/wp\/v2\/posts\/155205","targetHints":{"allow":["GET"]}}],"collection":[{"href":"https:\/\/www.uv.mx\/prensa\/wp-json\/wp\/v2\/posts"}],"about":[{"href":"https:\/\/www.uv.mx\/prensa\/wp-json\/wp\/v2\/types\/post"}],"author":[{"embeddable":true,"href":"https:\/\/www.uv.mx\/prensa\/wp-json\/wp\/v2\/users\/1775"}],"replies":[{"embeddable":true,"href":"https:\/\/www.uv.mx\/prensa\/wp-json\/wp\/v2\/comments?post=155205"}],"version-history":[{"count":1,"href":"https:\/\/www.uv.mx\/prensa\/wp-json\/wp\/v2\/posts\/155205\/revisions"}],"predecessor-version":[{"id":155206,"href":"https:\/\/www.uv.mx\/prensa\/wp-json\/wp\/v2\/posts\/155205\/revisions\/155206"}],"wp:featuredmedia":[{"embeddable":true,"href":"https:\/\/www.uv.mx\/prensa\/wp-json\/wp\/v2\/media\/155071"}],"wp:attachment":[{"href":"https:\/\/www.uv.mx\/prensa\/wp-json\/wp\/v2\/media?parent=155205"}],"wp:term":[{"taxonomy":"category","embeddable":true,"href":"https:\/\/www.uv.mx\/prensa\/wp-json\/wp\/v2\/categories?post=155205"},{"taxonomy":"post_tag","embeddable":true,"href":"https:\/\/www.uv.mx\/prensa\/wp-json\/wp\/v2\/tags?post=155205"}],"curies":[{"name":"wp","href":"https:\/\/api.w.org\/{rel}","templated":true}]}}