{"id":155162,"date":"2025-05-19T20:54:36","date_gmt":"2025-05-20T01:54:36","guid":{"rendered":"https:\/\/www.uv.mx\/prensa\/?p=155162"},"modified":"2025-05-19T20:54:36","modified_gmt":"2025-05-20T01:54:36","slug":"uv-realiza-11o-congreso-transdisciplinario-esteticas-de-la-calle","status":"publish","type":"post","link":"https:\/\/www.uv.mx\/prensa\/general\/uv-realiza-11o-congreso-transdisciplinario-esteticas-de-la-calle\/","title":{"rendered":"UV realiza 11\u00ba Congreso Transdisciplinario Est\u00e9ticas de la Calle"},"content":{"rendered":"<ul>\n<li data-leveltext=\"\uf0b7\" data-font=\"Symbol\" data-listid=\"6\" data-list-defn-props=\"{&quot;335552541&quot;:1,&quot;335559685&quot;:720,&quot;335559991&quot;:360,&quot;469769226&quot;:&quot;Symbol&quot;,&quot;469769242&quot;:[8226],&quot;469777803&quot;:&quot;left&quot;,&quot;469777804&quot;:&quot;\uf0b7&quot;,&quot;469777815&quot;:&quot;hybridMultilevel&quot;}\" data-aria-posinset=\"1\" data-aria-level=\"1\"><i><span data-contrast=\"auto\">El evento congrega a artistas, docentes, alumnos, activistas e interesados en estudios sobre arte urbano desde perspectivas transdisciplinarias<\/span><\/i><span data-ccp-props=\"{}\">\u00a0<\/span><\/li>\n<\/ul>\n<ul>\n<li data-leveltext=\"\uf0b7\" data-font=\"Symbol\" data-listid=\"6\" data-list-defn-props=\"{&quot;335552541&quot;:1,&quot;335559685&quot;:720,&quot;335559991&quot;:360,&quot;469769226&quot;:&quot;Symbol&quot;,&quot;469769242&quot;:[8226],&quot;469777803&quot;:&quot;left&quot;,&quot;469777804&quot;:&quot;\uf0b7&quot;,&quot;469777815&quot;:&quot;hybridMultilevel&quot;}\" data-aria-posinset=\"2\" data-aria-level=\"1\"><i><span data-contrast=\"auto\">La inauguraci\u00f3n fue encabezada por Yolanda Gonz\u00e1lez Molohua, titular de la Direcci\u00f3n General del \u00c1rea Acad\u00e9mica de Humanidades<\/span><\/i><span data-ccp-props=\"{}\">\u00a0<\/span><\/li>\n<\/ul>\n<p><span data-ccp-props=\"{}\">\u00a0<\/span><\/p>\n<div id=\"attachment_155137\" style=\"width: 732px\" class=\"wp-caption aligncenter\"><img loading=\"lazy\" decoding=\"async\" aria-describedby=\"caption-attachment-155137\" class=\"size-full wp-image-155137\" src=\"https:\/\/www.uv.mx\/prensa\/files\/2025\/05\/190524-CARLOS-Esteticas-de-la-calle-1-100k.jpg\" alt=\"\" width=\"722\" height=\"482\" srcset=\"https:\/\/www.uv.mx\/prensa\/files\/2025\/05\/190524-CARLOS-Esteticas-de-la-calle-1-100k.jpg 722w, https:\/\/www.uv.mx\/prensa\/files\/2025\/05\/190524-CARLOS-Esteticas-de-la-calle-1-100k-300x200.jpg 300w\" sizes=\"auto, (max-width: 722px) 100vw, 722px\" \/><p id=\"caption-attachment-155137\" class=\"wp-caption-text\">El congreso fue organizado por investigadores de la UV y otras instituciones educativas y gubernamentales<\/p><\/div>\n<p><span data-ccp-props=\"{}\">\u00a0<\/span><\/p>\n<p><b><i><span data-contrast=\"auto\">Texto y fotos: Carlos Hugo Hermida Rosales<\/span><\/i><\/b><span data-ccp-props=\"{}\">\u00a0<\/span><\/p>\n<p><b><i><span data-contrast=\"auto\">19\/05\/2025, Xalapa, Ver.-<\/span><\/i><\/b><span data-contrast=\"auto\"> La Universidad Veracruzana (UV) inici\u00f3 en el Museo de Antropolog\u00eda de Xalapa (MAX) las actividades del 11\u00ba Congreso Transdisciplinario Est\u00e9ticas de la Calle \u201cDiversidad y complejidad en los distintos tipos de graffiti y arte urbano\u201d, organizado en conjunto con otras instituciones educativas y dependencias gubernamentales.\u00a0<\/span><span data-ccp-props=\"{}\">\u00a0<\/span><\/p>\n<p><span data-contrast=\"auto\">Hasta el 25 de mayo, este evento congregar\u00e1 a catedr\u00e1ticos, acad\u00e9micos, alumnos, activistas e interesados en estudios sobre arte urbano desde perspectivas transdisciplinarias.\u00a0<\/span><span data-ccp-props=\"{&quot;335559731&quot;:708}\">\u00a0<\/span><\/p>\n<p><span data-contrast=\"auto\">La inauguraci\u00f3n fue encabezada por Yolanda Gonz\u00e1lez Molohua, titular de la Direcci\u00f3n General del \u00c1rea Acad\u00e9mica de Humanidades, quien agradeci\u00f3 a todas las instituciones organizadoras del evento; estuvo acompa\u00f1ada por Yamile de la Cruz Lira, directora del Instituto de Antropolog\u00eda, y Marco Tulio Pedroza Amarillas, docente del Posgrado en Antropolog\u00eda Social de la Escuela Nacional de Antropolog\u00eda e Historia.\u00a0<\/span><span data-ccp-props=\"{&quot;335559731&quot;:708}\">\u00a0<\/span><\/p>\n<p><span data-contrast=\"auto\">Adem\u00e1s de Mar\u00eda Antonia Aguilar P\u00e9rez, y Diana Karent S\u00e1enz D\u00edaz, directoras de las Facultades de Antropolog\u00eda y Sociolog\u00eda, respectivamente.<\/span><\/p>\n<p>&nbsp;<\/p>\n<div id=\"attachment_155138\" style=\"width: 732px\" class=\"wp-caption aligncenter\"><img loading=\"lazy\" decoding=\"async\" aria-describedby=\"caption-attachment-155138\" class=\"size-full wp-image-155138\" src=\"https:\/\/www.uv.mx\/prensa\/files\/2025\/05\/190524-CARLOS-Esteticas-de-la-calle-2-100k.jpg\" alt=\"\" width=\"722\" height=\"482\" srcset=\"https:\/\/www.uv.mx\/prensa\/files\/2025\/05\/190524-CARLOS-Esteticas-de-la-calle-2-100k.jpg 722w, https:\/\/www.uv.mx\/prensa\/files\/2025\/05\/190524-CARLOS-Esteticas-de-la-calle-2-100k-300x200.jpg 300w\" sizes=\"auto, (max-width: 722px) 100vw, 722px\" \/><p id=\"caption-attachment-155138\" class=\"wp-caption-text\">El evento fue inaugurado por autoridades universitarias<\/p><\/div>\n<p><span data-ccp-props=\"{&quot;335559731&quot;:708}\">\u00a0<\/span><\/p>\n<p><span data-contrast=\"auto\">Gonz\u00e1lez Molohua asegur\u00f3 que actividades de este tipo ponen en alto el quehacer profesional que abona a evidenciar la necesidad de disciplinas como antropolog\u00eda, arqueolog\u00eda y sociolog\u00eda en el contexto actual.<\/span><span data-ccp-props=\"{&quot;335559731&quot;:708}\">\u00a0<\/span><\/p>\n<p><span data-contrast=\"auto\">Por su parte, Marco Pedroza agradeci\u00f3 a la UV por su apertura para abordar las tem\u00e1ticas de un congreso que ya cuenta con 10 ediciones de reunir a expertos no tan solo en est\u00e9ticas de la calle, sino en transdisciplinariedad y transgresi\u00f3n de las fronteras.\u00a0<\/span><span data-ccp-props=\"{&quot;335559731&quot;:708}\">\u00a0<\/span><\/p>\n<p><span data-contrast=\"auto\">\u201cEstos espacios visibilizan a j\u00f3venes que aportan elementos gr\u00e1ficos aptos para ser analizados desde la academia\u201d, puntualiz\u00f3.<\/span><span data-ccp-props=\"{&quot;335559731&quot;:708}\">\u00a0<\/span><\/p>\n<p><span data-contrast=\"auto\">Yamile de la Cruz celebr\u00f3 la inauguraci\u00f3n del congreso que, a lo largo de una semana productiva, aglutinar\u00e1 investigadores de una tem\u00e1tica recurrente a nivel social.\u00a0<\/span><span data-ccp-props=\"{&quot;335559731&quot;:708}\">\u00a0<\/span><\/p>\n<p><span data-contrast=\"auto\">A su vez, Diana S\u00e1enz destac\u00f3 que el evento permitir\u00e1 el encuentro de actores con m\u00faltiples perspectivas que estudian expresiones art\u00edsticas de resistencia, formas de ser y existir en el mundo.\u00a0<\/span><span data-ccp-props=\"{&quot;335559731&quot;:708}\">\u00a0<\/span><\/p>\n<p><span data-contrast=\"auto\">Antonia Aguilar declar\u00f3 que para la UV es un gusto ser anfitriona del congreso, en una ciudad como Xalapa donde hay mucho que sumar al conocimiento tratado.\u00a0<\/span><span data-ccp-props=\"{&quot;335559731&quot;:708}\">\u00a0<\/span><\/p>\n<p><span data-ccp-props=\"{}\">\u00a0<\/span><\/p>\n<p>&nbsp;<\/p>\n<div id=\"attachment_155139\" style=\"width: 732px\" class=\"wp-caption aligncenter\"><img loading=\"lazy\" decoding=\"async\" aria-describedby=\"caption-attachment-155139\" class=\"size-full wp-image-155139\" src=\"https:\/\/www.uv.mx\/prensa\/files\/2025\/05\/190524-CARLOS-Esteticas-de-la-calle-3-100k.jpg\" alt=\"\" width=\"722\" height=\"482\" srcset=\"https:\/\/www.uv.mx\/prensa\/files\/2025\/05\/190524-CARLOS-Esteticas-de-la-calle-3-100k.jpg 722w, https:\/\/www.uv.mx\/prensa\/files\/2025\/05\/190524-CARLOS-Esteticas-de-la-calle-3-100k-300x200.jpg 300w\" sizes=\"auto, (max-width: 722px) 100vw, 722px\" \/><p id=\"caption-attachment-155139\" class=\"wp-caption-text\">Francisco de Parres G\u00f3mez<\/p><\/div>\n<p>&nbsp;<\/p>\n<p><b><span data-contrast=\"auto\">Est\u00e9ticas de la calle<\/span><\/b><span data-ccp-props=\"{}\">\u00a0<\/span><\/p>\n<p><span data-contrast=\"auto\">Francisco de Parres G\u00f3mez, investigador postdoctoral del Instituto de Investigaciones en Educaci\u00f3n de la UV, fue el conferencista inaugural con el tema \u201cEst\u00e9ticas de la calle: Artes, protestas y resistencias contra el poder\u201d.<\/span><span data-ccp-props=\"{}\">\u00a0<\/span><\/p>\n<p><span data-contrast=\"auto\">El expositor explic\u00f3 que las est\u00e9ticas de la calle son plurales y van m\u00e1s all\u00e1 del grafiti, pues incluyen expresiones como el arte urbano, el muralismo, el <\/span><i><span data-contrast=\"auto\">performance<\/span><\/i><span data-contrast=\"auto\"> callejero, los <\/span><i><span data-contrast=\"auto\">stickers<\/span><\/i><span data-contrast=\"auto\"> y el arte reciclado, que se han desarrollado en las urbes de forma prol\u00edfica.<\/span><span data-ccp-props=\"{&quot;335559731&quot;:708}\">\u00a0<\/span><\/p>\n<p><span data-contrast=\"auto\">\u201cNo son pr\u00e1cticas sin referencias hist\u00f3ricas, pensando en que la expresi\u00f3n figurativa de la condici\u00f3n humana se puede rastrear 35 mil a\u00f1os atr\u00e1s en cuevas en Espa\u00f1a o Francia\u201d, puntualiz\u00f3.<\/span><\/p>\n<p>&nbsp;<\/p>\n<div id=\"attachment_155140\" style=\"width: 732px\" class=\"wp-caption aligncenter\"><img loading=\"lazy\" decoding=\"async\" aria-describedby=\"caption-attachment-155140\" class=\"size-full wp-image-155140\" src=\"https:\/\/www.uv.mx\/prensa\/files\/2025\/05\/190524-CARLOS-Esteticas-de-la-calle-4-100k.jpg\" alt=\"\" width=\"722\" height=\"482\" srcset=\"https:\/\/www.uv.mx\/prensa\/files\/2025\/05\/190524-CARLOS-Esteticas-de-la-calle-4-100k.jpg 722w, https:\/\/www.uv.mx\/prensa\/files\/2025\/05\/190524-CARLOS-Esteticas-de-la-calle-4-100k-300x200.jpg 300w\" sizes=\"auto, (max-width: 722px) 100vw, 722px\" \/><p id=\"caption-attachment-155140\" class=\"wp-caption-text\">Francisco de Parres fue el conferencista inaugural del congreso<\/p><\/div>\n<p><span data-contrast=\"auto\">\u00a0<\/span><span data-ccp-props=\"{&quot;335559731&quot;:708}\">\u00a0<\/span><\/p>\n<p><span data-contrast=\"auto\">El investigador subray\u00f3 que no existe ning\u00fan lugar a nivel planetario que carezca de este tipo de manifestaciones, aunque, al estar enclavadas en la modernidad, se encuentran inmersas en industrias culturales, din\u00e1micas del capitalismo, cooptadas por museos o galer\u00edas, o reguladas por el Estado.\u00a0<\/span><span data-ccp-props=\"{&quot;335559731&quot;:708}\">\u00a0<\/span><\/p>\n<p><span data-contrast=\"auto\">\u201cEl grafiti como pr\u00e1ctica de uso del espacio p\u00fablico nace con un car\u00e1cter de resistencia, y actualmente se mantiene a pesar de todas las condiciones que los artistas tienen en contra\u201d coment\u00f3.<\/span><span data-ccp-props=\"{&quot;335559731&quot;:708}\">\u00a0<\/span><\/p>\n<p><span data-contrast=\"auto\">Francisco de Parres declar\u00f3 que es sumamente afortunado que una casa de estudios como la UV, en alianza con otras instituciones educativas y gubernamentales, acoja un congreso de este tipo, uno de los m\u00e1s importantes en el tema por su cantidad de actividades.<\/span><\/p>\n","protected":false},"excerpt":{"rendered":"<p>Se desarrollar\u00e1 hasta el 25 de mayo en distintos espacios de Xalapa<\/p>\n","protected":false},"author":1869,"featured_media":0,"comment_status":"closed","ping_status":"closed","sticky":false,"template":"","format":"standard","meta":{"footnotes":""},"categories":[15423,1,15424,61],"tags":[24141,24135,4161,8825,999,6287,3128,853,24139,73,24140,24137,3126,6558,24143,24138,24142,20311,24136,9019],"class_list":["post-155162","post","type-post","status-publish","format-standard","hentry","category-estudiantes","category-general","category-planta-academica","category-banner","tag-esteticas-de-la-calle-artes","tag-11o-congreso-transdisciplinario-esteticas-de-la-calle-diversidad-y-complejidad-en-los-distintos-tipos-de-graffiti-y-arte-urbano","tag-carlos-hugo-hermida-rosales","tag-diana-karent-saenz-diaz","tag-direccion-general-del-area-academica-de-humanidades","tag-escuela-nacional-de-antropologia-e-historia","tag-facultad-de-antropologia","tag-facultad-de-sociologia","tag-francisco-de-parres-gomez","tag-instituto-de-antropologia","tag-instituto-de-investigaciones-en-educacion-de-la-uv","tag-marco-tulio-pedroza-amarillas","tag-maria-antonia-aguilar-perez","tag-museo-de-antropologia-de-xalapa-max","tag-performance-callejero","tag-posgrado-en-antropologia-social","tag-protestas-y-resistencias-contra-el-poder","tag-universidad-veracruzana-uv","tag-yamile-de-la-cruz-lira","tag-yolanda-gonzalez-molohua"],"_links":{"self":[{"href":"https:\/\/www.uv.mx\/prensa\/wp-json\/wp\/v2\/posts\/155162","targetHints":{"allow":["GET"]}}],"collection":[{"href":"https:\/\/www.uv.mx\/prensa\/wp-json\/wp\/v2\/posts"}],"about":[{"href":"https:\/\/www.uv.mx\/prensa\/wp-json\/wp\/v2\/types\/post"}],"author":[{"embeddable":true,"href":"https:\/\/www.uv.mx\/prensa\/wp-json\/wp\/v2\/users\/1869"}],"replies":[{"embeddable":true,"href":"https:\/\/www.uv.mx\/prensa\/wp-json\/wp\/v2\/comments?post=155162"}],"version-history":[{"count":1,"href":"https:\/\/www.uv.mx\/prensa\/wp-json\/wp\/v2\/posts\/155162\/revisions"}],"predecessor-version":[{"id":155169,"href":"https:\/\/www.uv.mx\/prensa\/wp-json\/wp\/v2\/posts\/155162\/revisions\/155169"}],"wp:attachment":[{"href":"https:\/\/www.uv.mx\/prensa\/wp-json\/wp\/v2\/media?parent=155162"}],"wp:term":[{"taxonomy":"category","embeddable":true,"href":"https:\/\/www.uv.mx\/prensa\/wp-json\/wp\/v2\/categories?post=155162"},{"taxonomy":"post_tag","embeddable":true,"href":"https:\/\/www.uv.mx\/prensa\/wp-json\/wp\/v2\/tags?post=155162"}],"curies":[{"name":"wp","href":"https:\/\/api.w.org\/{rel}","templated":true}]}}