{"id":155152,"date":"2025-05-19T20:26:31","date_gmt":"2025-05-20T01:26:31","guid":{"rendered":"https:\/\/www.uv.mx\/prensa\/?p=155152"},"modified":"2025-05-19T20:26:31","modified_gmt":"2025-05-20T01:26:31","slug":"xalapa-bailo-al-ritmo-de-salsa-en-el-nido-del-halcon","status":"publish","type":"post","link":"https:\/\/www.uv.mx\/prensa\/general\/xalapa-bailo-al-ritmo-de-salsa-en-el-nido-del-halcon\/","title":{"rendered":"Xalapa bail\u00f3 al ritmo de salsa en el Nido del Halc\u00f3n"},"content":{"rendered":"<ul>\n<li data-leveltext=\"\uf0b7\" data-font=\"Symbol\" data-listid=\"1\" data-list-defn-props=\"{&quot;335552541&quot;:1,&quot;335559685&quot;:720,&quot;335559991&quot;:360,&quot;469769226&quot;:&quot;Symbol&quot;,&quot;469769242&quot;:[8226],&quot;469777803&quot;:&quot;left&quot;,&quot;469777804&quot;:&quot;\uf0b7&quot;,&quot;469777815&quot;:&quot;hybridMultilevel&quot;}\" data-aria-posinset=\"1\" data-aria-level=\"1\"><i><span data-contrast=\"auto\">La Orquesta de Salsa UV y la Xalli Big Band protagonizaron un recorrido musical que vincul\u00f3 a todas las generaciones<\/span><\/i><span data-ccp-props=\"{&quot;201341983&quot;:0,&quot;335559739&quot;:0,&quot;335559740&quot;:240}\">\u00a0<\/span><\/li>\n<\/ul>\n<p><span data-ccp-props=\"{&quot;201341983&quot;:0,&quot;335559739&quot;:0,&quot;335559740&quot;:240}\">\u00a0<\/span><\/p>\n<div id=\"attachment_155148\" style=\"width: 732px\" class=\"wp-caption aligncenter\"><img loading=\"lazy\" decoding=\"async\" aria-describedby=\"caption-attachment-155148\" class=\"size-full wp-image-155148\" src=\"https:\/\/www.uv.mx\/prensa\/files\/2025\/05\/190525-SALSA-EN-EL-NIDO-1.jpg\" alt=\"Salsa en el Nido congreg\u00f3 cerca de 900 asistentes que disfrutaron durante 4 horas \" width=\"722\" height=\"542\" srcset=\"https:\/\/www.uv.mx\/prensa\/files\/2025\/05\/190525-SALSA-EN-EL-NIDO-1.jpg 722w, https:\/\/www.uv.mx\/prensa\/files\/2025\/05\/190525-SALSA-EN-EL-NIDO-1-300x225.jpg 300w\" sizes=\"auto, (max-width: 722px) 100vw, 722px\" \/><p id=\"caption-attachment-155148\" class=\"wp-caption-text\">Salsa en el Nido congreg\u00f3 cerca de 900 asistentes que disfrutaron durante 4 horas<\/p><\/div>\n<p>&nbsp;<\/p>\n<p><b><i><span data-contrast=\"none\">Nuria Mart\u00ednez Cabrera<\/span><\/i><\/b><i><span data-contrast=\"none\">\u202f<\/span><\/i><span data-ccp-props=\"{&quot;134233117&quot;:false,&quot;134233118&quot;:false,&quot;201341983&quot;:0,&quot;335557856&quot;:16777215,&quot;335559738&quot;:0,&quot;335559739&quot;:0,&quot;335559740&quot;:240}\">\u00a0<\/span><\/p>\n<p><b><i><span data-contrast=\"none\">Fotos: Rodolfo de Jes\u00fas P\u00e9rez Carmona<\/span><\/i><\/b><i><span data-contrast=\"none\">\u202f\u202f<\/span><\/i><\/p>\n<p><b><i><span data-contrast=\"auto\">19\/05\/2025, Xalapa, Ver.-<\/span><\/i><\/b><span data-contrast=\"auto\"> Con gran entusiasmo, alrededor de 900 personas asistieron este s\u00e1bado al Nido del Halc\u00f3n del Campus para la Cultura, las Artes y el Deporte (CAD) de la Universidad Veracruzana (UV), para disfrutar del concierto \u201cSalsa en el Nido\u201d.<\/span><span data-ccp-props=\"{&quot;201341983&quot;:0,&quot;335559739&quot;:0,&quot;335559740&quot;:240}\">\u00a0<\/span><\/p>\n<p><span data-contrast=\"auto\">El evento fue protagonizado por dos agrupaciones emblem\u00e1ticas de la UV: la Orquesta de Salsa y la Xalli Big Band. Ambas ofrecieron un espect\u00e1culo inolvidable con temas como Brujer\u00eda, Persona Ideal, L\u00e1grimas Negras, No vale la pena, El cantante y Oye lo que te conviene, evocando a leyendas como H\u00e9ctor Lavoe, Eddie Palmieri y El Gran Combo.<\/span><\/p>\n<div id=\"attachment_155149\" style=\"width: 732px\" class=\"wp-caption aligncenter\"><img loading=\"lazy\" decoding=\"async\" aria-describedby=\"caption-attachment-155149\" class=\"size-full wp-image-155149\" src=\"https:\/\/www.uv.mx\/prensa\/files\/2025\/05\/190525-SALSA-EN-EL-NIDO-2.jpg\" alt=\"La Orquesta de Salsa UV cuenta ha hecho bailar a generaciones por m\u00e1s de 45 a\u00f1os \" width=\"722\" height=\"481\" srcset=\"https:\/\/www.uv.mx\/prensa\/files\/2025\/05\/190525-SALSA-EN-EL-NIDO-2.jpg 722w, https:\/\/www.uv.mx\/prensa\/files\/2025\/05\/190525-SALSA-EN-EL-NIDO-2-300x200.jpg 300w\" sizes=\"auto, (max-width: 722px) 100vw, 722px\" \/><p id=\"caption-attachment-155149\" class=\"wp-caption-text\">La Orquesta de Salsa UV cuenta ha hecho bailar a generaciones por m\u00e1s de 45 a\u00f1os<\/p><\/div>\n<p>&nbsp;<\/p>\n<p><span data-contrast=\"auto\">Durante tres horas, el p\u00fablico no dej\u00f3 de bailar. Ni\u00f1os, ni\u00f1as, j\u00f3venes y adultos compartieron alegr\u00eda y sabor en la pista m\u00e1s grande de Xalapa, disfrutando de un recorrido musical que vincul\u00f3 a todas las generaciones asiduas a los ritmos caribe\u00f1os.<\/span><span data-ccp-props=\"{&quot;201341983&quot;:0,&quot;335559731&quot;:708,&quot;335559739&quot;:0,&quot;335559740&quot;:240}\">\u00a0<\/span><\/p>\n<p><span data-contrast=\"auto\">Con m\u00e1s de 45 a\u00f1os de trayectoria, la Orquesta de Salsa UV es un pilar de la m\u00fasica popular veracruzana. Ha representado a la Universidad en festivales nacionales e internacionales, fusionando ritmos tradicionales con arreglos innovadores.<\/span><\/p>\n<div id=\"attachment_155146\" style=\"width: 732px\" class=\"wp-caption aligncenter\"><img loading=\"lazy\" decoding=\"async\" aria-describedby=\"caption-attachment-155146\" class=\"size-full wp-image-155146\" src=\"https:\/\/www.uv.mx\/prensa\/files\/2025\/05\/190525-SALSA-EN-EL-NIDO-3.jpg\" alt=\"Ambas agrupaciones evocaron a leyendas como H\u00e9ctor Lavoe, Eddie Palmieri y El Gran Combo \" width=\"722\" height=\"533\" srcset=\"https:\/\/www.uv.mx\/prensa\/files\/2025\/05\/190525-SALSA-EN-EL-NIDO-3.jpg 722w, https:\/\/www.uv.mx\/prensa\/files\/2025\/05\/190525-SALSA-EN-EL-NIDO-3-300x221.jpg 300w\" sizes=\"auto, (max-width: 722px) 100vw, 722px\" \/><p id=\"caption-attachment-155146\" class=\"wp-caption-text\">Ambas agrupaciones evocaron a leyendas como H\u00e9ctor Lavoe, Eddie Palmieri y El Gran Combo<\/p><\/div>\n<p>&nbsp;<\/p>\n<p><span data-contrast=\"auto\">Por su parte, la Xalli Big Band celebra 15 a\u00f1os de excelencia art\u00edstica, promoviendo el jazz latino, el son y el mambo. Su poderosa secci\u00f3n de metales y su base r\u00edtmica han logrado contagiar a todo p\u00fablico con energ\u00eda y excelencia musical.<\/span><span data-ccp-props=\"{&quot;201341983&quot;:0,&quot;335559731&quot;:708,&quot;335559739&quot;:0,&quot;335559740&quot;:240}\">\u00a0<\/span><\/p>\n<p><span data-contrast=\"auto\">\u201cSalsa en el Nido\u201d no solo fue una fiesta, el evento organizado por la Direcci\u00f3n de Difusi\u00f3n Cultural UV hace parte del programa \u201cUn evento, una obra\u201d, que recauda fondos extraordinarios destinados al fortalecimiento de los grupos art\u00edsticos universitarios, reafirmando el compromiso de la UV con el arte como motor de transformaci\u00f3n social.<\/span><\/p>\n<div id=\"attachment_155147\" style=\"width: 732px\" class=\"wp-caption aligncenter\"><img loading=\"lazy\" decoding=\"async\" aria-describedby=\"caption-attachment-155147\" class=\"size-full wp-image-155147\" src=\"https:\/\/www.uv.mx\/prensa\/files\/2025\/05\/190525-SALSA-EN-EL-NIDO-4.jpg\" alt=\"El evento organizado por las Direcci\u00f3n de Difusi\u00f3n Cultural UV recaud\u00f3 fondos extraordinarios para el fortalecimiento de los grupos art\u00edsticos \" width=\"722\" height=\"539\" srcset=\"https:\/\/www.uv.mx\/prensa\/files\/2025\/05\/190525-SALSA-EN-EL-NIDO-4.jpg 722w, https:\/\/www.uv.mx\/prensa\/files\/2025\/05\/190525-SALSA-EN-EL-NIDO-4-300x224.jpg 300w\" sizes=\"auto, (max-width: 722px) 100vw, 722px\" \/><p id=\"caption-attachment-155147\" class=\"wp-caption-text\">El evento organizado por las Direcci\u00f3n de Difusi\u00f3n Cultural UV recaud\u00f3 fondos extraordinarios para el fortalecimiento de los grupos art\u00edsticos<\/p><\/div>\n<p>&nbsp;<\/p>\n<p><span data-contrast=\"auto\">Asistieron los titulares de las secretar\u00edas Acad\u00e9mica, y Desarrollo Institucional, Juan Ortiz Escamilla y Jaqueline Jongitud Zamora, respectivamente; el titular de Direcci\u00f3n de Actividades Deportivas de la UV, Luis Gerardo Cort\u00e9s Sosa y dem\u00e1s autoridades universitarias, adem\u00e1s de integrantes de la comunidad UV y p\u00fablico en general.<\/span><\/p>\n<div id=\"attachment_155151\" style=\"width: 732px\" class=\"wp-caption aligncenter\"><img loading=\"lazy\" decoding=\"async\" aria-describedby=\"caption-attachment-155151\" class=\"size-full wp-image-155151\" src=\"https:\/\/www.uv.mx\/prensa\/files\/2025\/05\/190525-SALSA-EN-EL-NIDO-5.jpg\" alt=\"La Xalli Big Band celebra 15 a\u00f1os promoviendo el jazz latino, el son y el mambo\" width=\"722\" height=\"481\" srcset=\"https:\/\/www.uv.mx\/prensa\/files\/2025\/05\/190525-SALSA-EN-EL-NIDO-5.jpg 722w, https:\/\/www.uv.mx\/prensa\/files\/2025\/05\/190525-SALSA-EN-EL-NIDO-5-300x200.jpg 300w\" sizes=\"auto, (max-width: 722px) 100vw, 722px\" \/><p id=\"caption-attachment-155151\" class=\"wp-caption-text\">La Xalli Big Band celebra 15 a\u00f1os promoviendo el jazz latino, el son y el mambo<\/p><\/div>\n","protected":false},"excerpt":{"rendered":"<p>\u201cSalsa en el Nido\u201d reuni\u00f3 a cerca de 900 personas en el Nido del Halc\u00f3n, donde la Orquesta de Salsa UV y la Xalli Big Band ofrecieron una noche llena de ritmo y energ\u00eda con cl\u00e1sicos del repertorio afrocaribe\u00f1o<\/p>\n","protected":false},"author":1775,"featured_media":155150,"comment_status":"closed","ping_status":"closed","sticky":false,"template":"","format":"standard","meta":{"footnotes":""},"categories":[47,1,61],"tags":[6150,5152,895,1383,24130,24128,24129,24127,6472,2288,12750,12250,22482,9822,22483,24126,18195],"class_list":["post-155152","post","type-post","status-publish","format-standard","has-post-thumbnail","hentry","category-eventos","category-general","category-banner","tag-cad","tag-campus-para-la-cultura-las-artes-y-el-deporte","tag-concierto","tag-direccion-de-actividades-deportivas","tag-direccion-de-difusion-cultural-uv","tag-eddie-palmieri","tag-el-gran-combo","tag-hector-lavoe","tag-jaqueline-jongitud-zamora","tag-juan-ortiz-escamilla","tag-luis-gerardo-cortes-sosa","tag-nido-del-halcon","tag-nuria-martinez-cabrera","tag-orquesta-de-salsa","tag-rodolfo-de-jesus-perez-carmona","tag-salsa-en-el-nido","tag-xalli-big-band"],"_links":{"self":[{"href":"https:\/\/www.uv.mx\/prensa\/wp-json\/wp\/v2\/posts\/155152","targetHints":{"allow":["GET"]}}],"collection":[{"href":"https:\/\/www.uv.mx\/prensa\/wp-json\/wp\/v2\/posts"}],"about":[{"href":"https:\/\/www.uv.mx\/prensa\/wp-json\/wp\/v2\/types\/post"}],"author":[{"embeddable":true,"href":"https:\/\/www.uv.mx\/prensa\/wp-json\/wp\/v2\/users\/1775"}],"replies":[{"embeddable":true,"href":"https:\/\/www.uv.mx\/prensa\/wp-json\/wp\/v2\/comments?post=155152"}],"version-history":[{"count":1,"href":"https:\/\/www.uv.mx\/prensa\/wp-json\/wp\/v2\/posts\/155152\/revisions"}],"predecessor-version":[{"id":155153,"href":"https:\/\/www.uv.mx\/prensa\/wp-json\/wp\/v2\/posts\/155152\/revisions\/155153"}],"wp:featuredmedia":[{"embeddable":true,"href":"https:\/\/www.uv.mx\/prensa\/wp-json\/wp\/v2\/media\/155150"}],"wp:attachment":[{"href":"https:\/\/www.uv.mx\/prensa\/wp-json\/wp\/v2\/media?parent=155152"}],"wp:term":[{"taxonomy":"category","embeddable":true,"href":"https:\/\/www.uv.mx\/prensa\/wp-json\/wp\/v2\/categories?post=155152"},{"taxonomy":"post_tag","embeddable":true,"href":"https:\/\/www.uv.mx\/prensa\/wp-json\/wp\/v2\/tags?post=155152"}],"curies":[{"name":"wp","href":"https:\/\/api.w.org\/{rel}","templated":true}]}}