{"id":154663,"date":"2025-05-05T13:58:26","date_gmt":"2025-05-05T18:58:26","guid":{"rendered":"https:\/\/www.uv.mx\/prensa\/?p=154663"},"modified":"2025-05-05T13:58:26","modified_gmt":"2025-05-05T18:58:26","slug":"inteligencia-artificial-potencia-el-aprendizaje-efren-mezura","status":"publish","type":"post","link":"https:\/\/www.uv.mx\/prensa\/general\/inteligencia-artificial-potencia-el-aprendizaje-efren-mezura\/","title":{"rendered":"Inteligencia Artificial potencia el aprendizaje: Efr\u00e9n Mezura"},"content":{"rendered":"<ul>\n<li data-leveltext=\"\uf0b7\" data-font=\"Symbol\" data-listid=\"6\" data-list-defn-props=\"{&quot;335552541&quot;:1,&quot;335559685&quot;:720,&quot;335559991&quot;:360,&quot;469769226&quot;:&quot;Symbol&quot;,&quot;469769242&quot;:[8226],&quot;469777803&quot;:&quot;left&quot;,&quot;469777804&quot;:&quot;\uf0b7&quot;,&quot;469777815&quot;:&quot;hybridMultilevel&quot;}\" data-aria-posinset=\"1\" data-aria-level=\"1\"><i><span data-contrast=\"auto\">El director del Instituto de Investigaciones en Inteligencia Artificial declar\u00f3 que es fundamental sensibilizarse en torno a ella y capacitarse a fin de utilizarla adecuadamente\u00a0<\/span><\/i><span data-ccp-props=\"{}\">\u00a0<\/span><\/li>\n<\/ul>\n<ul>\n<li data-leveltext=\"\uf0b7\" data-font=\"Symbol\" data-listid=\"6\" data-list-defn-props=\"{&quot;335552541&quot;:1,&quot;335559685&quot;:720,&quot;335559991&quot;:360,&quot;469769226&quot;:&quot;Symbol&quot;,&quot;469769242&quot;:[8226],&quot;469777803&quot;:&quot;left&quot;,&quot;469777804&quot;:&quot;\uf0b7&quot;,&quot;469777815&quot;:&quot;hybridMultilevel&quot;}\" data-aria-posinset=\"2\" data-aria-level=\"1\"><i><span data-contrast=\"auto\">Imparti\u00f3 ponencia en el Foro Internacional de IA en el Aprendizaje de Lenguas organizado por la Facultad de Idiomas de la UV<\/span><\/i><span data-ccp-props=\"{}\">\u00a0<\/span><\/li>\n<\/ul>\n<p><span data-ccp-props=\"{&quot;335559685&quot;:720}\">\u00a0<\/span><\/p>\n<div id=\"attachment_154599\" style=\"width: 732px\" class=\"wp-caption aligncenter\"><img loading=\"lazy\" decoding=\"async\" aria-describedby=\"caption-attachment-154599\" class=\"size-full wp-image-154599\" src=\"https:\/\/www.uv.mx\/prensa\/files\/2025\/05\/290425-CARLOS-FIIAALE-2025-1-100k.jpg\" alt=\"\" width=\"722\" height=\"482\" srcset=\"https:\/\/www.uv.mx\/prensa\/files\/2025\/05\/290425-CARLOS-FIIAALE-2025-1-100k.jpg 722w, https:\/\/www.uv.mx\/prensa\/files\/2025\/05\/290425-CARLOS-FIIAALE-2025-1-100k-300x200.jpg 300w\" sizes=\"auto, (max-width: 722px) 100vw, 722px\" \/><p id=\"caption-attachment-154599\" class=\"wp-caption-text\">Efr\u00e9n Mezura Montes<\/p><\/div>\n<p><span data-ccp-props=\"{}\">\u00a0<\/span><\/p>\n<p><b><i><span data-contrast=\"auto\">Carlos Hugo Hermida Rosales<\/span><\/i><\/b><span data-ccp-props=\"{}\">\u00a0<\/span><\/p>\n<p><b><i><span data-contrast=\"auto\">Fot\u00f3grafo: Luis Fernando Fern\u00e1ndez\u00a0<\/span><\/i><\/b><\/p>\n<p><b><i><span data-contrast=\"auto\">05\/05\/2025, Xalapa, Ver.-<\/span><\/i><\/b><span data-contrast=\"auto\"> \u201cLa inteligencia artificial (IA) ha irrumpido con fuerza en la educaci\u00f3n superior, pues cuestiona el m\u00e9todo tradicional de ense\u00f1anza-aprendizaje, por su capacidad para realizar procesos en segundos\u201d, declar\u00f3 Efr\u00e9n Mezura Montes, director del Instituto de Investigaciones en Inteligencia Artificial (IIIA) de la Universidad Veracruzana (UV).\u00a0<\/span><span data-ccp-props=\"{}\">\u00a0<\/span><\/p>\n<p><span data-contrast=\"auto\">El experto imparti\u00f3 una conferencia en el Sal\u00f3n Azul de la Unidad de Humanidades, en el Foro Internacional de IA en el Aprendizaje de Lenguas organizado por la Facultad de Idiomas.<\/span><span data-ccp-props=\"{&quot;335559731&quot;:708}\">\u00a0<\/span><\/p>\n<p><span data-contrast=\"auto\">Efr\u00e9n Mezura mencion\u00f3 que la IA potencia el aprendizaje de estudiantes y la labor de los docentes, por lo cual es fundamental sensibilizarse en torno a ella y capacitarse a fin de utilizarla adecuadamente.\u00a0<\/span><span data-ccp-props=\"{&quot;335559731&quot;:708}\">\u00a0<\/span><\/p>\n<p><span data-contrast=\"auto\">\u201cImpacta en todas las \u00e1reas del sector educativo, incluso en la parte administrativa, y quienes la realizan pueden eficientizar su trabajo con las distintas herramientas que ofrece\u201d, puntualiz\u00f3.\u00a0<\/span><span data-ccp-props=\"{&quot;335559731&quot;:708}\">\u00a0<\/span><\/p>\n<p><span data-contrast=\"auto\">El investigador asegur\u00f3 que no hay l\u00edmite de edad para incursionar en el uso de la IA, y resalt\u00f3 que con pl\u00e1ticas y talleres el IIIA difunde y socializa esta tecnolog\u00eda a toda la poblaci\u00f3n, a los cuales asisten adultos mayores con gran inter\u00e9s por aprender.<\/span><\/p>\n<p>&nbsp;<\/p>\n<div id=\"attachment_154600\" style=\"width: 732px\" class=\"wp-caption aligncenter\"><img loading=\"lazy\" decoding=\"async\" aria-describedby=\"caption-attachment-154600\" class=\"size-full wp-image-154600\" src=\"https:\/\/www.uv.mx\/prensa\/files\/2025\/05\/290425-CARLOS-FIIAALE-2025-2-100k.jpg\" alt=\"\" width=\"722\" height=\"482\" srcset=\"https:\/\/www.uv.mx\/prensa\/files\/2025\/05\/290425-CARLOS-FIIAALE-2025-2-100k.jpg 722w, https:\/\/www.uv.mx\/prensa\/files\/2025\/05\/290425-CARLOS-FIIAALE-2025-2-100k-300x200.jpg 300w\" sizes=\"auto, (max-width: 722px) 100vw, 722px\" \/><p id=\"caption-attachment-154600\" class=\"wp-caption-text\">El investigador imparti\u00f3 la conferencia \u201cInteligencia Artificial en la Universidad Veracruzana. Retos y oportunidades\u201d<\/p><\/div>\n<p>&nbsp;<\/p>\n<p><span data-contrast=\"auto\">El catedr\u00e1tico coment\u00f3 que, no obstante, existen diversos retos a superar en el uso e implementaci\u00f3n de la IA, entre los que destaca el plagio.\u00a0<\/span><span data-ccp-props=\"{&quot;335559731&quot;:708}\">\u00a0<\/span><\/p>\n<p><span data-contrast=\"auto\">\u201cLos estudiantes pueden usar herramientas para hacer sus tareas en poco tiempo, pero ello provoca que el proceso de adquisici\u00f3n de conocimiento se pierda\u201d, enfatiz\u00f3.\u00a0<\/span><span data-ccp-props=\"{&quot;335559731&quot;:708}\">\u00a0<\/span><\/p>\n<p><span data-contrast=\"auto\">Por otro parte, los docentes se ven rebasados por la falta de capacitaci\u00f3n en estas tecnolog\u00edas, y entonces se crea un c\u00edrculo vicioso que afecta el aprendizaje de forma negativa.<\/span><span data-ccp-props=\"{&quot;335559731&quot;:708}\">\u00a0<\/span><\/p>\n<p><span data-contrast=\"auto\">Efr\u00e9n Mezura enunci\u00f3 que la UV est\u00e1 a la vanguardia en el uso de la IA y a trav\u00e9s de la entidad acad\u00e9mica que dirige ofrece un par de posgrados: la Maestr\u00eda en Inteligencia Artificial fundada en 1994, y el Doctorado en Inteligencia Artificial, el cual inici\u00f3 en 2012.\u00a0<\/span><span data-ccp-props=\"{&quot;335559731&quot;:708}\">\u00a0<\/span><\/p>\n<p><span data-contrast=\"auto\">La casa de estudios cuenta con una propuesta de manifiesto sobre el uso de inteligencia artificial generativa, integrado por consideraciones y fundamentos b\u00e1sicos organizados en tres campos de acci\u00f3n: institucional, acad\u00e9mico, y de innovaci\u00f3n y desarrollo; se encuentra disponible en el sitio <\/span><i><span data-contrast=\"auto\">web<\/span><\/i> <a href=\"http:\/\/www.uv.mx\/iagen\"><span data-contrast=\"none\">www.uv.mx\/iagen<\/span><\/a><span data-contrast=\"auto\">, donde tambi\u00e9n se difunde informaci\u00f3n del tema.\u00a0<\/span><span data-ccp-props=\"{&quot;335559731&quot;:708}\">\u00a0<\/span><\/p>\n<p><span data-contrast=\"auto\">El investigador enfatiz\u00f3 que es primordial que la Universidad divulgue las diferentes tecnolog\u00edas de la IA, a fin de que su comunidad se vea beneficiada con conocimiento de primera mano y lo incorpore en su quehacer cotidiano.<\/span><\/p>\n","protected":false},"excerpt":{"rendered":"<p>El investigador del IIIA-UV imparti\u00f3 ponencia dentro del Foro Internacional de IA en el Aprendizaje de Lenguas organizado por la Facultad de Idiomas<\/p>\n","protected":false},"author":1869,"featured_media":154601,"comment_status":"closed","ping_status":"closed","sticky":false,"template":"","format":"standard","meta":{"footnotes":""},"categories":[45,1,61,51],"tags":[6413,7920,254,23775,9799,13440,9667,8690,20311],"class_list":["post-154663","post","type-post","status-publish","format-standard","has-post-thumbnail","hentry","category-ciencia","category-general","category-banner","category-tecnologia","tag-doctorado-en-inteligencia-artificial","tag-efren-mezura-montes","tag-facultad-de-idiomas","tag-foro-internacional-de-ia-en-el-aprendizaje-de-lenguas","tag-instituto-de-investigaciones-en-inteligencia-artificial-iiia","tag-inteligencia-artificial-ia","tag-maestria-en-inteligencia-artificial","tag-salon-azul-de-la-unidad-de-humanidades","tag-universidad-veracruzana-uv"],"_links":{"self":[{"href":"https:\/\/www.uv.mx\/prensa\/wp-json\/wp\/v2\/posts\/154663","targetHints":{"allow":["GET"]}}],"collection":[{"href":"https:\/\/www.uv.mx\/prensa\/wp-json\/wp\/v2\/posts"}],"about":[{"href":"https:\/\/www.uv.mx\/prensa\/wp-json\/wp\/v2\/types\/post"}],"author":[{"embeddable":true,"href":"https:\/\/www.uv.mx\/prensa\/wp-json\/wp\/v2\/users\/1869"}],"replies":[{"embeddable":true,"href":"https:\/\/www.uv.mx\/prensa\/wp-json\/wp\/v2\/comments?post=154663"}],"version-history":[{"count":1,"href":"https:\/\/www.uv.mx\/prensa\/wp-json\/wp\/v2\/posts\/154663\/revisions"}],"predecessor-version":[{"id":154664,"href":"https:\/\/www.uv.mx\/prensa\/wp-json\/wp\/v2\/posts\/154663\/revisions\/154664"}],"wp:featuredmedia":[{"embeddable":true,"href":"https:\/\/www.uv.mx\/prensa\/wp-json\/wp\/v2\/media\/154601"}],"wp:attachment":[{"href":"https:\/\/www.uv.mx\/prensa\/wp-json\/wp\/v2\/media?parent=154663"}],"wp:term":[{"taxonomy":"category","embeddable":true,"href":"https:\/\/www.uv.mx\/prensa\/wp-json\/wp\/v2\/categories?post=154663"},{"taxonomy":"post_tag","embeddable":true,"href":"https:\/\/www.uv.mx\/prensa\/wp-json\/wp\/v2\/tags?post=154663"}],"curies":[{"name":"wp","href":"https:\/\/api.w.org\/{rel}","templated":true}]}}