{"id":154616,"date":"2025-05-04T00:06:33","date_gmt":"2025-05-04T05:06:33","guid":{"rendered":"https:\/\/www.uv.mx\/prensa\/?p=154616"},"modified":"2025-05-04T00:08:00","modified_gmt":"2025-05-04T05:08:00","slug":"inicia-oficialmente-el-campeonato-nacional-dii-varonil-en-la-uv","status":"publish","type":"post","link":"https:\/\/www.uv.mx\/prensa\/deportes\/inicia-oficialmente-el-campeonato-nacional-dii-varonil-en-la-uv\/","title":{"rendered":"Inicia oficialmente el Campeonato Nacional DII Varonil en la UV"},"content":{"rendered":"<ul>\n<li><em>El rector Mart\u00edn Aguilar S\u00e1nchez inaugur\u00f3 la competencia y destac\u00f3 la importancia de recuperar los valores que el deporte ense\u00f1a y defiende<\/em><\/li>\n<li><em>Nido del Halc\u00f3n albergar\u00e1 a los 12 mejores equipos DII, desde este s\u00e1bado y hasta el 8 de mayo<\/em><\/li>\n<li><em>El evento es organizado por la Direcci\u00f3n de Actividades Deportivas de la Universidad Veracruzana (DADUV)<\/em><\/li>\n<\/ul>\n<p>&nbsp;<\/p>\n<div id=\"attachment_154622\" style=\"width: 723px\" class=\"wp-caption aligncenter\"><a href=\"https:\/\/www.uv.mx\/prensa\/files\/2025\/05\/03052025_ABE-4.jpeg\"><img loading=\"lazy\" decoding=\"async\" aria-describedby=\"caption-attachment-154622\" class=\"wp-image-154622 size-full\" src=\"https:\/\/www.uv.mx\/prensa\/files\/2025\/05\/03052025_ABE-4.jpeg\" alt=\"Desde este s\u00e1bado y hasta el pr\u00f3ximo 8 de mayo, los 12 mejores equipos de la Divisi\u00f3n II buscar\u00e1n ganar uno de los dos ascensos\" width=\"713\" height=\"475\" srcset=\"https:\/\/www.uv.mx\/prensa\/files\/2025\/05\/03052025_ABE-4.jpeg 713w, https:\/\/www.uv.mx\/prensa\/files\/2025\/05\/03052025_ABE-4-300x200.jpeg 300w\" sizes=\"auto, (max-width: 713px) 100vw, 713px\" \/><\/a><p id=\"caption-attachment-154622\" class=\"wp-caption-text\">Desde este s\u00e1bado y hasta el pr\u00f3ximo 8 de mayo, los 12 mejores equipos de la Divisi\u00f3n II buscar\u00e1n ganar uno de los dos ascensos<\/p><\/div>\n<p>&nbsp;<\/p>\n<p><em><strong>Nuria Mart\u00ednez Cabrera<\/strong><\/em><\/p>\n<p><em><strong>Fotos: Rodolfo de Jes\u00fas P\u00e9rez Carmona<\/strong><\/em><\/p>\n<p><em><strong>03\/05\/2025, Xalapa, Ver.-<\/strong> <\/em>El Campeonato Nacional DII Varonil de la liga Asociaci\u00f3n de Basquetbol Estudiantil (ABE) AC, dio inicio de manera oficial este s\u00e1bado en el Nido del Halc\u00f3n de la Universidad Veracruzana (UV).<\/p>\n<p>Hasta el pr\u00f3ximo 08 de mayo, el recinto albergar\u00e1 a los 12 mejores equipos de la Divisi\u00f3n II, quienes buscar\u00e1n en la final, ganar uno de los dos ascensos a la contienda m\u00e1s importante.<\/p>\n<p>Durante la inauguraci\u00f3n de la competencia, el rector Mart\u00edn Aguilar S\u00e1nchez, resalt\u00f3 el papel del b\u00e1squetbol como \u201cun veh\u00edculo para la expresi\u00f3n de diversos valores culturales y modos que tienen las generaciones de ver el mundo\u201d.<\/p>\n<p>&nbsp;<\/p>\n<div id=\"attachment_154621\" style=\"width: 723px\" class=\"wp-caption aligncenter\"><a href=\"https:\/\/www.uv.mx\/prensa\/files\/2025\/05\/03052025_ABE-3.jpeg\"><img loading=\"lazy\" decoding=\"async\" aria-describedby=\"caption-attachment-154621\" class=\"wp-image-154621 size-full\" src=\"https:\/\/www.uv.mx\/prensa\/files\/2025\/05\/03052025_ABE-3.jpeg\" alt=\"Integrantes de Halcones de la Universidad Veracruzana, quienes iniciaron la contienda contra la Universidad Americana de Puebla\" width=\"713\" height=\"475\" srcset=\"https:\/\/www.uv.mx\/prensa\/files\/2025\/05\/03052025_ABE-3.jpeg 713w, https:\/\/www.uv.mx\/prensa\/files\/2025\/05\/03052025_ABE-3-300x200.jpeg 300w\" sizes=\"auto, (max-width: 713px) 100vw, 713px\" \/><\/a><p id=\"caption-attachment-154621\" class=\"wp-caption-text\">Integrantes de Halcones de la Universidad Veracruzana, quienes iniciaron la contienda contra la Universidad Americana de Puebla<\/p><\/div>\n<p>Afirm\u00f3 que se trata de un deporte que ha estado ligado hist\u00f3ricamente al \u00e1mbito acad\u00e9mico, al espacio escolar y a la vida estudiantil en M\u00e9xico y la liga nacional auspiciada por la ABE es una muestra de ello al promover la competencia limpia dentro y fuera de la duela, recuperar los valores que el deporte ense\u00f1a y defiende y propiciar el sentido de pertenencia de las y los atletas a la instituci\u00f3n que representan.<\/p>\n<p>\u201cEn nombre de toda la comunidad universitaria de esta Casa de Estudios doy la m\u00e1s calurosa de las bienvenidas a todas y todos (\u2026) para la Universidad Veracruzana es sumamente gratificante poder albergar un encuentro de alto nivel como este y sumarse a los empe\u00f1os de construir redes en pro de la cultura deportiva, la actividad f\u00edsica y la socializaci\u00f3n a trav\u00e9s de la pr\u00e1ctica \u201c, expres\u00f3.<\/p>\n<p>&nbsp;<\/p>\n<div id=\"attachment_154623\" style=\"width: 723px\" class=\"wp-caption aligncenter\"><a href=\"https:\/\/www.uv.mx\/prensa\/files\/2025\/05\/03052025_ABE-1.jpeg\"><img loading=\"lazy\" decoding=\"async\" aria-describedby=\"caption-attachment-154623\" class=\"wp-image-154623 size-full\" src=\"https:\/\/www.uv.mx\/prensa\/files\/2025\/05\/03052025_ABE-1.jpeg\" alt=\"El rector Mart\u00edn Aguilar S\u00e1nchez inaugur\u00f3 la competencia y destac\u00f3 la importancia de recuperar los valores que el deporte ense\u00f1a y defiende\" width=\"713\" height=\"475\" srcset=\"https:\/\/www.uv.mx\/prensa\/files\/2025\/05\/03052025_ABE-1.jpeg 713w, https:\/\/www.uv.mx\/prensa\/files\/2025\/05\/03052025_ABE-1-300x200.jpeg 300w\" sizes=\"auto, (max-width: 713px) 100vw, 713px\" \/><\/a><p id=\"caption-attachment-154623\" class=\"wp-caption-text\">El rector Mart\u00edn Aguilar S\u00e1nchez inaugur\u00f3 la competencia y destac\u00f3 la importancia de<br \/>recuperar los valores que el deporte ense\u00f1a y defiende<\/p><\/div>\n<p>&nbsp;<\/p>\n<p>Por su parte, el director de la liga ABE, Yair Olano Galicia, agradeci\u00f3 la bienvenida a las autoridades universitarias, la afici\u00f3n y al p\u00fablico asistente y record\u00f3 que este a\u00f1o la liga ABE celebra su doceavo aniversario con la misi\u00f3n de hacer del b\u00e1squetbol universitario un deporte de excelencia.<\/p>\n<p>\u201cEstamos muy contentos de estar aqu\u00ed en la Universidad Veracruzana, hay que recordar que este gran evento logra formar a los alumnos de una manera especial y sirve como la muestra de todo el trabajo y esfuerzo que han hecho. No hay que olvidar que el deporte ense\u00f1a a los j\u00f3venes deportistas una serie de valores como compromiso, tenacidad, constancia, tenacidad y trabajo en equipo\u201d, expuso.<\/p>\n<p>Tras el saque inaugural, a cargo del Rector, comenz\u00f3 el encuentro entre la Universidad Veracruzana y la Universidad Americana de Puebla, cuyo ganador final fue el equipo de los Halcones UV.<\/p>\n<p>&nbsp;<\/p>\n<div id=\"attachment_154620\" style=\"width: 723px\" class=\"wp-caption aligncenter\"><a href=\"https:\/\/www.uv.mx\/prensa\/files\/2025\/05\/03052025_ABE-2.jpeg\"><img loading=\"lazy\" decoding=\"async\" aria-describedby=\"caption-attachment-154620\" class=\"wp-image-154620 size-full\" src=\"https:\/\/www.uv.mx\/prensa\/files\/2025\/05\/03052025_ABE-2.jpeg\" alt=\"El director de la liga ABE, Yair Olano Galicia, celebra su doceavo aniversario con la misi\u00f3n de hacer del b\u00e1squetbol universitario un deporte de excelencia\" width=\"713\" height=\"475\" srcset=\"https:\/\/www.uv.mx\/prensa\/files\/2025\/05\/03052025_ABE-2.jpeg 713w, https:\/\/www.uv.mx\/prensa\/files\/2025\/05\/03052025_ABE-2-300x200.jpeg 300w\" sizes=\"auto, (max-width: 713px) 100vw, 713px\" \/><\/a><p id=\"caption-attachment-154620\" class=\"wp-caption-text\">El director de la liga ABE, Yair Olano Galicia, celebra su doceavo aniversario con la misi\u00f3n de hacer del b\u00e1squetbol universitario un deporte de excelencia<\/p><\/div>\n<p>&nbsp;<\/p>\n<p>Durante la ceremonia, <em>Lis<\/em> y <em>Luzio<\/em>, mascotas de la UV, entregaron obsequios a los y las asistentes, mientras que la Xalli Big Band y el Ballet Folkl\u00f3rico de la UV amenizaron el ambiente.<\/p>\n<p>Entre los equipos participantes se encuentran las universidades An\u00e1huac de Puebla y Xalapa, universidades aut\u00f3nomas de Aguascalientes, Chihuahua, Ciudad Ju\u00e1rez, de la Laguna, Zacatecas; Universidad del Valle de M\u00e9xico Campus Quer\u00e9taro, Universidad La Salle Nezahualc\u00f3yotl, Universidad Panamericana Campus Guadalajara.<\/p>\n<p>En el evento participaron autoridades universitarias, as\u00ed como el titular de la Direcci\u00f3n de Actividades Deportivas de la instituci\u00f3n (DADUV), Luis Gerardo Cort\u00e9s Sosa, dependencia organizadora del campeonato.<\/p>\n<p>&nbsp;<\/p>\n<div id=\"attachment_154619\" style=\"width: 723px\" class=\"wp-caption aligncenter\"><a href=\"https:\/\/www.uv.mx\/prensa\/files\/2025\/05\/03052025_ABE-0.jpeg\"><img loading=\"lazy\" decoding=\"async\" aria-describedby=\"caption-attachment-154619\" class=\"wp-image-154619 size-full\" src=\"https:\/\/www.uv.mx\/prensa\/files\/2025\/05\/03052025_ABE-0.jpeg\" alt=\"Los partidos se realizan en el Nido del halc\u00f3n, ubicado en el Campus para la Cultura, las Artes y el Deporte\" width=\"713\" height=\"475\" srcset=\"https:\/\/www.uv.mx\/prensa\/files\/2025\/05\/03052025_ABE-0.jpeg 713w, https:\/\/www.uv.mx\/prensa\/files\/2025\/05\/03052025_ABE-0-300x200.jpeg 300w\" sizes=\"auto, (max-width: 713px) 100vw, 713px\" \/><\/a><p id=\"caption-attachment-154619\" class=\"wp-caption-text\">Los partidos se realizan en el Nido del halc\u00f3n, ubicado en el Campus para la Cultura, las Artes y el Deporte<\/p><\/div>\n","protected":false},"excerpt":{"rendered":"<p>Organizado a trav\u00e9s de la Direcci\u00f3n de Actividades Deportivas de esta casa de estudios, con la participaci\u00f3n de 12 equipos hasta el 8 de mayo<\/p>\n","protected":false},"author":1777,"featured_media":154627,"comment_status":"closed","ping_status":"closed","sticky":false,"template":"","format":"standard","meta":{"footnotes":""},"categories":[12,61],"tags":[4984,122,23687,197,13051,2700,22482,22483],"class_list":["post-154616","post","type-post","status-publish","format-standard","has-post-thumbnail","hentry","category-deportes","category-banner","tag-asociacion-de-basquetbol-estudiantil","tag-basquetbol","tag-campeonato-nacional-dii-varonil","tag-daduv","tag-gimnasio-nido-del-halcon","tag-martin-aguilar-sanchez","tag-nuria-martinez-cabrera","tag-rodolfo-de-jesus-perez-carmona"],"_links":{"self":[{"href":"https:\/\/www.uv.mx\/prensa\/wp-json\/wp\/v2\/posts\/154616","targetHints":{"allow":["GET"]}}],"collection":[{"href":"https:\/\/www.uv.mx\/prensa\/wp-json\/wp\/v2\/posts"}],"about":[{"href":"https:\/\/www.uv.mx\/prensa\/wp-json\/wp\/v2\/types\/post"}],"author":[{"embeddable":true,"href":"https:\/\/www.uv.mx\/prensa\/wp-json\/wp\/v2\/users\/1777"}],"replies":[{"embeddable":true,"href":"https:\/\/www.uv.mx\/prensa\/wp-json\/wp\/v2\/comments?post=154616"}],"version-history":[{"count":1,"href":"https:\/\/www.uv.mx\/prensa\/wp-json\/wp\/v2\/posts\/154616\/revisions"}],"predecessor-version":[{"id":154626,"href":"https:\/\/www.uv.mx\/prensa\/wp-json\/wp\/v2\/posts\/154616\/revisions\/154626"}],"wp:featuredmedia":[{"embeddable":true,"href":"https:\/\/www.uv.mx\/prensa\/wp-json\/wp\/v2\/media\/154627"}],"wp:attachment":[{"href":"https:\/\/www.uv.mx\/prensa\/wp-json\/wp\/v2\/media?parent=154616"}],"wp:term":[{"taxonomy":"category","embeddable":true,"href":"https:\/\/www.uv.mx\/prensa\/wp-json\/wp\/v2\/categories?post=154616"},{"taxonomy":"post_tag","embeddable":true,"href":"https:\/\/www.uv.mx\/prensa\/wp-json\/wp\/v2\/tags?post=154616"}],"curies":[{"name":"wp","href":"https:\/\/api.w.org\/{rel}","templated":true}]}}