{"id":154609,"date":"2025-05-02T21:21:16","date_gmt":"2025-05-03T02:21:16","guid":{"rendered":"https:\/\/www.uv.mx\/prensa\/?p=154609"},"modified":"2025-05-02T21:21:16","modified_gmt":"2025-05-03T02:21:16","slug":"enfermedades-cardiovasculares-principal-causa-de-muerte-en-cuba","status":"publish","type":"post","link":"https:\/\/www.uv.mx\/prensa\/general\/enfermedades-cardiovasculares-principal-causa-de-muerte-en-cuba\/","title":{"rendered":"Enfermedades cardiovasculares, principal causa de muerte en Cuba"},"content":{"rendered":"<ul>\n<li data-leveltext=\"\uf0b7\" data-font=\"Symbol\" data-listid=\"12\" data-list-defn-props=\"{&quot;134224900&quot;:false,&quot;335551671&quot;:0,&quot;335552541&quot;:1,&quot;335559685&quot;:720,&quot;335559991&quot;:360,&quot;469769226&quot;:&quot;Symbol&quot;,&quot;469769242&quot;:[8226],&quot;469777803&quot;:&quot;left&quot;,&quot;469777804&quot;:&quot;\uf0b7&quot;,&quot;469777815&quot;:&quot;hybridMultilevel&quot;}\" data-aria-posinset=\"0\" data-aria-level=\"1\"><i><span data-contrast=\"none\">Desplazaron al c\u00e1ncer; actualmente 30 % de la poblaci\u00f3n de la isla caribe\u00f1a padece hipertensi\u00f3n arterial\u00a0<\/span><\/i><span data-ccp-props=\"{&quot;201341983&quot;:0,&quot;335559739&quot;:0,&quot;335559740&quot;:240}\">\u00a0<\/span><\/li>\n<\/ul>\n<ul>\n<li data-leveltext=\"\uf0b7\" data-font=\"Symbol\" data-listid=\"12\" data-list-defn-props=\"{&quot;134224900&quot;:false,&quot;335551671&quot;:0,&quot;335552541&quot;:1,&quot;335559685&quot;:720,&quot;335559991&quot;:360,&quot;469769226&quot;:&quot;Symbol&quot;,&quot;469769242&quot;:[8226],&quot;469777803&quot;:&quot;left&quot;,&quot;469777804&quot;:&quot;\uf0b7&quot;,&quot;469777815&quot;:&quot;hybridMultilevel&quot;}\" data-aria-posinset=\"1\" data-aria-level=\"1\"><i><span data-contrast=\"none\">Yanet Garc\u00eda Serrano, investigadora de la Universidad de La Habana, ofreci\u00f3 conferencia en la Facultad de Estad\u00edstica e Inform\u00e1tica de la UV<\/span><\/i><span data-ccp-props=\"{&quot;201341983&quot;:0,&quot;335559739&quot;:0,&quot;335559740&quot;:240}\">\u00a0<\/span><\/li>\n<\/ul>\n<p><span data-ccp-props=\"{&quot;201341983&quot;:0,&quot;335559739&quot;:0,&quot;335559740&quot;:240}\">\u00a0<\/span><\/p>\n<div id=\"attachment_154590\" style=\"width: 732px\" class=\"wp-caption aligncenter\"><img loading=\"lazy\" decoding=\"async\" aria-describedby=\"caption-attachment-154590\" class=\"size-full wp-image-154590\" src=\"https:\/\/www.uv.mx\/prensa\/files\/2025\/05\/250425-COUTTOLENC-Conferencia-Yanet-Garcia-1-100k.jpg\" alt=\"Yanet Garc\u00eda Serrano, investigadora de la Universidad de La Habana, Cuba \" width=\"722\" height=\"482\" \/><p id=\"caption-attachment-154590\" class=\"wp-caption-text\">Yanet Garc\u00eda Serrano, investigadora de la Universidad de La Habana, Cuba<\/p><\/div>\n<p>&nbsp;<\/p>\n<p><b><i><span data-contrast=\"none\">Jos\u00e9 Luis Couttolenc Soto<\/span><\/i><\/b><span data-ccp-props=\"{&quot;201341983&quot;:0,&quot;335559739&quot;:0,&quot;335559740&quot;:240}\">\u00a0<\/span><\/p>\n<p><b><i><span data-contrast=\"none\">Fotos: Luis Fernando Fern\u00e1ndez (1) y cortes\u00eda de Yanet Garc\u00eda (2, 3 y 4)<\/span><\/i><\/b><\/p>\n<p><b><i><span data-contrast=\"none\">02\/05\/2025, Xalapa, Ver.- <\/span><\/i><\/b><span data-contrast=\"none\">Una investigaci\u00f3n de la carga atribuible a la hipertensi\u00f3n arterial (HTA) como causa de mortalidad por enfermedades del coraz\u00f3n en Cuba dio como resultado que el 30 % de la poblaci\u00f3n de la isla caribe\u00f1a registra este padecimiento, propiciando que el n\u00famero de muertes sea mayor a las generadas por c\u00e1ncer.<\/span><span data-ccp-props=\"{&quot;201341983&quot;:0,&quot;335559739&quot;:0,&quot;335559740&quot;:240}\">\u00a0<\/span><\/p>\n<p><span data-contrast=\"none\">Yanet Garc\u00eda Serrano, maestra en Ciencias Matem\u00e1ticas por la Universidad de La Habana, ofreci\u00f3 la charla \u201cEstimaci\u00f3n de la carga atribuible a la hipertensi\u00f3n arterial en la mortalidad por enfermedades del coraz\u00f3n\u201d, a invitaci\u00f3n del cuerpo acad\u00e9mico (CA) Metodolog\u00edas y Aplicaciones de las T\u00e9cnicas y Modelos Estad\u00edsticos, adscrito a la Facultad de Estad\u00edstica e Inform\u00e1tica (FEI) de la Universidad Veracruzana (UV).<\/span><span data-ccp-props=\"{&quot;201341983&quot;:0,&quot;335559739&quot;:0,&quot;335559740&quot;:240}\">\u00a0<\/span><\/p>\n<p><span data-contrast=\"none\">La acad\u00e9mica investigadora precis\u00f3 que forma parte de un equipo de trabajo encargado de obtener la fracci\u00f3n poblacional, mortalidad y carga atribuible al factor de riesgo de las enfermedades del coraz\u00f3n en Cuba, estudio efectuado sobre una base de datos de la encuesta de salud que se aplic\u00f3 en 2019.<\/span><\/p>\n<div id=\"attachment_154591\" style=\"width: 732px\" class=\"wp-caption aligncenter\"><img loading=\"lazy\" decoding=\"async\" aria-describedby=\"caption-attachment-154591\" class=\"size-full wp-image-154591\" src=\"https:\/\/www.uv.mx\/prensa\/files\/2025\/05\/250425-COUTTOLENC-Conferencia-Yanet-Garcia-2-100k.jpg\" alt=\"Muertes por padecimientos cardiovasculares, las de mayor prevalencia en Cuba \" width=\"722\" height=\"426\" srcset=\"https:\/\/www.uv.mx\/prensa\/files\/2025\/05\/250425-COUTTOLENC-Conferencia-Yanet-Garcia-2-100k.jpg 722w, https:\/\/www.uv.mx\/prensa\/files\/2025\/05\/250425-COUTTOLENC-Conferencia-Yanet-Garcia-2-100k-300x177.jpg 300w\" sizes=\"auto, (max-width: 722px) 100vw, 722px\" \/><p id=\"caption-attachment-154591\" class=\"wp-caption-text\">Muertes por padecimientos cardiovasculares, las de mayor prevalencia en Cuba<\/p><\/div>\n<p>&nbsp;<\/p>\n<p><span data-contrast=\"none\">Resalt\u00f3 que conocer los factores de riesgo es importante porque permite identificar prioridades en la prevenci\u00f3n de enfermedades y la promoci\u00f3n de la salud, en particular si son modificables.<\/span><span data-ccp-props=\"{&quot;201341983&quot;:0,&quot;335559739&quot;:0,&quot;335559740&quot;:240}\">\u00a0<\/span><\/p>\n<p><span data-contrast=\"none\">Se encontr\u00f3 que el tabaquismo, glucosa elevada en ayunas, \u00edndice de masa corporal elevado y tensi\u00f3n arterial sist\u00f3lica elevada, son responsables de m\u00e1s del 55.2 % de la carga global; se identificaron prioridades respecto a los factores de riesgo, y se puso de manifiesto la conveniencia de utilizar plataformas de datos internacionales con indicadores estandarizados desglosados por a\u00f1o, sexo, grupos de edad. Los datos fueron procesados adecuadamente a fin de hacerlos de utilidad en la toma de decisiones en salud.<\/span><\/p>\n<div id=\"attachment_154592\" style=\"width: 732px\" class=\"wp-caption aligncenter\"><img loading=\"lazy\" decoding=\"async\" aria-describedby=\"caption-attachment-154592\" class=\"size-full wp-image-154592\" src=\"https:\/\/www.uv.mx\/prensa\/files\/2025\/05\/250425-COUTTOLENC-Conferencia-Yanet-Garcia-3-100k.jpg\" alt=\"Ponderaciones aplicadas a las causas de muerte en los certificados m\u00e9dicos de defunci\u00f3n, seg\u00fan diferentes m\u00e9todos \" width=\"722\" height=\"384\" srcset=\"https:\/\/www.uv.mx\/prensa\/files\/2025\/05\/250425-COUTTOLENC-Conferencia-Yanet-Garcia-3-100k.jpg 722w, https:\/\/www.uv.mx\/prensa\/files\/2025\/05\/250425-COUTTOLENC-Conferencia-Yanet-Garcia-3-100k-300x160.jpg 300w\" sizes=\"auto, (max-width: 722px) 100vw, 722px\" \/><p id=\"caption-attachment-154592\" class=\"wp-caption-text\">Ponderaciones aplicadas a las causas de muerte en los certificados m\u00e9dicos de defunci\u00f3n, seg\u00fan diferentes m\u00e9todos<\/p><\/div>\n<p>&nbsp;<\/p>\n<p><span data-contrast=\"none\">Garc\u00eda Serrano detall\u00f3 que la HTA <\/span><span data-contrast=\"auto\">puede ser tanto un factor de riesgo como una enfermedad en s\u00ed misma; cuando se le considera como lo primero aumenta la probabilidad de desarrollar afecciones m\u00e9dicas graves como card\u00edacas, enfermedades isqu\u00e9micas, hipertensivas o derrames cerebrales, entre algunas otras.<\/span><span data-ccp-props=\"{&quot;201341983&quot;:0,&quot;335559739&quot;:0,&quot;335559740&quot;:240}\">\u00a0<\/span><\/p>\n<p><span data-contrast=\"auto\">En 2019 se estim\u00f3 una prevalencia de HTA del 30 % en poblaci\u00f3n adulta, que significaba tres millones de cubanos y cubanas mayores de 18 a\u00f1os en esta condici\u00f3n.<\/span><\/p>\n<div id=\"attachment_154593\" style=\"width: 732px\" class=\"wp-caption aligncenter\"><img loading=\"lazy\" decoding=\"async\" aria-describedby=\"caption-attachment-154593\" class=\"size-full wp-image-154593\" src=\"https:\/\/www.uv.mx\/prensa\/files\/2025\/05\/250425-COUTTOLENC-Conferencia-Yanet-Garcia-4-100k.jpg\" alt=\"Enfoques unicausal cl\u00e1sico y multicausal ponderado \" width=\"722\" height=\"389\" \/><p id=\"caption-attachment-154593\" class=\"wp-caption-text\">Enfoques unicausal cl\u00e1sico y multicausal ponderado<\/p><\/div>\n<p>&nbsp;<\/p>\n<p><span data-contrast=\"auto\">Reconoci\u00f3 que Cuba adolece de una metodolog\u00eda que abarque el estudio de la mortalidad de manera multicausal, donde se tengan en cuenta todas las enfermedades registradas; por lo tanto, propone incorporar una metodolog\u00eda alternativa novedosa con base en el estudio de Clara Piffaretti, doctora en Salud P\u00fablica, donde se aplica una ponderaci\u00f3n a las diferentes causas de muerte, desde los enfoques multicausal y unicausal.<\/span><span data-ccp-props=\"{&quot;201341983&quot;:0,&quot;335559739&quot;:0,&quot;335559740&quot;:240}\">\u00a0<\/span><\/p>\n<p><span data-contrast=\"auto\">En los 24 a\u00f1os recientes Cuba registra un incremento en la prevalencia total de HTA, superior a la reportada en la dispensarizaci\u00f3n (atenci\u00f3n primaria a la salud) a nivel nacional; \u201cSabemos que la mayor\u00eda de las personas con enfermedades del coraz\u00f3n, ya sean hipertensivas o cardiopat\u00edas, tienen un factor de base de riesgo que es la hipertensi\u00f3n arterial; entonces, queremos ver cu\u00e1nto influye este factor en la mortalidad por estas causas\u201d, concluy\u00f3.<\/span><span data-ccp-props=\"{&quot;201341983&quot;:0,&quot;335559731&quot;:708,&quot;335559739&quot;:0,&quot;335559740&quot;:240}\">\u00a0<\/span><\/p>\n","protected":false},"excerpt":{"rendered":"<p>Investigaci\u00f3n revel\u00f3 carencia de una metodolog\u00eda que abarque el estudio de la mortalidad de manera multicausal <\/p>\n","protected":false},"author":1775,"featured_media":154594,"comment_status":"closed","ping_status":"closed","sticky":false,"template":"","format":"standard","meta":{"footnotes":""},"categories":[1,61],"tags":[753,23771,11444,752,10530,484,120,7839,4162,6592,15623,23772,23770],"class_list":["post-154609","post","type-post","status-publish","format-standard","has-post-thumbnail","hentry","category-general","category-banner","tag-ca","tag-ciencias-matematicas","tag-corazon","tag-cuerpo-academico","tag-enfermedades","tag-facultad-de-estadistica-e-informatica","tag-fei","tag-hipertension-arterial","tag-jose-luis-couttolenc-soto","tag-luis-fernando-fernandez","tag-mortalidad","tag-universidad-de-la-habana","tag-yanet-garcia-serrano"],"_links":{"self":[{"href":"https:\/\/www.uv.mx\/prensa\/wp-json\/wp\/v2\/posts\/154609","targetHints":{"allow":["GET"]}}],"collection":[{"href":"https:\/\/www.uv.mx\/prensa\/wp-json\/wp\/v2\/posts"}],"about":[{"href":"https:\/\/www.uv.mx\/prensa\/wp-json\/wp\/v2\/types\/post"}],"author":[{"embeddable":true,"href":"https:\/\/www.uv.mx\/prensa\/wp-json\/wp\/v2\/users\/1775"}],"replies":[{"embeddable":true,"href":"https:\/\/www.uv.mx\/prensa\/wp-json\/wp\/v2\/comments?post=154609"}],"version-history":[{"count":1,"href":"https:\/\/www.uv.mx\/prensa\/wp-json\/wp\/v2\/posts\/154609\/revisions"}],"predecessor-version":[{"id":154610,"href":"https:\/\/www.uv.mx\/prensa\/wp-json\/wp\/v2\/posts\/154609\/revisions\/154610"}],"wp:featuredmedia":[{"embeddable":true,"href":"https:\/\/www.uv.mx\/prensa\/wp-json\/wp\/v2\/media\/154594"}],"wp:attachment":[{"href":"https:\/\/www.uv.mx\/prensa\/wp-json\/wp\/v2\/media?parent=154609"}],"wp:term":[{"taxonomy":"category","embeddable":true,"href":"https:\/\/www.uv.mx\/prensa\/wp-json\/wp\/v2\/categories?post=154609"},{"taxonomy":"post_tag","embeddable":true,"href":"https:\/\/www.uv.mx\/prensa\/wp-json\/wp\/v2\/tags?post=154609"}],"curies":[{"name":"wp","href":"https:\/\/api.w.org\/{rel}","templated":true}]}}