{"id":154607,"date":"2025-04-23T20:44:30","date_gmt":"2025-04-24T01:44:30","guid":{"rendered":"https:\/\/www.uv.mx\/prensa\/?p=154607"},"modified":"2025-05-02T21:13:01","modified_gmt":"2025-05-03T02:13:01","slug":"usbi-xalapa-realizo-jornada-para-promover-la-conciencia-ecologica","status":"publish","type":"post","link":"https:\/\/www.uv.mx\/prensa\/sustentabilidad\/usbi-xalapa-realizo-jornada-para-promover-la-conciencia-ecologica\/","title":{"rendered":"USBI Xalapa realiz\u00f3 jornada para promover la conciencia ecol\u00f3gica"},"content":{"rendered":"<ul>\n<li data-leveltext=\"\uf0b7\" data-font=\"Symbol\" data-listid=\"1\" data-list-defn-props=\"{&quot;335552541&quot;:1,&quot;335559685&quot;:720,&quot;335559991&quot;:360,&quot;469769226&quot;:&quot;Symbol&quot;,&quot;469769242&quot;:[8226],&quot;469777803&quot;:&quot;left&quot;,&quot;469777804&quot;:&quot;\uf0b7&quot;,&quot;469777815&quot;:&quot;hybridMultilevel&quot;}\" data-aria-posinset=\"1\" data-aria-level=\"1\"><i><span data-contrast=\"auto\">Participaron aproximadamente 80 estudiantes de diferentes programas educativos de la Universidad Veracruzana<\/span><\/i><span data-ccp-props=\"{&quot;335559739&quot;:0}\">\u00a0<\/span><\/li>\n<\/ul>\n<p><span data-ccp-props=\"{&quot;335559685&quot;:720,&quot;335559739&quot;:0}\">\u00a0<\/span><\/p>\n<div id=\"attachment_154585\" style=\"width: 732px\" class=\"wp-caption aligncenter\"><img loading=\"lazy\" decoding=\"async\" aria-describedby=\"caption-attachment-154585\" class=\"size-full wp-image-154585\" src=\"https:\/\/www.uv.mx\/prensa\/files\/2025\/05\/230425-PAOLA-Talleres-USBI-1-100k.jpg\" alt=\"El Centro de Autoacceso USBI-Xalapa realiz\u00f3 talleres ecol\u00f3gicos para conmemorar el D\u00eda Internacional de la Madre Tierra \" width=\"722\" height=\"482\" srcset=\"https:\/\/www.uv.mx\/prensa\/files\/2025\/05\/230425-PAOLA-Talleres-USBI-1-100k.jpg 722w, https:\/\/www.uv.mx\/prensa\/files\/2025\/05\/230425-PAOLA-Talleres-USBI-1-100k-300x200.jpg 300w\" sizes=\"auto, (max-width: 722px) 100vw, 722px\" \/><p id=\"caption-attachment-154585\" class=\"wp-caption-text\">El Centro de Autoacceso USBI-Xalapa realiz\u00f3 talleres ecol\u00f3gicos para conmemorar el D\u00eda Internacional de la Madre Tierra<\/p><\/div>\n<p>&nbsp;<\/p>\n<p><b><i><span data-contrast=\"auto\">Paola Cort\u00e9s P\u00e9rez<\/span><\/i><\/b><span data-ccp-props=\"{&quot;335559739&quot;:0}\">\u00a0<\/span><\/p>\n<p><b><i><span data-contrast=\"auto\">Fotos: Omar Portilla Palacios<\/span><\/i><\/b><\/p>\n<p><b><i><span data-contrast=\"auto\">23\/04\/2025, Xalapa, Ver.-<\/span><\/i><\/b><span data-contrast=\"auto\"> Personal acad\u00e9mico y administrativo del Centro de Autoacceso de la Unidad de Servicios Bibliotecarios y de Informaci\u00f3n (USBI) de la Universidad Veracruzana (UV), regi\u00f3n Xalapa, organiz\u00f3 una jornada de actividades orientadas a promover la conciencia ecol\u00f3gica entre el alumnado, en el marco del D\u00eda Internacional de la Madre Tierra.<\/span><span data-ccp-props=\"{&quot;335559739&quot;:0}\">\u00a0<\/span><\/p>\n<p><span data-contrast=\"auto\">Ver\u00f3nica Ruiz Corzo, asesora de ingl\u00e9s en el Centro de Autoacceso USBI-Xalapa, explic\u00f3 que la actividad incluy\u00f3 din\u00e1micas como una caminata, elaboraci\u00f3n de carteles y ecoladrillos con materiales reciclados, as\u00ed como actividades art\u00edsticas y conferencias.<\/span><span data-ccp-props=\"{&quot;335559731&quot;:708,&quot;335559739&quot;:0}\">\u00a0<\/span><\/p>\n<p><span data-contrast=\"auto\">\u201cTodo el equipo del Centro de Autoacceso, administrativo y acad\u00e9mico, nos reunimos con el objetivo de generar conciencia en los universitarios acerca del reciclaje de la basura\u201d, coment\u00f3.<\/span><\/p>\n<div id=\"attachment_154586\" style=\"width: 732px\" class=\"wp-caption aligncenter\"><img loading=\"lazy\" decoding=\"async\" aria-describedby=\"caption-attachment-154586\" class=\"size-full wp-image-154586\" src=\"https:\/\/www.uv.mx\/prensa\/files\/2025\/05\/230425-PAOLA-Talleres-USBI-2-100k.jpg\" alt=\"Ver\u00f3nica Ruiz Corzo, asesora de ingl\u00e9s en el Centro de Autoacceso USBI-Xalapa \" width=\"722\" height=\"482\" srcset=\"https:\/\/www.uv.mx\/prensa\/files\/2025\/05\/230425-PAOLA-Talleres-USBI-2-100k.jpg 722w, https:\/\/www.uv.mx\/prensa\/files\/2025\/05\/230425-PAOLA-Talleres-USBI-2-100k-300x200.jpg 300w\" sizes=\"auto, (max-width: 722px) 100vw, 722px\" \/><p id=\"caption-attachment-154586\" class=\"wp-caption-text\">Ver\u00f3nica Ruiz Corzo, asesora de ingl\u00e9s en el Centro de Autoacceso USBI-Xalapa<\/p><\/div>\n<p>&nbsp;<\/p>\n<p><span data-contrast=\"auto\">Con respecto a los ecoladrillos, explic\u00f3 que fueron elaborados por las y los estudiantes y tendr\u00e1n una aplicaci\u00f3n pr\u00e1ctica en un nuevo espacio en la USBI-Xalapa, otros m\u00e1s ser\u00e1n trasladados a lugares donde fabrican muebles, muros y construcciones.<\/span><span data-ccp-props=\"{&quot;335559731&quot;:708,&quot;335559739&quot;:0}\">\u00a0<\/span><\/p>\n<p><span data-contrast=\"auto\">\u201cHicimos carteles usando materiales reciclados, los cuales expresan un eslogan que invita al cuidado y protecci\u00f3n del ambiente.\u201d<\/span><\/p>\n<div id=\"attachment_154587\" style=\"width: 732px\" class=\"wp-caption aligncenter\"><img loading=\"lazy\" decoding=\"async\" aria-describedby=\"caption-attachment-154587\" class=\"size-full wp-image-154587\" src=\"https:\/\/www.uv.mx\/prensa\/files\/2025\/05\/230425-PAOLA-Talleres-USBI-3-100k.jpg\" alt=\"Coment\u00f3 que es la primera ocasi\u00f3n que la organizan, logr\u00f3 convocar a aproximadamente 80 estudiantes\" width=\"722\" height=\"482\" srcset=\"https:\/\/www.uv.mx\/prensa\/files\/2025\/05\/230425-PAOLA-Talleres-USBI-3-100k.jpg 722w, https:\/\/www.uv.mx\/prensa\/files\/2025\/05\/230425-PAOLA-Talleres-USBI-3-100k-300x200.jpg 300w\" sizes=\"auto, (max-width: 722px) 100vw, 722px\" \/><p id=\"caption-attachment-154587\" class=\"wp-caption-text\">Coment\u00f3 que es la primera ocasi\u00f3n que la organizan, logr\u00f3 convocar a aproximadamente 80 estudiantes<\/p><\/div>\n<p>&nbsp;<\/p>\n<p><span data-contrast=\"auto\">Mencion\u00f3 que esta es la primera ocasi\u00f3n que se lleva a cabo esta celebraci\u00f3n, aunque realizan actividades culturales dependiendo la temporada, como la Pascua, D\u00eda de San Patricio y otras m\u00e1s.\u00a0<\/span><span data-ccp-props=\"{&quot;335559731&quot;:708,&quot;335559739&quot;:0}\">\u00a0<\/span><\/p>\n<p><span data-contrast=\"auto\">En la jornada participaron aproximadamente 80 estudiantes de distintos programas educativos que cursan ingl\u00e9s o franc\u00e9s en el Centro de Autoacceso.<\/span><\/p>\n<div id=\"attachment_154588\" style=\"width: 732px\" class=\"wp-caption aligncenter\"><img loading=\"lazy\" decoding=\"async\" aria-describedby=\"caption-attachment-154588\" class=\"size-full wp-image-154588\" src=\"https:\/\/www.uv.mx\/prensa\/files\/2025\/05\/230425-PAOLA-Talleres-USBI-4-100k.jpg\" alt=\"Para realizar las actividades usaron material reciclado \" width=\"722\" height=\"482\" srcset=\"https:\/\/www.uv.mx\/prensa\/files\/2025\/05\/230425-PAOLA-Talleres-USBI-4-100k.jpg 722w, https:\/\/www.uv.mx\/prensa\/files\/2025\/05\/230425-PAOLA-Talleres-USBI-4-100k-300x200.jpg 300w\" sizes=\"auto, (max-width: 722px) 100vw, 722px\" \/><p id=\"caption-attachment-154588\" class=\"wp-caption-text\">Para realizar las actividades usaron material reciclado<\/p><\/div>\n<p>&nbsp;<\/p>\n<p><span data-contrast=\"auto\">\u201cLas y los universitarios, que son la principal audiencia a la que quer\u00edamos llegar, respondieron muy bien a la convocatoria\u201d, destac\u00f3 Ruiz Corzo.<\/span><span data-ccp-props=\"{&quot;335559731&quot;:708,&quot;335559739&quot;:0}\">\u00a0<\/span><\/p>\n<p><span data-contrast=\"auto\">La actividad concluy\u00f3 con una charla a cargo de un exalumno del centro, actualmente colaborador en la Facultad de Ingenier\u00eda.<\/span><span data-ccp-props=\"{&quot;335559731&quot;:708,&quot;335559739&quot;:0}\">\u00a0<\/span><\/p>\n","protected":false},"excerpt":{"rendered":"<p>Estudiantes de diferentes programas educativos elaboraron carteles y ecoladrillos con materiales reciclados, as\u00ed como actividades art\u00edsticas y conferencias <\/p>\n","protected":false},"author":1775,"featured_media":154589,"comment_status":"closed","ping_status":"closed","sticky":false,"template":"","format":"standard","meta":{"footnotes":""},"categories":[15423,6299],"tags":[11151,16615,6462,4164,572,279,23769],"class_list":["post-154607","post","type-post","status-publish","format-standard","has-post-thumbnail","hentry","category-estudiantes","category-sustentabilidad","tag-centro-de-autoacceso","tag-dia-internacional-de-la-madre-tierra","tag-omar-portilla-palacios","tag-paola-cortes-perez","tag-unidad-de-servicios-bibliotecarios-y-de-informacion","tag-usbi","tag-veronica-ruiz-corzo"],"_links":{"self":[{"href":"https:\/\/www.uv.mx\/prensa\/wp-json\/wp\/v2\/posts\/154607","targetHints":{"allow":["GET"]}}],"collection":[{"href":"https:\/\/www.uv.mx\/prensa\/wp-json\/wp\/v2\/posts"}],"about":[{"href":"https:\/\/www.uv.mx\/prensa\/wp-json\/wp\/v2\/types\/post"}],"author":[{"embeddable":true,"href":"https:\/\/www.uv.mx\/prensa\/wp-json\/wp\/v2\/users\/1775"}],"replies":[{"embeddable":true,"href":"https:\/\/www.uv.mx\/prensa\/wp-json\/wp\/v2\/comments?post=154607"}],"version-history":[{"count":1,"href":"https:\/\/www.uv.mx\/prensa\/wp-json\/wp\/v2\/posts\/154607\/revisions"}],"predecessor-version":[{"id":154608,"href":"https:\/\/www.uv.mx\/prensa\/wp-json\/wp\/v2\/posts\/154607\/revisions\/154608"}],"wp:featuredmedia":[{"embeddable":true,"href":"https:\/\/www.uv.mx\/prensa\/wp-json\/wp\/v2\/media\/154589"}],"wp:attachment":[{"href":"https:\/\/www.uv.mx\/prensa\/wp-json\/wp\/v2\/media?parent=154607"}],"wp:term":[{"taxonomy":"category","embeddable":true,"href":"https:\/\/www.uv.mx\/prensa\/wp-json\/wp\/v2\/categories?post=154607"},{"taxonomy":"post_tag","embeddable":true,"href":"https:\/\/www.uv.mx\/prensa\/wp-json\/wp\/v2\/tags?post=154607"}],"curies":[{"name":"wp","href":"https:\/\/api.w.org\/{rel}","templated":true}]}}