{"id":154455,"date":"2025-04-29T18:54:37","date_gmt":"2025-04-29T23:54:37","guid":{"rendered":"https:\/\/www.uv.mx\/prensa\/?p=154455"},"modified":"2025-04-29T18:54:37","modified_gmt":"2025-04-29T23:54:37","slug":"egresados-analizaron-aportes-de-salmeron-y-villoro-a-la-filosofia-mexicana","status":"publish","type":"post","link":"https:\/\/www.uv.mx\/prensa\/general\/egresados-analizaron-aportes-de-salmeron-y-villoro-a-la-filosofia-mexicana\/","title":{"rendered":"Egresados analizaron aportes de Salmer\u00f3n y Villoro a la filosof\u00eda mexicana"},"content":{"rendered":"<ul>\n<li data-leveltext=\"\uf0b7\" data-font=\"Symbol\" data-listid=\"1\" data-list-defn-props=\"{&quot;335552541&quot;:1,&quot;335559685&quot;:720,&quot;335559991&quot;:360,&quot;469769226&quot;:&quot;Symbol&quot;,&quot;469769242&quot;:[8226],&quot;469777803&quot;:&quot;left&quot;,&quot;469777804&quot;:&quot;\uf0b7&quot;,&quot;469777815&quot;:&quot;hybridMultilevel&quot;}\" data-aria-posinset=\"1\" data-aria-level=\"1\"><i><span data-contrast=\"auto\">Jos\u00e9 Luis Reyes Santos y Alberto P\u00e9rez Salgado participaron en la mesa \u201cFilosof\u00eda en M\u00e9xico en el siglo XX: Salmer\u00f3n y Villoro\u201d<\/span><\/i><span data-ccp-props=\"{&quot;335559739&quot;:0}\">\u00a0<\/span><\/li>\n<\/ul>\n<ul>\n<li data-leveltext=\"\uf0b7\" data-font=\"Symbol\" data-listid=\"1\" data-list-defn-props=\"{&quot;335552541&quot;:1,&quot;335559685&quot;:720,&quot;335559991&quot;:360,&quot;469769226&quot;:&quot;Symbol&quot;,&quot;469769242&quot;:[8226],&quot;469777803&quot;:&quot;left&quot;,&quot;469777804&quot;:&quot;\uf0b7&quot;,&quot;469777815&quot;:&quot;hybridMultilevel&quot;}\" data-aria-posinset=\"2\" data-aria-level=\"1\"><i><span data-contrast=\"auto\">Coincidieron en que la filosof\u00eda mexicana del siglo XXI debe seguir siendo un espacio de cr\u00edtica, autenticidad y compromiso con la comunidad<\/span><\/i><span data-ccp-props=\"{&quot;335559739&quot;:0}\">\u00a0<\/span><\/li>\n<\/ul>\n<p><span data-ccp-props=\"{&quot;335559739&quot;:0}\">\u00a0<\/span><\/p>\n<div id=\"attachment_154257\" style=\"width: 732px\" class=\"wp-caption aligncenter\"><img loading=\"lazy\" decoding=\"async\" aria-describedby=\"caption-attachment-154257\" class=\"size-full wp-image-154257\" src=\"https:\/\/www.uv.mx\/prensa\/files\/2025\/04\/240425-PAOLA-Salmeron-y-Villoro-1.jpg\" alt=\"En la Mesa de di\u00e1logo \u201cFilosof\u00eda en M\u00e9xico en el siglo XX\u201d, los ponentes reflexionaron sobre aportes de Fernando Salmer\u00f3n y Luis Villoro \" width=\"722\" height=\"439\" srcset=\"https:\/\/www.uv.mx\/prensa\/files\/2025\/04\/240425-PAOLA-Salmeron-y-Villoro-1.jpg 722w, https:\/\/www.uv.mx\/prensa\/files\/2025\/04\/240425-PAOLA-Salmeron-y-Villoro-1-300x182.jpg 300w\" sizes=\"auto, (max-width: 722px) 100vw, 722px\" \/><p id=\"caption-attachment-154257\" class=\"wp-caption-text\">En la Mesa de di\u00e1logo \u201cFilosof\u00eda en M\u00e9xico en el siglo XX\u201d, los ponentes reflexionaron sobre aportes de Fernando Salmer\u00f3n y Luis Villoro<\/p><\/div>\n<p>&nbsp;<\/p>\n<p><b><i><span data-contrast=\"auto\">Paola Cort\u00e9s P\u00e9rez<\/span><\/i><\/b><span data-ccp-props=\"{&quot;335559739&quot;:0}\">\u00a0<\/span><\/p>\n<p><b><i><span data-contrast=\"auto\">Fotos: Omar Portilla Palacios<\/span><\/i><\/b><\/p>\n<p><b><i><span data-contrast=\"auto\">29\/04\/2025, Xalapa, Ver.-<\/span><\/i><\/b><span data-contrast=\"auto\"> Jos\u00e9 Luis Reyes Santos y Alberto P\u00e9rez Salgado, egresados de esta casa de estudios, analizaron los puntos de convergencia y tensiones en las obras de los fil\u00f3sofos mexicanos Fernando Salmer\u00f3n y Luis Villoro, destacando su papel en la consolidaci\u00f3n de una filosof\u00eda profesional y aut\u00e9ntica en M\u00e9xico.<\/span><span data-ccp-props=\"{&quot;335559739&quot;:0}\">\u00a0<\/span><\/p>\n<p><span data-contrast=\"auto\">Lo anterior, al participar en la Mesa de di\u00e1logo \u201cFilosof\u00eda en M\u00e9xico en el siglo XX: Salmer\u00f3n y Villoro\u201d, como parte del Coloquio Homenaje \u201c\u00c9tica, filosof\u00eda y racionalidad pr\u00e1ctica: 100 a\u00f1os de Fernando Salmer\u00f3n\u201d, organizado por la Facultad de Filosof\u00eda y el Instituto de Filosof\u00eda de la Universidad Veracruzana (UV).<\/span><span data-ccp-props=\"{&quot;335559731&quot;:708,&quot;335559739&quot;:0}\">\u00a0<\/span><\/p>\n<p><span data-contrast=\"auto\">El encuentro acad\u00e9mico tuvo como sede el Sal\u00f3n Azul de la Unidad Acad\u00e9mica de Humanidades, y ah\u00ed los ponentes exploraron las contribuciones de dos de los fil\u00f3sofos m\u00e1s influyentes del pensamiento mexicano contempor\u00e1neo: Fernando Salmer\u00f3n y Luis Villoro.<\/span><span data-ccp-props=\"{&quot;335559731&quot;:708,&quot;335559739&quot;:0}\">\u00a0<\/span><\/p>\n<p><span data-contrast=\"auto\">Jos\u00e9 Luis Reyes centr\u00f3 su exposici\u00f3n en la trayectoria intelectual de Fernando Salmer\u00f3n; destac\u00f3 su formaci\u00f3n con el tambi\u00e9n fil\u00f3sofo Jos\u00e9 Gaos y su participaci\u00f3n en los seminarios filos\u00f3ficos que marcaban una clara distinci\u00f3n entre el an\u00e1lisis monogr\u00e1fico y la reflexi\u00f3n cr\u00edtica.<\/span><span data-ccp-props=\"{&quot;335559731&quot;:708,&quot;335559739&quot;:0}\">\u00a0<\/span><\/p>\n<p><span data-contrast=\"auto\">Salmer\u00f3n, se\u00f1al\u00f3 Reyes Santos, fue parte de una generaci\u00f3n que apost\u00f3 por una filosof\u00eda rigurosa, articulada desde la educaci\u00f3n, la \u00e9tica y el derecho. En este sentido, \u201cse interes\u00f3 no solo por la cultura filos\u00f3fica en M\u00e9xico, tambi\u00e9n por su expansi\u00f3n hacia Latinoam\u00e9rica e Hispanoam\u00e9rica\u201d.<\/span><\/p>\n<div id=\"attachment_154256\" style=\"width: 732px\" class=\"wp-caption aligncenter\"><img loading=\"lazy\" decoding=\"async\" aria-describedby=\"caption-attachment-154256\" class=\"size-full wp-image-154256\" src=\"https:\/\/www.uv.mx\/prensa\/files\/2025\/04\/240425-PAOLA-Salmeron-y-Villoro-2.jpg\" alt=\"Jos\u00e9 Luis Reyes centr\u00f3 su exposici\u00f3n en la trayectoria intelectual de Fernando Salmer\u00f3n \" width=\"722\" height=\"445\" srcset=\"https:\/\/www.uv.mx\/prensa\/files\/2025\/04\/240425-PAOLA-Salmeron-y-Villoro-2.jpg 722w, https:\/\/www.uv.mx\/prensa\/files\/2025\/04\/240425-PAOLA-Salmeron-y-Villoro-2-300x185.jpg 300w\" sizes=\"auto, (max-width: 722px) 100vw, 722px\" \/><p id=\"caption-attachment-154256\" class=\"wp-caption-text\">Jos\u00e9 Luis Reyes centr\u00f3 su exposici\u00f3n en la trayectoria intelectual de Fernando Salmer\u00f3n<\/p><\/div>\n<p>&nbsp;<\/p>\n<p><span data-contrast=\"auto\">El ponente subray\u00f3 tambi\u00e9n la participaci\u00f3n del homenajeado en la creaci\u00f3n de instituciones educativas clave, como la Facultad de Filosof\u00eda y Letras, y su aporte en textos fundamentales como <\/span><i><span data-contrast=\"auto\">Filosof\u00eda en M\u00e9xico de 1950 a 1975<\/span><\/i><span data-contrast=\"auto\"> y <\/span><i><span data-contrast=\"auto\">Notas sobre la cultura filos\u00f3fica en M\u00e9xico<\/span><\/i><span data-contrast=\"auto\">; en estos escritos expres\u00f3 la necesidad de construir una identidad en la filosof\u00eda mexicana.<\/span><span data-ccp-props=\"{&quot;335559731&quot;:708,&quot;335559739&quot;:0}\">\u00a0<\/span><\/p>\n<p><span data-contrast=\"auto\">Por su parte, Alberto P\u00e9rez contextualiz\u00f3 el desarrollo de la filosof\u00eda en M\u00e9xico desde la llegada de los transterrados o exiliados espa\u00f1oles, como Jos\u00e9 Gaos y Mar\u00eda Zambrano, cuyo legado intelectual dot\u00f3 a los pensadores mexicanos de herramientas metodol\u00f3gicas para profesionalizar la disciplina. A partir de esta herencia surgieron dos preguntas clave: \u00bfqu\u00e9 es la filosof\u00eda mexicana? y \u00bfc\u00f3mo se constituye?<\/span><span data-ccp-props=\"{&quot;335559731&quot;:708,&quot;335559739&quot;:0}\">\u00a0<\/span><\/p>\n<p><span data-contrast=\"auto\">Desde este punto, P\u00e9rez Salgado abord\u00f3 la perspectiva de Luis Villoro, quien distingu\u00eda entre originalidad y autenticidad. Para \u00e9l, hacer filosof\u00eda aut\u00e9ntica no implicaba simplemente romper con las corrientes occidentales, sino \u201chablar desde ellas\u201d, desde el contexto y las necesidades de la sociedad mexicana, esta b\u00fasqueda de autenticidad se tradujo en un pensamiento que deb\u00eda responder a la realidad concreta, no solo en t\u00e9rminos abstractos.<\/span><span data-ccp-props=\"{&quot;335559731&quot;:708,&quot;335559739&quot;:0}\">\u00a0<\/span><\/p>\n<p><span data-contrast=\"auto\">En este punto, Villoro y Salmer\u00f3n coinciden: \u201cLa filosof\u00eda debe ser \u00fatil para el mundo\u201d, se\u00f1al\u00f3 Alberto P\u00e9rez, aludiendo a una tensi\u00f3n central en sus pensamientos entre el di\u00e1logo interior de la raz\u00f3n y la demanda de la comunidad; para ambos, esta disciplina deb\u00eda ser una operaci\u00f3n concreta ejecutada desde una situaci\u00f3n determinada, como afirmaba Salmer\u00f3n.<\/span><\/p>\n<div id=\"attachment_154258\" style=\"width: 732px\" class=\"wp-caption aligncenter\"><img loading=\"lazy\" decoding=\"async\" aria-describedby=\"caption-attachment-154258\" class=\"size-full wp-image-154258\" src=\"https:\/\/www.uv.mx\/prensa\/files\/2025\/04\/240425-PAOLA-Salmeron-y-Villoro-3.jpg\" alt=\"Alberto P\u00e9rez contextualiz\u00f3 el desarrollo de la filosof\u00eda en M\u00e9xico desde la llegada de los exiliados espa\u00f1oles \" width=\"722\" height=\"476\" srcset=\"https:\/\/www.uv.mx\/prensa\/files\/2025\/04\/240425-PAOLA-Salmeron-y-Villoro-3.jpg 722w, https:\/\/www.uv.mx\/prensa\/files\/2025\/04\/240425-PAOLA-Salmeron-y-Villoro-3-300x198.jpg 300w\" sizes=\"auto, (max-width: 722px) 100vw, 722px\" \/><p id=\"caption-attachment-154258\" class=\"wp-caption-text\">Alberto P\u00e9rez contextualiz\u00f3 el desarrollo de la filosof\u00eda en M\u00e9xico desde la llegada de los exiliados espa\u00f1oles<\/p><\/div>\n<p>&nbsp;<\/p>\n<p><span data-contrast=\"auto\">Tambi\u00e9n compartieron una fuerte cr\u00edtica a la enajenaci\u00f3n institucional. Si bien fueron impulsores de la profesionalizaci\u00f3n filos\u00f3fica en el pa\u00eds, advirtieron sobre el riesgo de que esta se convirtiera en servidumbre acad\u00e9mica.<\/span><span data-ccp-props=\"{&quot;335559731&quot;:708,&quot;335559739&quot;:0}\">\u00a0<\/span><\/p>\n<p><span data-contrast=\"auto\">\u201cFilosofar con la comunidad no es corresponder ciegamente con la instituci\u00f3n\u201d, destac\u00f3 Alberto P\u00e9rez, subrayando que tanto Salmer\u00f3n como Villoro concibieron el filosofar como un acto dial\u00f3gico y \u00e9tico.<\/span><span data-ccp-props=\"{&quot;335559731&quot;:708,&quot;335559739&quot;:0}\">\u00a0<\/span><\/p>\n<p><span data-contrast=\"auto\">Luis Villoro, particularmente en su teor\u00eda de la justicia, part\u00eda no de principios universales, sino de la experiencia personal, del sufrimiento real, como el de los grupos originarios excluidos del discurso dominante; esta postura coincid\u00eda con la visi\u00f3n de Fernando Salmer\u00f3n sobre la ense\u00f1anza de la filosof\u00eda como un proceso formativo centrado en formular preguntas relevantes desde el presente.<\/span><span data-ccp-props=\"{&quot;335559731&quot;:708,&quot;335559739&quot;:0}\">\u00a0<\/span><\/p>\n<p><span data-contrast=\"auto\">Jos\u00e9 Luis Reyes y Alberto P\u00e9rez coincidieron en que la filosof\u00eda mexicana del siglo XXI debe seguir siendo un espacio de cr\u00edtica, autenticidad y compromiso con la comunidad, como bien lo se\u00f1al\u00f3 Salmer\u00f3n, el di\u00e1logo es el elemento primordial; pero si este se cierra ya no habr\u00e1 nada que decir y, por lo mismo, ya no habr\u00e1 filosof\u00eda que hacer.<\/span><span data-ccp-props=\"{&quot;335559731&quot;:708,&quot;335559739&quot;:0}\">\u00a0<\/span><\/p>\n","protected":false},"excerpt":{"rendered":"<p>En el marco del Coloquio Homenaje \u201c\u00c9tica, filosof\u00eda y racionalidad pr\u00e1ctica: 100 a\u00f1os de Fernando Salmer\u00f3n\u201d <\/p>\n","protected":false},"author":1775,"featured_media":154255,"comment_status":"closed","ping_status":"closed","sticky":false,"template":"","format":"standard","meta":{"footnotes":""},"categories":[1,61],"tags":[16683,23504,10888,171,23505,172,11270,17140,23658,23596,23660,2750,6462,4164,23659,5876,13649],"class_list":["post-154455","post","type-post","status-publish","format-standard","has-post-thumbnail","hentry","category-general","category-banner","tag-alberto-perez-salgado","tag-coloquio-homenaje","tag-etica","tag-facultad-de-filosofia","tag-fernando-salmeron","tag-filosofia","tag-instituto-de-filosofia","tag-jose-gaos","tag-jose-luis-reyes-santos","tag-luis-villoro","tag-maria-zambrano","tag-mesa-de-dialogo","tag-omar-portilla-palacios","tag-paola-cortes-perez","tag-racionalidad-practica","tag-salon-azul","tag-unidad-academica-de-humanidades"],"_links":{"self":[{"href":"https:\/\/www.uv.mx\/prensa\/wp-json\/wp\/v2\/posts\/154455","targetHints":{"allow":["GET"]}}],"collection":[{"href":"https:\/\/www.uv.mx\/prensa\/wp-json\/wp\/v2\/posts"}],"about":[{"href":"https:\/\/www.uv.mx\/prensa\/wp-json\/wp\/v2\/types\/post"}],"author":[{"embeddable":true,"href":"https:\/\/www.uv.mx\/prensa\/wp-json\/wp\/v2\/users\/1775"}],"replies":[{"embeddable":true,"href":"https:\/\/www.uv.mx\/prensa\/wp-json\/wp\/v2\/comments?post=154455"}],"version-history":[{"count":1,"href":"https:\/\/www.uv.mx\/prensa\/wp-json\/wp\/v2\/posts\/154455\/revisions"}],"predecessor-version":[{"id":154456,"href":"https:\/\/www.uv.mx\/prensa\/wp-json\/wp\/v2\/posts\/154455\/revisions\/154456"}],"wp:featuredmedia":[{"embeddable":true,"href":"https:\/\/www.uv.mx\/prensa\/wp-json\/wp\/v2\/media\/154255"}],"wp:attachment":[{"href":"https:\/\/www.uv.mx\/prensa\/wp-json\/wp\/v2\/media?parent=154455"}],"wp:term":[{"taxonomy":"category","embeddable":true,"href":"https:\/\/www.uv.mx\/prensa\/wp-json\/wp\/v2\/categories?post=154455"},{"taxonomy":"post_tag","embeddable":true,"href":"https:\/\/www.uv.mx\/prensa\/wp-json\/wp\/v2\/tags?post=154455"}],"curies":[{"name":"wp","href":"https:\/\/api.w.org\/{rel}","templated":true}]}}