{"id":154404,"date":"2025-04-28T17:54:45","date_gmt":"2025-04-28T22:54:45","guid":{"rendered":"https:\/\/www.uv.mx\/prensa\/?p=154404"},"modified":"2025-04-28T17:54:45","modified_gmt":"2025-04-28T22:54:45","slug":"uv-promueve-uso-responsable-de-energia-agua-y-gestion-de-residuos-solidos","status":"publish","type":"post","link":"https:\/\/www.uv.mx\/prensa\/general\/uv-promueve-uso-responsable-de-energia-agua-y-gestion-de-residuos-solidos\/","title":{"rendered":"UV promueve uso responsable de energ\u00eda, agua y gesti\u00f3n de residuos s\u00f3lidos"},"content":{"rendered":"<ul>\n<li data-leveltext=\"\uf0b7\" data-font=\"Symbol\" data-listid=\"2\" data-list-defn-props=\"{&quot;335552541&quot;:1,&quot;335559685&quot;:720,&quot;335559991&quot;:360,&quot;469769226&quot;:&quot;Symbol&quot;,&quot;469769242&quot;:[8226],&quot;469777803&quot;:&quot;left&quot;,&quot;469777804&quot;:&quot;\uf0b7&quot;,&quot;469777815&quot;:&quot;hybridMultilevel&quot;}\" data-aria-posinset=\"1\" data-aria-level=\"1\"><span data-contrast=\"auto\">Cosustenta<\/span><i><span data-contrast=\"auto\"> imparti\u00f3 cursos a personal del SETSUV de las cinco regiones universitarias<\/span><\/i><span data-ccp-props=\"{&quot;201341983&quot;:0,&quot;335559739&quot;:0,&quot;335559740&quot;:240}\">\u00a0<\/span><\/li>\n<\/ul>\n<ul>\n<li data-leveltext=\"\uf0b7\" data-font=\"Symbol\" data-listid=\"2\" data-list-defn-props=\"{&quot;335552541&quot;:1,&quot;335559685&quot;:720,&quot;335559991&quot;:360,&quot;469769226&quot;:&quot;Symbol&quot;,&quot;469769242&quot;:[8226],&quot;469777803&quot;:&quot;left&quot;,&quot;469777804&quot;:&quot;\uf0b7&quot;,&quot;469777815&quot;:&quot;hybridMultilevel&quot;}\" data-aria-posinset=\"2\" data-aria-level=\"1\"><i><span data-contrast=\"auto\">\u201cEnfrentamos una crisis h\u00eddrica sin precedentes y necesitamos sumar esfuerzos\u201d, destac\u00f3 Laura Bello Benavides<\/span><\/i><span data-ccp-props=\"{&quot;201341983&quot;:0,&quot;335559739&quot;:0,&quot;335559740&quot;:240}\">\u00a0<\/span><\/li>\n<\/ul>\n<p><span data-ccp-props=\"{&quot;201341983&quot;:0,&quot;335559739&quot;:0,&quot;335559740&quot;:240}\">\u00a0<\/span><\/p>\n<div id=\"attachment_154396\" style=\"width: 732px\" class=\"wp-caption aligncenter\"><img loading=\"lazy\" decoding=\"async\" aria-describedby=\"caption-attachment-154396\" class=\"size-full wp-image-154396\" src=\"https:\/\/www.uv.mx\/prensa\/files\/2025\/04\/280425-COUTTOLENC-Curso-CoSustenta-a-SETSUV-1.jpg\" alt=\"\" width=\"722\" height=\"300\" srcset=\"https:\/\/www.uv.mx\/prensa\/files\/2025\/04\/280425-COUTTOLENC-Curso-CoSustenta-a-SETSUV-1.jpg 722w, https:\/\/www.uv.mx\/prensa\/files\/2025\/04\/280425-COUTTOLENC-Curso-CoSustenta-a-SETSUV-1-300x125.jpg 300w\" sizes=\"auto, (max-width: 722px) 100vw, 722px\" \/><p id=\"caption-attachment-154396\" class=\"wp-caption-text\">Laura Bello Benavides inaugur\u00f3 curso \u201cABC del consumo responsable del agua, energ\u00eda y gesti\u00f3n de residuos s\u00f3lidos urbanos\u201d, dirigido a trabajadores del SETSUV<\/p><\/div>\n<p><span data-ccp-props=\"{&quot;201341983&quot;:0,&quot;335559739&quot;:0,&quot;335559740&quot;:240}\">\u00a0<\/span><\/p>\n<p><b><i><span data-contrast=\"auto\">Jos\u00e9 Luis Couttolenc Soto<\/span><\/i><\/b><span data-ccp-props=\"{&quot;201341983&quot;:0,&quot;335559739&quot;:0,&quot;335559740&quot;:240}\">\u00a0<\/span><\/p>\n<p><b><i><span data-contrast=\"auto\">Fotos: C\u00e9sar Pisil Ramos<\/span><\/i><\/b><span data-ccp-props=\"{&quot;201341983&quot;:0,&quot;335559739&quot;:0,&quot;335559740&quot;:240}\">\u00a0<\/span><\/p>\n<p><b><i><span data-contrast=\"auto\">28\/04\/2025, Xalapa, Ver.- <\/span><\/i><\/b><span data-contrast=\"auto\">Laura Bello Benavides, titular de la Coordinaci\u00f3n Universitaria para la Sustentabilidad (<\/span><i><span data-contrast=\"auto\">Cosustenta<\/span><\/i><span data-contrast=\"auto\">) de la Universidad Veracruzana (UV), destac\u00f3 que M\u00e9xico, como muchos otros pa\u00edses del mundo, enfrenta una crisis h\u00eddrica sin precedentes que hace necesario sumar esfuerzos para enfrentar el problema, a partir del uso responsable e inteligente de los recursos naturales.<\/span><span data-ccp-props=\"{&quot;201341983&quot;:0,&quot;335559739&quot;:0,&quot;335559740&quot;:240}\">\u00a0<\/span><\/p>\n<p><span data-contrast=\"auto\">El llamado lo hizo al inaugurar el curso \u201cABC del consumo responsable del agua, energ\u00eda y gesti\u00f3n de residuos s\u00f3lidos urbanos\u201d, dirigido a personal del Sindicato Estatal de Trabajadores al Servicio de la Universidad Veracruzana (SETSUV), promovido por la Direcci\u00f3n General de Recursos Humanos, a trav\u00e9s del Departamento de Evaluaci\u00f3n y Desarrollo del Personal.<\/span><\/p>\n<p>&nbsp;<\/p>\n<div id=\"attachment_154395\" style=\"width: 732px\" class=\"wp-caption aligncenter\"><img loading=\"lazy\" decoding=\"async\" aria-describedby=\"caption-attachment-154395\" class=\"size-full wp-image-154395\" src=\"https:\/\/www.uv.mx\/prensa\/files\/2025\/04\/280425-COUTTOLENC-Curso-CoSustenta-a-SETSUV-2.jpg\" alt=\"\" width=\"722\" height=\"482\" srcset=\"https:\/\/www.uv.mx\/prensa\/files\/2025\/04\/280425-COUTTOLENC-Curso-CoSustenta-a-SETSUV-2.jpg 722w, https:\/\/www.uv.mx\/prensa\/files\/2025\/04\/280425-COUTTOLENC-Curso-CoSustenta-a-SETSUV-2-300x200.jpg 300w\" sizes=\"auto, (max-width: 722px) 100vw, 722px\" \/><p id=\"caption-attachment-154395\" class=\"wp-caption-text\">Mar\u00eda de los \u00c1ngeles Chamorro Z\u00e1rate, coordinadora regional de Sustentabilidad<\/p><\/div>\n<p><span data-ccp-props=\"{&quot;201341983&quot;:0,&quot;335559739&quot;:0,&quot;335559740&quot;:240}\">\u00a0<\/span><\/p>\n<p><span data-contrast=\"auto\">La capacitaci\u00f3n tuvo lugar durante febrero, marzo y abril en las cinco regiones en donde esta casa de estudios tiene presencia. En Xalapa se llev\u00f3 a cabo en la sala de videoconferencias de la Unidad de Servicios Bibliotecarios y de Informaci\u00f3n (USBI).<\/span><span data-ccp-props=\"{&quot;201341983&quot;:0,&quot;335559731&quot;:708,&quot;335559739&quot;:0,&quot;335559740&quot;:240}\">\u00a0<\/span><\/p>\n<p><span data-contrast=\"auto\">Bello Benavides dijo que el curso es el inicio de un programa de mayor calado con acciones que se ver\u00e1n reflejadas en el uso adecuado y eficiente de los bienes naturales.<\/span><span data-ccp-props=\"{&quot;201341983&quot;:0,&quot;335559731&quot;:708,&quot;335559739&quot;:0,&quot;335559740&quot;:240}\">\u00a0<\/span><\/p>\n<p><span data-contrast=\"auto\">Detall\u00f3 que los temas que se abordan est\u00e1n a cargo de especialistas de <\/span><i><span data-contrast=\"auto\">Cosustenta <\/span><\/i><span data-contrast=\"auto\">como Ariadna Tercero P\u00e9rez, responsable del eje de Ecosalud; Mar\u00eda de los \u00c1ngeles Chamorro Z\u00e1rate, coordinadora regional de Sustentabilidad; Rafael Ortega Sol\u00eds, del eje Gesti\u00f3n integrada de \u00e1reas verdes; Andr\u00e9s Segura Dom\u00ednguez, de Administraci\u00f3n y gesti\u00f3n de energ\u00eda; Ra\u00fal Vel\u00e1zquez de la Cruz, de Gesti\u00f3n de indicadores de agua, energ\u00eda y residuos s\u00f3lidos urbanos, entre otros.<\/span><span data-ccp-props=\"{&quot;201341983&quot;:0,&quot;335559739&quot;:0,&quot;335559740&quot;:240}\">\u00a0<\/span><\/p>\n<p>&nbsp;<\/p>\n<div id=\"attachment_154397\" style=\"width: 732px\" class=\"wp-caption aligncenter\"><img loading=\"lazy\" decoding=\"async\" aria-describedby=\"caption-attachment-154397\" class=\"size-full wp-image-154397\" src=\"https:\/\/www.uv.mx\/prensa\/files\/2025\/04\/280425-COUTTOLENC-Curso-CoSustenta-a-SETSUV-3.jpg\" alt=\"\" width=\"722\" height=\"324\" srcset=\"https:\/\/www.uv.mx\/prensa\/files\/2025\/04\/280425-COUTTOLENC-Curso-CoSustenta-a-SETSUV-3.jpg 722w, https:\/\/www.uv.mx\/prensa\/files\/2025\/04\/280425-COUTTOLENC-Curso-CoSustenta-a-SETSUV-3-300x135.jpg 300w\" sizes=\"auto, (max-width: 722px) 100vw, 722px\" \/><p id=\"caption-attachment-154397\" class=\"wp-caption-text\">Especialistas de <em>Cosustenta<\/em> capacitaron a trabajadores del SETSUV sobre acciones que se ver\u00e1n reflejadas en el uso adecuado y eficiente de bienes naturales<\/p><\/div>\n<p>&nbsp;<\/p>\n<p><span data-contrast=\"auto\">ABC del consumo responsable del agua, energ\u00eda y gesti\u00f3n de residuos s\u00f3lidos urbanos, apunt\u00f3, constituye una iniciativa que busca fomentar el uso eficiente de los recursos y fortalecer las pr\u00e1cticas sustentables al interior de la Universidad Veracruzana.<\/span><span data-ccp-props=\"{&quot;201341983&quot;:0,&quot;335559739&quot;:0,&quot;335559740&quot;:240}\">\u00a0<\/span><\/p>\n<p><span data-contrast=\"auto\">\u201cEs un curso de muy buen nivel, esperamos que esto redunde en beneficio para toda la comunidad\u201d, dijo.<\/span><\/p>\n","protected":false},"excerpt":{"rendered":"<p>A trav\u00e9s del curso \u201cABC del consumo responsable del agua, energ\u00eda y gesti\u00f3n de residuos s\u00f3lidos urbanos\u201d, impartido por CoSustenta y dirigido a personal del SETSUV de las cinco regiones universitarias<\/p>\n","protected":false},"author":1869,"featured_media":154394,"comment_status":"closed","ping_status":"closed","sticky":false,"template":"","format":"standard","meta":{"footnotes":""},"categories":[1,61,6299],"tags":[23643,23641,9846,6263,10247,23637,23640,9674,10366,23642,23638,23645,23644,4162,5583,7197,21718,20793,23639,10109,20311],"class_list":["post-154404","post","type-post","status-publish","format-standard","has-post-thumbnail","hentry","category-general","category-banner","category-sustentabilidad","tag-administracion-y-gestion-de-energia","tag-andres-segura-dominguez","tag-ariadna-tercero-perez","tag-cesar-pisil-ramos","tag-coordinacion-universitaria-para-la-sustentabilidad-cosustenta","tag-curso-abc-del-consumo-responsable-del-agua","tag-departamento-de-evaluacion-y-desarrollo-del-personal","tag-direccion-general-de-recursos-humanos","tag-ecosalud","tag-eje-gestion-integrada-de-areas-verdes","tag-energia-y-gestion-de-residuos-solidos-urbanos","tag-energia-y-residuos-solidos-urbanos","tag-gestion-de-indicadores-de-agua","tag-jose-luis-couttolenc-soto","tag-laura-bello-benavides","tag-maria-de-los-angeles-chamorro-zarate","tag-rafael-ortega-solis","tag-raul-velazquez-de-la-cruz","tag-sindicato-estatal-de-trabajadores-al-servicio-de-la-universidad-veracruzana-setsuv","tag-unidad-de-servicios-bibliotecarios-y-de-informacion-usbi","tag-universidad-veracruzana-uv"],"_links":{"self":[{"href":"https:\/\/www.uv.mx\/prensa\/wp-json\/wp\/v2\/posts\/154404","targetHints":{"allow":["GET"]}}],"collection":[{"href":"https:\/\/www.uv.mx\/prensa\/wp-json\/wp\/v2\/posts"}],"about":[{"href":"https:\/\/www.uv.mx\/prensa\/wp-json\/wp\/v2\/types\/post"}],"author":[{"embeddable":true,"href":"https:\/\/www.uv.mx\/prensa\/wp-json\/wp\/v2\/users\/1869"}],"replies":[{"embeddable":true,"href":"https:\/\/www.uv.mx\/prensa\/wp-json\/wp\/v2\/comments?post=154404"}],"version-history":[{"count":1,"href":"https:\/\/www.uv.mx\/prensa\/wp-json\/wp\/v2\/posts\/154404\/revisions"}],"predecessor-version":[{"id":154405,"href":"https:\/\/www.uv.mx\/prensa\/wp-json\/wp\/v2\/posts\/154404\/revisions\/154405"}],"wp:featuredmedia":[{"embeddable":true,"href":"https:\/\/www.uv.mx\/prensa\/wp-json\/wp\/v2\/media\/154394"}],"wp:attachment":[{"href":"https:\/\/www.uv.mx\/prensa\/wp-json\/wp\/v2\/media?parent=154404"}],"wp:term":[{"taxonomy":"category","embeddable":true,"href":"https:\/\/www.uv.mx\/prensa\/wp-json\/wp\/v2\/categories?post=154404"},{"taxonomy":"post_tag","embeddable":true,"href":"https:\/\/www.uv.mx\/prensa\/wp-json\/wp\/v2\/tags?post=154404"}],"curies":[{"name":"wp","href":"https:\/\/api.w.org\/{rel}","templated":true}]}}