{"id":154358,"date":"2025-04-25T22:14:57","date_gmt":"2025-04-26T03:14:57","guid":{"rendered":"https:\/\/www.uv.mx\/prensa\/?p=154358"},"modified":"2025-04-30T11:51:22","modified_gmt":"2025-04-30T16:51:22","slug":"deporte-fundamental-en-formacion-integral-universitaria-rector","status":"publish","type":"post","link":"https:\/\/www.uv.mx\/prensa\/general\/deporte-fundamental-en-formacion-integral-universitaria-rector\/","title":{"rendered":"Deporte, fundamental en formaci\u00f3n integral universitaria: Rector"},"content":{"rendered":"<ul>\n<li data-leveltext=\"\uf0b7\" data-font=\"Symbol\" data-listid=\"6\" data-list-defn-props=\"{&quot;335552541&quot;:1,&quot;335559685&quot;:720,&quot;335559991&quot;:360,&quot;469769226&quot;:&quot;Symbol&quot;,&quot;469769242&quot;:[8226],&quot;469777803&quot;:&quot;left&quot;,&quot;469777804&quot;:&quot;\uf0b7&quot;,&quot;469777815&quot;:&quot;hybridMultilevel&quot;}\" data-aria-posinset=\"1\" data-aria-level=\"1\"><i><span data-contrast=\"auto\">Mart\u00edn Aguilar inaugur\u00f3 una cubierta de cancha y un campo deportivo en el Campus Ixtaczoquitl\u00e1n de la regi\u00f3n Orizaba-C\u00f3rdoba\u00a0<\/span><\/i><span data-ccp-props=\"{}\">\u00a0<\/span><\/li>\n<\/ul>\n<ul>\n<li data-leveltext=\"\uf0b7\" data-font=\"Symbol\" data-listid=\"6\" data-list-defn-props=\"{&quot;335552541&quot;:1,&quot;335559685&quot;:720,&quot;335559991&quot;:360,&quot;469769226&quot;:&quot;Symbol&quot;,&quot;469769242&quot;:[8226],&quot;469777803&quot;:&quot;left&quot;,&quot;469777804&quot;:&quot;\uf0b7&quot;,&quot;469777815&quot;:&quot;hybridMultilevel&quot;}\" data-aria-posinset=\"2\" data-aria-level=\"1\"><i><span data-contrast=\"auto\">Se podr\u00e1n realizar m\u00faltiples actividades deportivas, acad\u00e9micas y culturales.<\/span><\/i><span data-ccp-props=\"{}\">\u00a0<\/span><\/li>\n<\/ul>\n<p><span data-ccp-props=\"{}\">\u00a0<\/span><\/p>\n<div id=\"attachment_154349\" style=\"width: 732px\" class=\"wp-caption aligncenter\"><img loading=\"lazy\" decoding=\"async\" aria-describedby=\"caption-attachment-154349\" class=\"size-full wp-image-154349\" src=\"https:\/\/www.uv.mx\/prensa\/files\/2025\/04\/250425-CARLOS-Cancha-Iztac-1-100k.jpg\" alt=\"Comunidad universitaria del Campus Ixtaczoquitl\u00e1n, regi\u00f3n Orizaba-C\u00f3rdoba, celebr\u00f3 la inauguraci\u00f3n de obras deportivas \" width=\"722\" height=\"482\" \/><p id=\"caption-attachment-154349\" class=\"wp-caption-text\">Comunidad universitaria del Campus Ixtaczoquitl\u00e1n, regi\u00f3n Orizaba-C\u00f3rdoba, celebr\u00f3 la inauguraci\u00f3n de obras deportivas<\/p><\/div>\n<p>&nbsp;<\/p>\n<p><b><i><span data-contrast=\"auto\">Carlos Hugo Hermida Rosales<\/span><\/i><\/b><span data-ccp-props=\"{}\">\u00a0<\/span><\/p>\n<p><b><i><span data-contrast=\"auto\">Fotos: Rodolfo de Jes\u00fas P\u00e9rez Carmona\u202f<\/span><\/i><\/b><\/p>\n<p><b><i><span data-contrast=\"auto\">25\/04\/2025, Ixtaczoquitl\u00e1n, Ver<\/span><\/i><\/b><span data-contrast=\"auto\">. \u201cLa parte deportiva es fundamental en la formaci\u00f3n integral de estudiantes, profesionistas y todos quienes realizan alguna actividad\u201d, enfatiz\u00f3 Mart\u00edn Aguilar S\u00e1nchez, rector de la Universidad Veracruzana (UV), al inaugurar una cubierta de cancha y un campo para la pr\u00e1ctica de futbol soccer, en el Campus Ixtaczoquitl\u00e1n de la regi\u00f3n Orizaba-C\u00f3rdoba.<\/span><span data-ccp-props=\"{}\">\u00a0<\/span><\/p>\n<p><span data-contrast=\"auto\">\u00a0Acompa\u00f1ado de autoridades y comunidad universitaria de esta regi\u00f3n, el Rector, en su discurso, mencion\u00f3 que el desarrollo deportivo es primordial en el cuidado de la salud y un elemento fundamental en el crecimiento intelectual.<\/span><span data-ccp-props=\"{&quot;335559731&quot;:708}\">\u00a0<\/span><\/p>\n<p><span data-contrast=\"auto\">Al compartir detalles de la cubierta de la cancha, explic\u00f3 que, junto con la inaugurada recientemente en la Facultad de Ciencias Qu\u00edmicas, son las primeras en su tipo en toda la Universidad.\u00a0<\/span><\/p>\n<div id=\"attachment_154350\" style=\"width: 732px\" class=\"wp-caption aligncenter\"><img loading=\"lazy\" decoding=\"async\" aria-describedby=\"caption-attachment-154350\" class=\"size-full wp-image-154350\" src=\"https:\/\/www.uv.mx\/prensa\/files\/2025\/04\/250425-CARLOS-Cancha-Iztac-2-100k.jpg\" alt=\"Este espacio fomenta el ejercicio y la convivencia \" width=\"722\" height=\"482\" srcset=\"https:\/\/www.uv.mx\/prensa\/files\/2025\/04\/250425-CARLOS-Cancha-Iztac-2-100k.jpg 722w, https:\/\/www.uv.mx\/prensa\/files\/2025\/04\/250425-CARLOS-Cancha-Iztac-2-100k-300x200.jpg 300w\" sizes=\"auto, (max-width: 722px) 100vw, 722px\" \/><p id=\"caption-attachment-154350\" class=\"wp-caption-text\">Este espacio fomenta el ejercicio y la convivencia<\/p><\/div>\n<p>&nbsp;<\/p>\n<p><span data-contrast=\"auto\">Mart\u00edn Aguilar coment\u00f3 que este espacio, as\u00ed como el campo de futbol soccer, servir\u00e1n para realizar m\u00faltiples actividades deportivas, acad\u00e9micas y culturales.\u00a0\u00a0<\/span><span data-ccp-props=\"{&quot;335559731&quot;:708}\">\u00a0<\/span><\/p>\n<p><span data-contrast=\"auto\">\u201cLos recursos financieros recaudados por la Universidad se usan para beneficiar a los estudiantes, y que se sientan protegidos durante su proceso formativo\u201d, manifest\u00f3.\u00a0<\/span><\/p>\n<div id=\"attachment_154351\" style=\"width: 732px\" class=\"wp-caption aligncenter\"><img loading=\"lazy\" decoding=\"async\" aria-describedby=\"caption-attachment-154351\" class=\"size-full wp-image-154351\" src=\"https:\/\/www.uv.mx\/prensa\/files\/2025\/04\/250425-CARLOS-Cancha-Iztac-3-100k.jpg\" alt=\"El Rector mencion\u00f3 que la actividad deportiva es primordial para el cuidado de la salud y el desarrollo intelectual \" width=\"722\" height=\"482\" srcset=\"https:\/\/www.uv.mx\/prensa\/files\/2025\/04\/250425-CARLOS-Cancha-Iztac-3-100k.jpg 722w, https:\/\/www.uv.mx\/prensa\/files\/2025\/04\/250425-CARLOS-Cancha-Iztac-3-100k-300x200.jpg 300w\" sizes=\"auto, (max-width: 722px) 100vw, 722px\" \/><p id=\"caption-attachment-154351\" class=\"wp-caption-text\">El Rector mencion\u00f3 que la actividad deportiva es primordial para el cuidado de la salud y el desarrollo intelectual<\/p><\/div>\n<p>&nbsp;<\/p>\n<p><span data-contrast=\"auto\">Alberto Coria Bret\u00f3n, coordinador regional de Actividades Deportivas, afirm\u00f3 que los nuevos espacios promover\u00e1n la salud y la uni\u00f3n, y agradeci\u00f3 a cada persona involucrada en hacer esto posible.\u00a0<\/span><span data-ccp-props=\"{&quot;335559731&quot;:708}\">\u00a0<\/span><\/p>\n<p><span data-contrast=\"auto\">\u201cLas obras beneficiar\u00e1n a toda la comunidad del Campus Ixtaczoquitl\u00e1n, cuyos miembros podr\u00e1n practicar deporte en un ambiente seguro y motivador\u201d, asegur\u00f3.<\/span><\/p>\n<div id=\"attachment_154352\" style=\"width: 732px\" class=\"wp-caption aligncenter\"><img loading=\"lazy\" decoding=\"async\" aria-describedby=\"caption-attachment-154352\" class=\"size-full wp-image-154352\" src=\"https:\/\/www.uv.mx\/prensa\/files\/2025\/04\/240524-Carlos-Cancha-Ixtac-4-100k.jpg\" alt=\"Autoridades universitarias encabezaron el acto inaugural \" width=\"722\" height=\"482\" srcset=\"https:\/\/www.uv.mx\/prensa\/files\/2025\/04\/240524-Carlos-Cancha-Ixtac-4-100k.jpg 722w, https:\/\/www.uv.mx\/prensa\/files\/2025\/04\/240524-Carlos-Cancha-Ixtac-4-100k-300x200.jpg 300w\" sizes=\"auto, (max-width: 722px) 100vw, 722px\" \/><p id=\"caption-attachment-154352\" class=\"wp-caption-text\">Autoridades universitarias encabezaron el acto inaugural<\/p><\/div>\n<p>&nbsp;<\/p>\n<p><span data-contrast=\"auto\">El directivo declar\u00f3 que logros como este son ejemplo de lo que se puede alcanzar cuando se trabaja con uni\u00f3n y compromiso.\u00a0<\/span><span data-ccp-props=\"{&quot;335559731&quot;:708}\">\u00a0<\/span><\/p>\n<p><span data-contrast=\"auto\">No\u00e9 V\u00e1zquez Rodr\u00edguez, seleccionado regional de voleibol de sala, consider\u00f3 que las nuevas instalaciones promover\u00e1n el crecimiento de la comunidad estudiantil y le dar\u00e1n la oportunidad de desarrollar pasiones deportivas.\u00a0<\/span><\/p>\n<div id=\"attachment_154353\" style=\"width: 732px\" class=\"wp-caption aligncenter\"><img loading=\"lazy\" decoding=\"async\" aria-describedby=\"caption-attachment-154353\" class=\"size-full wp-image-154353\" src=\"https:\/\/www.uv.mx\/prensa\/files\/2025\/04\/250425-CARLOS-Cancha-Iztac-5-100k.jpg\" alt=\"No\u00e9 V\u00e1zquez Rodr\u00edguez, seleccionado regional de voleibol de sala\" width=\"722\" height=\"482\" srcset=\"https:\/\/www.uv.mx\/prensa\/files\/2025\/04\/250425-CARLOS-Cancha-Iztac-5-100k.jpg 722w, https:\/\/www.uv.mx\/prensa\/files\/2025\/04\/250425-CARLOS-Cancha-Iztac-5-100k-300x200.jpg 300w\" sizes=\"auto, (max-width: 722px) 100vw, 722px\" \/><p id=\"caption-attachment-154353\" class=\"wp-caption-text\">No\u00e9 V\u00e1zquez Rodr\u00edguez, seleccionado regional de voleibol de sala<\/p><\/div>\n<p>&nbsp;<\/p>\n<p><span data-contrast=\"auto\">\u201cEspero que sean un espacio de encuentro y diversi\u00f3n para todos nosotros, y que los j\u00f3venes que las utilicen disfruten la sana competencia\u201d, expres\u00f3.<\/span><span data-ccp-props=\"{&quot;335559731&quot;:708}\">\u00a0<\/span><\/p>\n<p><span data-contrast=\"auto\">En la inauguraci\u00f3n estuvieron: Juan Ortiz Escamilla y Lizbeth Viveros Cancino, secretarios Acad\u00e9mico, y de Administraci\u00f3n y Finanzas, en ese orden; Luis Gerardo Cort\u00e9s Sosa, titular de la Direcci\u00f3n de Actividades Deportivas; funcionarios de la Unidad Central, autoridades regionales, docentes, estudiantes y trabajadores.<\/span><\/p>\n<div id=\"attachment_154355\" style=\"width: 732px\" class=\"wp-caption aligncenter\"><img loading=\"lazy\" decoding=\"async\" aria-describedby=\"caption-attachment-154355\" class=\"size-full wp-image-154355\" src=\"https:\/\/www.uv.mx\/prensa\/files\/2025\/04\/250425-CARLOS-Cancha-Iztac-6-1-100k.jpg\" alt=\"El desarrollo deportivo es primordial en el cuidado de la salud y un elemento fundamental en el crecimiento intelectual \" width=\"722\" height=\"482\" srcset=\"https:\/\/www.uv.mx\/prensa\/files\/2025\/04\/250425-CARLOS-Cancha-Iztac-6-1-100k.jpg 722w, https:\/\/www.uv.mx\/prensa\/files\/2025\/04\/250425-CARLOS-Cancha-Iztac-6-1-100k-300x200.jpg 300w\" sizes=\"auto, (max-width: 722px) 100vw, 722px\" \/><p id=\"caption-attachment-154355\" class=\"wp-caption-text\">El desarrollo deportivo es primordial en el cuidado de la salud y un elemento fundamental en el crecimiento intelectual<\/p><\/div>\n","protected":false},"excerpt":{"rendered":"<p>En la regi\u00f3n Orizaba-C\u00f3rdoba, Mart\u00edn Aguilar S\u00e1nchez encabez\u00f3 inauguraci\u00f3n de obras que impulsan el fomento deportivo entre la comunidad UV <\/p>\n","protected":false},"author":1775,"featured_media":154335,"comment_status":"closed","ping_status":"closed","sticky":false,"template":"","format":"standard","meta":{"footnotes":""},"categories":[12,1,53,61,32],"tags":[21571,23622,6820,4161,7122,23621,1383,198,2288,6734,12750,2700,23623,2610,22483],"class_list":["post-154358","post","type-post","status-publish","format-standard","has-post-thumbnail","hentry","category-deportes","category-general","category-orizaba","category-banner","category-regiones","tag-alberto-coria-breton","tag-campo-para-la-practica-de-futbol-soccer","tag-campus-ixtaczoquitlan","tag-carlos-hugo-hermida-rosales","tag-coordinacion-regional-de-actividades-deportivas","tag-cubierta-de-cancha","tag-direccion-de-actividades-deportivas","tag-facultad-de-ciencias-quimicas","tag-juan-ortiz-escamilla","tag-lizbeth-viveros-cancino","tag-luis-gerardo-cortes-sosa","tag-martin-aguilar-sanchez","tag-noe-vazquez-rodriguez","tag-region-orizaba-cordoba","tag-rodolfo-de-jesus-perez-carmona"],"_links":{"self":[{"href":"https:\/\/www.uv.mx\/prensa\/wp-json\/wp\/v2\/posts\/154358","targetHints":{"allow":["GET"]}}],"collection":[{"href":"https:\/\/www.uv.mx\/prensa\/wp-json\/wp\/v2\/posts"}],"about":[{"href":"https:\/\/www.uv.mx\/prensa\/wp-json\/wp\/v2\/types\/post"}],"author":[{"embeddable":true,"href":"https:\/\/www.uv.mx\/prensa\/wp-json\/wp\/v2\/users\/1775"}],"replies":[{"embeddable":true,"href":"https:\/\/www.uv.mx\/prensa\/wp-json\/wp\/v2\/comments?post=154358"}],"version-history":[{"count":1,"href":"https:\/\/www.uv.mx\/prensa\/wp-json\/wp\/v2\/posts\/154358\/revisions"}],"predecessor-version":[{"id":154359,"href":"https:\/\/www.uv.mx\/prensa\/wp-json\/wp\/v2\/posts\/154358\/revisions\/154359"}],"wp:featuredmedia":[{"embeddable":true,"href":"https:\/\/www.uv.mx\/prensa\/wp-json\/wp\/v2\/media\/154335"}],"wp:attachment":[{"href":"https:\/\/www.uv.mx\/prensa\/wp-json\/wp\/v2\/media?parent=154358"}],"wp:term":[{"taxonomy":"category","embeddable":true,"href":"https:\/\/www.uv.mx\/prensa\/wp-json\/wp\/v2\/categories?post=154358"},{"taxonomy":"post_tag","embeddable":true,"href":"https:\/\/www.uv.mx\/prensa\/wp-json\/wp\/v2\/tags?post=154358"}],"curies":[{"name":"wp","href":"https:\/\/api.w.org\/{rel}","templated":true}]}}