{"id":154283,"date":"2025-04-24T23:21:12","date_gmt":"2025-04-25T04:21:12","guid":{"rendered":"https:\/\/www.uv.mx\/prensa\/?p=154283"},"modified":"2025-04-25T18:25:06","modified_gmt":"2025-04-25T23:25:06","slug":"arquitectura-uv-renovo-y-amplio-sus-espacios","status":"publish","type":"post","link":"https:\/\/www.uv.mx\/prensa\/general\/arquitectura-uv-renovo-y-amplio-sus-espacios\/","title":{"rendered":"Arquitectura UV renov\u00f3 y ampli\u00f3 sus espacios"},"content":{"rendered":"<ul>\n<li data-leveltext=\"\uf0b7\" data-font=\"Symbol\" data-listid=\"6\" data-list-defn-props=\"{&quot;335552541&quot;:1,&quot;335559685&quot;:720,&quot;335559991&quot;:360,&quot;469769226&quot;:&quot;Symbol&quot;,&quot;469769242&quot;:[8226],&quot;469777803&quot;:&quot;left&quot;,&quot;469777804&quot;:&quot;\uf0b7&quot;,&quot;469777815&quot;:&quot;hybridMultilevel&quot;}\" data-aria-posinset=\"1\" data-aria-level=\"1\"><i><span data-contrast=\"auto\">El rector Mart\u00edn Aguilar inaugur\u00f3 las obras realizadas en el Aula Magna y el edificio C de la entidad acad\u00e9mica ubicada en la regi\u00f3n Orizaba-C\u00f3rdoba<\/span><\/i><span data-ccp-props=\"{}\">\u00a0<\/span><\/li>\n<\/ul>\n<p><span data-ccp-props=\"{}\">\u00a0<\/span><\/p>\n<div id=\"attachment_154277\" style=\"width: 732px\" class=\"wp-caption aligncenter\"><a href=\"https:\/\/www.uv.mx\/prensa\/files\/2025\/04\/240425-CARLOS-Aula-Magna-Arquitectura-1.jpg\"><img loading=\"lazy\" decoding=\"async\" aria-describedby=\"caption-attachment-154277\" class=\"size-full wp-image-154277\" src=\"https:\/\/www.uv.mx\/prensa\/files\/2025\/04\/240425-CARLOS-Aula-Magna-Arquitectura-1.jpg\" alt=\"\" width=\"722\" height=\"481\" srcset=\"https:\/\/www.uv.mx\/prensa\/files\/2025\/04\/240425-CARLOS-Aula-Magna-Arquitectura-1.jpg 722w, https:\/\/www.uv.mx\/prensa\/files\/2025\/04\/240425-CARLOS-Aula-Magna-Arquitectura-1-300x200.jpg 300w\" sizes=\"auto, (max-width: 722px) 100vw, 722px\" \/><\/a><p id=\"caption-attachment-154277\" class=\"wp-caption-text\">El rector de la UV, Mart\u00edn Aguilar S\u00e1nchez, inaugur\u00f3 importantes obras en la Facultad de Arquitectura<\/p><\/div>\n<p>&nbsp;<\/p>\n<p><b><i><span data-contrast=\"auto\">Carlos Hugo Hermida Rosales<\/span><\/i><\/b><span data-ccp-props=\"{}\">\u00a0<\/span><\/p>\n<p><b><i><span data-contrast=\"auto\">Fotos: Rodolfo de Jes\u00fas P\u00e9rez Carmona<\/span><\/i><\/b><span data-ccp-props=\"{}\">\u00a0<\/span><\/p>\n<p><b><i><span data-contrast=\"auto\">24\/04\/2025. C\u00f3rdoba, Ver<\/span><\/i><\/b><span data-contrast=\"auto\">. Acompa\u00f1ado de autoridades de la Unidad Central y de la regi\u00f3n Orizaba-C\u00f3rdoba de la Universidad Veracruzana (UV), Mart\u00edn Aguilar S\u00e1nchez, rector de esta casa de estudios, inaugur\u00f3 la remodelaci\u00f3n del Aula Magna y la ampliaci\u00f3n del edificio C en la Facultad de Arquitectura, ubicada en C\u00f3rdoba.\u00a0<\/span><span data-ccp-props=\"{}\">\u00a0<\/span><\/p>\n<p><span data-contrast=\"auto\">Mart\u00edn Aguilar mencion\u00f3 que el papel del arquitecto es fundamental en t\u00e9rminos de la vivienda y el disfrute cotidiano del espacio. Asimismo, tiene un compromiso con millones de habitantes que carecen de un hogar adecuado.<\/span><span data-ccp-props=\"{&quot;335559731&quot;:708}\">\u00a0<\/span><\/p>\n<p>&nbsp;<\/p>\n<div id=\"attachment_154278\" style=\"width: 732px\" class=\"wp-caption aligncenter\"><a href=\"https:\/\/www.uv.mx\/prensa\/files\/2025\/04\/240425-CARLOS-Aula-Magna-Arquitectura-2.jpg\"><img loading=\"lazy\" decoding=\"async\" aria-describedby=\"caption-attachment-154278\" class=\"size-full wp-image-154278\" src=\"https:\/\/www.uv.mx\/prensa\/files\/2025\/04\/240425-CARLOS-Aula-Magna-Arquitectura-2.jpg\" alt=\"\" width=\"722\" height=\"481\" srcset=\"https:\/\/www.uv.mx\/prensa\/files\/2025\/04\/240425-CARLOS-Aula-Magna-Arquitectura-2.jpg 722w, https:\/\/www.uv.mx\/prensa\/files\/2025\/04\/240425-CARLOS-Aula-Magna-Arquitectura-2-300x200.jpg 300w\" sizes=\"auto, (max-width: 722px) 100vw, 722px\" \/><\/a><p id=\"caption-attachment-154278\" class=\"wp-caption-text\">El segundo piso del edificio C dotar\u00e1 de espacios dignos a los estudiantes<\/p><\/div>\n<p>&nbsp;<\/p>\n<p><span data-contrast=\"auto\">\u201cLa arquitectura tambi\u00e9n es una ciencia social, pues la parte human\u00edstica cruza el espectro de la educaci\u00f3n\u201d, declar\u00f3.<\/span><span data-ccp-props=\"{&quot;335559731&quot;:708}\">\u00a0<\/span><\/p>\n<p><span data-contrast=\"auto\">El Rector se\u00f1al\u00f3 que la inversi\u00f3n en la remodelaci\u00f3n y ampliaci\u00f3n de infraestructura en esta entidad acad\u00e9mica es redituable en sentido de mejorar la condici\u00f3n y capacidad de formaci\u00f3n de los estudiantes, y fomentar en ellos un impacto social en lo que van a construir y crear.<\/span><span data-ccp-props=\"{&quot;335559731&quot;:708}\">\u00a0<\/span><\/p>\n<p>&nbsp;<\/p>\n<div id=\"attachment_154279\" style=\"width: 732px\" class=\"wp-caption aligncenter\"><a href=\"https:\/\/www.uv.mx\/prensa\/files\/2025\/04\/240425-CARLOS-Aula-Magna-Arquitectura-3.jpg\"><img loading=\"lazy\" decoding=\"async\" aria-describedby=\"caption-attachment-154279\" class=\"size-full wp-image-154279\" src=\"https:\/\/www.uv.mx\/prensa\/files\/2025\/04\/240425-CARLOS-Aula-Magna-Arquitectura-3.jpg\" alt=\"\" width=\"722\" height=\"498\" srcset=\"https:\/\/www.uv.mx\/prensa\/files\/2025\/04\/240425-CARLOS-Aula-Magna-Arquitectura-3.jpg 722w, https:\/\/www.uv.mx\/prensa\/files\/2025\/04\/240425-CARLOS-Aula-Magna-Arquitectura-3-300x207.jpg 300w\" sizes=\"auto, (max-width: 722px) 100vw, 722px\" \/><\/a><p id=\"caption-attachment-154279\" class=\"wp-caption-text\">Mart\u00edn Aguilar mencion\u00f3 que la arquitectura tambi\u00e9n es una ciencia social<\/p><\/div>\n<p>&nbsp;<\/p>\n<p><span data-contrast=\"auto\">\u201cSi todos trabajamos juntos lograremos espacios de infraestructura y convivencia importantes\u201d, enfatiz\u00f3.\u00a0<\/span><span data-ccp-props=\"{&quot;335559731&quot;:708}\">\u00a0<\/span><\/p>\n<p><span data-contrast=\"auto\">H\u00e9ctor Sa\u00fal Castilla Moyado, director de la Facultad de Arquitectura, asever\u00f3 que las obras inauguradas mejoran los par\u00e1metros de calidad de los espacios habitables, y agradeci\u00f3 el esfuerzo de las autoridades universitarias por el bien de las actividades sustantivas de la entidad acad\u00e9mica.<\/span><span data-ccp-props=\"{&quot;335559731&quot;:708}\">\u00a0<\/span><\/p>\n<p>&nbsp;<\/p>\n<div id=\"attachment_154280\" style=\"width: 732px\" class=\"wp-caption aligncenter\"><a href=\"https:\/\/www.uv.mx\/prensa\/files\/2025\/04\/240425-CARLOS-Aula-Magna-Arquitectura-4.jpg\"><img loading=\"lazy\" decoding=\"async\" aria-describedby=\"caption-attachment-154280\" class=\"size-full wp-image-154280\" src=\"https:\/\/www.uv.mx\/prensa\/files\/2025\/04\/240425-CARLOS-Aula-Magna-Arquitectura-4.jpg\" alt=\"\" width=\"722\" height=\"481\" srcset=\"https:\/\/www.uv.mx\/prensa\/files\/2025\/04\/240425-CARLOS-Aula-Magna-Arquitectura-4.jpg 722w, https:\/\/www.uv.mx\/prensa\/files\/2025\/04\/240425-CARLOS-Aula-Magna-Arquitectura-4-300x200.jpg 300w\" sizes=\"auto, (max-width: 722px) 100vw, 722px\" \/><\/a><p id=\"caption-attachment-154280\" class=\"wp-caption-text\">H\u00e9ctor Sa\u00fal Castilla Moyado, director de la Facultad de Arquitectura<\/p><\/div>\n<p>&nbsp;<\/p>\n<p><span data-contrast=\"auto\">El catedr\u00e1tico comparti\u00f3 que el 67% de los recursos para las obras provienen de la partida presupuestal del gasto de la universidad, y el 33 restante de las aportaciones estudiantiles del comit\u00e9 Promejoras.\u00a0<\/span><span data-ccp-props=\"{&quot;335559731&quot;:708}\">\u00a0<\/span><\/p>\n<p><span data-contrast=\"auto\">\u201cPor casi 45 a\u00f1os nuestra entidad se ha mantenido vigente y en mejora continua, y reiteramos a las autoridades universitarias profundo agradecimiento por su gesti\u00f3n\u201d, manifest\u00f3.<\/span><span data-ccp-props=\"{&quot;335559731&quot;:708}\">\u00a0<\/span><\/p>\n<p>&nbsp;<\/p>\n<div id=\"attachment_154281\" style=\"width: 732px\" class=\"wp-caption aligncenter\"><a href=\"https:\/\/www.uv.mx\/prensa\/files\/2025\/04\/240425-CARLOS-Aula-Magna-Arquitectura-5.jpg\"><img loading=\"lazy\" decoding=\"async\" aria-describedby=\"caption-attachment-154281\" class=\"size-full wp-image-154281\" src=\"https:\/\/www.uv.mx\/prensa\/files\/2025\/04\/240425-CARLOS-Aula-Magna-Arquitectura-5.jpg\" alt=\"\" width=\"722\" height=\"504\" srcset=\"https:\/\/www.uv.mx\/prensa\/files\/2025\/04\/240425-CARLOS-Aula-Magna-Arquitectura-5.jpg 722w, https:\/\/www.uv.mx\/prensa\/files\/2025\/04\/240425-CARLOS-Aula-Magna-Arquitectura-5-300x209.jpg 300w\" sizes=\"auto, (max-width: 722px) 100vw, 722px\" \/><\/a><p id=\"caption-attachment-154281\" class=\"wp-caption-text\">Gerson Hern\u00e1ndez Rodr\u00edguez<\/p><\/div>\n<p>&nbsp;<\/p>\n<p><span data-contrast=\"auto\">A su vez, Gerson Hern\u00e1ndez Rodr\u00edguez, Consejero Alumno, mencion\u00f3 que los estudiantes son testigos del impacto real de las acciones cuando se piensa en el futuro de la educaci\u00f3n, en las condiciones del aprendizaje y el fortalecimiento de la formaci\u00f3n.<\/span><span data-ccp-props=\"{&quot;335559731&quot;:708}\">\u00a0<\/span><\/p>\n<p><span data-contrast=\"auto\">El joven explic\u00f3 que el Aula Magna es un s\u00edmbolo de encuentro, di\u00e1logo y crecimiento acad\u00e9mico, y verla renovada es una se\u00f1al clara de que la universidad se adapta, mejora y apuesta por brindar entornos dignos.\u00a0<\/span><span data-ccp-props=\"{&quot;335559731&quot;:708}\">\u00a0<\/span><\/p>\n<p>&nbsp;<\/p>\n<div id=\"attachment_154282\" style=\"width: 732px\" class=\"wp-caption aligncenter\"><a href=\"https:\/\/www.uv.mx\/prensa\/files\/2025\/04\/240425-CARLOS-Aula-Magna-Arquitectura-6.jpg\"><img loading=\"lazy\" decoding=\"async\" aria-describedby=\"caption-attachment-154282\" class=\"size-full wp-image-154282\" src=\"https:\/\/www.uv.mx\/prensa\/files\/2025\/04\/240425-CARLOS-Aula-Magna-Arquitectura-6.jpg\" alt=\"\" width=\"722\" height=\"481\" srcset=\"https:\/\/www.uv.mx\/prensa\/files\/2025\/04\/240425-CARLOS-Aula-Magna-Arquitectura-6.jpg 722w, https:\/\/www.uv.mx\/prensa\/files\/2025\/04\/240425-CARLOS-Aula-Magna-Arquitectura-6-300x200.jpg 300w\" sizes=\"auto, (max-width: 722px) 100vw, 722px\" \/><\/a><p id=\"caption-attachment-154282\" class=\"wp-caption-text\">La inauguraci\u00f3n de obras beneficiar\u00e1 a toda la comunidad de la entidad acad\u00e9mica<\/p><\/div>\n<p>&nbsp;<\/p>\n<p><span data-contrast=\"auto\">Por su parte, la creaci\u00f3n de una segunda planta en el edificio C con la finalidad de albergar talleres, no solo representa una ampliaci\u00f3n en t\u00e9rminos de infraestructura, sino una respuesta directa a una necesidad real.\u00a0<\/span><span data-ccp-props=\"{&quot;335559731&quot;:708}\">\u00a0<\/span><\/p>\n<p><span data-contrast=\"auto\">\u201cAmbas obras hablan de una instituci\u00f3n educativa que escucha, pero, sobre todo, act\u00faa\u201d, asegur\u00f3.\u00a0<\/span><span data-ccp-props=\"{&quot;335559731&quot;:708}\">\u00a0<\/span><\/p>\n<p><span data-contrast=\"auto\">Al evento asistieron Mario Roberto Bernab\u00e9 Guapillo Vargas, vicerrector; Juan Ortiz Escamilla, secretario Acad\u00e9mico; Luis Arturo V\u00e1zquez Honorato, titular de la Direcci\u00f3n General del \u00c1rea Acad\u00e9mica T\u00e9cnica, funcionarios y autoridades de la unidad central y regionales, docentes, estudiantes y personal administrativo.\u00a0<\/span><span data-ccp-props=\"{&quot;335559731&quot;:708}\">\u00a0<\/span><\/p>\n","protected":false},"excerpt":{"rendered":"<p>Las obras inauguradas mejoran los par\u00e1metros de calidad de la facultad ubicada en la regi\u00f3n Orizaba-C\u00f3rdoba<\/p>\n","protected":false},"author":1809,"featured_media":154307,"comment_status":"closed","ping_status":"closed","sticky":false,"template":"","format":"standard","meta":{"footnotes":""},"categories":[15423,1,53,15424,61,32],"tags":[23587,4161,10587,419,23585,7213,2288,6608,7212,2700,23586,22483],"class_list":["post-154283","post","type-post","status-publish","format-standard","has-post-thumbnail","hentry","category-estudiantes","category-general","category-orizaba","category-planta-academica","category-banner","category-regiones","tag-ampliacion-del-edificio-c","tag-carlos-hugo-hermida-rosales","tag-direccion-general-del-area-academica-tecnica","tag-facultad-de-arquitectura","tag-gerson-hernandez-rodriguez","tag-hector-saul-castilla-moyado","tag-juan-ortiz-escamilla","tag-luis-arturo-vazquez-honorato","tag-mario-roberto-bernabe-guapillo-vargas","tag-martin-aguilar-sanchez","tag-remodelacion-del-aula-magna","tag-rodolfo-de-jesus-perez-carmona"],"_links":{"self":[{"href":"https:\/\/www.uv.mx\/prensa\/wp-json\/wp\/v2\/posts\/154283","targetHints":{"allow":["GET"]}}],"collection":[{"href":"https:\/\/www.uv.mx\/prensa\/wp-json\/wp\/v2\/posts"}],"about":[{"href":"https:\/\/www.uv.mx\/prensa\/wp-json\/wp\/v2\/types\/post"}],"author":[{"embeddable":true,"href":"https:\/\/www.uv.mx\/prensa\/wp-json\/wp\/v2\/users\/1809"}],"replies":[{"embeddable":true,"href":"https:\/\/www.uv.mx\/prensa\/wp-json\/wp\/v2\/comments?post=154283"}],"version-history":[{"count":1,"href":"https:\/\/www.uv.mx\/prensa\/wp-json\/wp\/v2\/posts\/154283\/revisions"}],"predecessor-version":[{"id":154284,"href":"https:\/\/www.uv.mx\/prensa\/wp-json\/wp\/v2\/posts\/154283\/revisions\/154284"}],"wp:featuredmedia":[{"embeddable":true,"href":"https:\/\/www.uv.mx\/prensa\/wp-json\/wp\/v2\/media\/154307"}],"wp:attachment":[{"href":"https:\/\/www.uv.mx\/prensa\/wp-json\/wp\/v2\/media?parent=154283"}],"wp:term":[{"taxonomy":"category","embeddable":true,"href":"https:\/\/www.uv.mx\/prensa\/wp-json\/wp\/v2\/categories?post=154283"},{"taxonomy":"post_tag","embeddable":true,"href":"https:\/\/www.uv.mx\/prensa\/wp-json\/wp\/v2\/tags?post=154283"}],"curies":[{"name":"wp","href":"https:\/\/api.w.org\/{rel}","templated":true}]}}