{"id":154264,"date":"2025-04-24T20:15:39","date_gmt":"2025-04-25T01:15:39","guid":{"rendered":"https:\/\/www.uv.mx\/prensa\/?p=154264"},"modified":"2025-04-24T20:15:39","modified_gmt":"2025-04-25T01:15:39","slug":"cancha-deportiva-de-facultad-de-ciencias-quimicas-estrena-cubierta","status":"publish","type":"post","link":"https:\/\/www.uv.mx\/prensa\/general\/cancha-deportiva-de-facultad-de-ciencias-quimicas-estrena-cubierta\/","title":{"rendered":"Cancha deportiva de Facultad de Ciencias Qu\u00edmicas estrena cubierta"},"content":{"rendered":"<ul>\n<li data-leveltext=\"\uf0b7\" data-font=\"Symbol\" data-listid=\"6\" data-list-defn-props=\"{&quot;335552541&quot;:1,&quot;335559685&quot;:720,&quot;335559991&quot;:360,&quot;469769226&quot;:&quot;Symbol&quot;,&quot;469769242&quot;:[8226],&quot;469777803&quot;:&quot;left&quot;,&quot;469777804&quot;:&quot;\uf0b7&quot;,&quot;469777815&quot;:&quot;hybridMultilevel&quot;}\" data-aria-posinset=\"1\" data-aria-level=\"1\"><i><span data-contrast=\"auto\">Es un espacio de vital importancia en el desarrollo acad\u00e9mico e integral del alumnado<\/span><\/i><span data-ccp-props=\"{}\">\u00a0<\/span><\/li>\n<\/ul>\n<ul>\n<li data-leveltext=\"\uf0b7\" data-font=\"Symbol\" data-listid=\"6\" data-list-defn-props=\"{&quot;335552541&quot;:1,&quot;335559685&quot;:720,&quot;335559991&quot;:360,&quot;469769226&quot;:&quot;Symbol&quot;,&quot;469769242&quot;:[8226],&quot;469777803&quot;:&quot;left&quot;,&quot;469777804&quot;:&quot;\uf0b7&quot;,&quot;469777815&quot;:&quot;hybridMultilevel&quot;}\" data-aria-posinset=\"2\" data-aria-level=\"1\"><i><span data-contrast=\"auto\">Fue inaugurada por el rector Mart\u00edn Aguilar en la gira que realiz\u00f3 en la regi\u00f3n Orizaba-C\u00f3rdoba<\/span><\/i><span data-ccp-props=\"{}\">\u00a0<\/span><\/li>\n<\/ul>\n<p><span data-ccp-props=\"{}\">\u00a0<\/span><\/p>\n<div id=\"attachment_154241\" style=\"width: 732px\" class=\"wp-caption aligncenter\"><a href=\"https:\/\/www.uv.mx\/prensa\/files\/2025\/04\/240425-CARLOS-Facultad-de-Ciencias-Quimicas-1.jpg\"><img loading=\"lazy\" decoding=\"async\" aria-describedby=\"caption-attachment-154241\" class=\"size-full wp-image-154241\" src=\"https:\/\/www.uv.mx\/prensa\/files\/2025\/04\/240425-CARLOS-Facultad-de-Ciencias-Quimicas-1.jpg\" alt=\"\" width=\"722\" height=\"481\" srcset=\"https:\/\/www.uv.mx\/prensa\/files\/2025\/04\/240425-CARLOS-Facultad-de-Ciencias-Quimicas-1.jpg 722w, https:\/\/www.uv.mx\/prensa\/files\/2025\/04\/240425-CARLOS-Facultad-de-Ciencias-Quimicas-1-300x200.jpg 300w\" sizes=\"auto, (max-width: 722px) 100vw, 722px\" \/><\/a><p id=\"caption-attachment-154241\" class=\"wp-caption-text\">El rector Mart\u00edn Aguilar S\u00e1nchez constat\u00f3 la consolidaci\u00f3n de obras en beneficio de la comunidad universitaria de esta regi\u00f3n<\/p><\/div>\n<p>&nbsp;<\/p>\n<p><b><i><span data-contrast=\"auto\">Carlos Hugo Hermida Rosales<\/span><\/i><\/b><span data-ccp-props=\"{}\">\u00a0<\/span><\/p>\n<p><b><i><span data-contrast=\"auto\">Fot\u00f3grafo: Rodolfo de Jes\u00fas P\u00e9rez Carmona<\/span><\/i><\/b><span data-ccp-props=\"{}\">\u00a0<\/span><\/p>\n<p><b><i><span data-contrast=\"auto\">24\/04\/2025, Orizaba, Ver.-<\/span><\/i><\/b><span data-contrast=\"auto\"> La Facultad de Ciencias Qu\u00edmicas (FCQ) de la Universidad Veracruzana (UV), regi\u00f3n Orizaba-C\u00f3rdoba, ya cuenta con una cubierta en su cancha deportiva, que fue inaugurada en un evento encabezado por Mart\u00edn Aguilar S\u00e1nchez, rector de esta casa de estudios.<\/span><span data-ccp-props=\"{}\">\u00a0<\/span><\/p>\n<p><span data-contrast=\"auto\">En su mensaje, dirigido a la comunidad universitaria de la FCQ, mencion\u00f3 que los sitios para convivir, practicar ejercicio y divertirse tienen una vital importancia en el desarrollo acad\u00e9mico e integral del alumnado, y destac\u00f3 que la cubierta de la cancha deportiva es de las primeras en ser creadas en la Universidad.<\/span><span data-ccp-props=\"{&quot;335559731&quot;:708}\">\u00a0<\/span><\/p>\n<p>&nbsp;<\/p>\n<div id=\"attachment_154244\" style=\"width: 732px\" class=\"wp-caption aligncenter\"><a href=\"https:\/\/www.uv.mx\/prensa\/files\/2025\/04\/240425-Facultad-de-Ciencias-Quimicas-2.jpg\"><img loading=\"lazy\" decoding=\"async\" aria-describedby=\"caption-attachment-154244\" class=\"size-full wp-image-154244\" src=\"https:\/\/www.uv.mx\/prensa\/files\/2025\/04\/240425-Facultad-de-Ciencias-Quimicas-2.jpg\" alt=\"\" width=\"722\" height=\"481\" srcset=\"https:\/\/www.uv.mx\/prensa\/files\/2025\/04\/240425-Facultad-de-Ciencias-Quimicas-2.jpg 722w, https:\/\/www.uv.mx\/prensa\/files\/2025\/04\/240425-Facultad-de-Ciencias-Quimicas-2-300x200.jpg 300w\" sizes=\"auto, (max-width: 722px) 100vw, 722px\" \/><\/a><p id=\"caption-attachment-154244\" class=\"wp-caption-text\">La cubierta beneficiar\u00e1 a estudiantes de varias facultades de la regi\u00f3n<\/p><\/div>\n<p>&nbsp;<\/p>\n<p><span data-contrast=\"auto\">Mart\u00edn Aguilar afirm\u00f3 que la Facultad de Ciencias Qu\u00edmicas tiene una comunidad muy optimista, y una labor cient\u00edfica respetable en el estado y el pa\u00eds.\u00a0\u00a0<\/span><span data-ccp-props=\"{&quot;335559731&quot;:708}\">\u00a0<\/span><\/p>\n<p><span data-contrast=\"auto\">\u201cMe da gusto inaugurar proyectos que beneficiar\u00e1n acad\u00e9mica, f\u00edsica y espiritualmente a alumnos, docentes y trabajadores universitarios\u201d, manifest\u00f3.<\/span><span data-ccp-props=\"{&quot;335559731&quot;:708}\">\u00a0<\/span><\/p>\n<p><span data-contrast=\"auto\">Esmeralda S\u00e1nchez Pav\u00f3n, directora de la Facultad de Ciencias Qu\u00edmicas, destac\u00f3 que la cubierta de la cancha no solo favorecer\u00e1 a los miembros de la entidad a su cargo, sino a estudiantes de toda la regi\u00f3n, porque en ese espacio se imparten experiencias educativas del \u00c1rea de Formaci\u00f3n de Elecci\u00f3n Libre.\u00a0<\/span><span data-ccp-props=\"{&quot;335559731&quot;:708}\">\u00a0<\/span><\/p>\n<p>&nbsp;<\/p>\n<div id=\"attachment_154245\" style=\"width: 732px\" class=\"wp-caption aligncenter\"><a href=\"https:\/\/www.uv.mx\/prensa\/files\/2025\/04\/240425-CARLOS-Facultad-de-Ciencias-Quimicas-3.jpg\"><img loading=\"lazy\" decoding=\"async\" aria-describedby=\"caption-attachment-154245\" class=\"size-full wp-image-154245\" src=\"https:\/\/www.uv.mx\/prensa\/files\/2025\/04\/240425-CARLOS-Facultad-de-Ciencias-Quimicas-3.jpg\" alt=\"\" width=\"722\" height=\"489\" srcset=\"https:\/\/www.uv.mx\/prensa\/files\/2025\/04\/240425-CARLOS-Facultad-de-Ciencias-Quimicas-3.jpg 722w, https:\/\/www.uv.mx\/prensa\/files\/2025\/04\/240425-CARLOS-Facultad-de-Ciencias-Quimicas-3-300x203.jpg 300w\" sizes=\"auto, (max-width: 722px) 100vw, 722px\" \/><\/a><p id=\"caption-attachment-154245\" class=\"wp-caption-text\">El Rector y las autoridades convivieron con la comunidad de la entidad acad\u00e9mica<\/p><\/div>\n<p>&nbsp;<\/p>\n<p><span data-contrast=\"auto\">\u201cAbre un abanico de posibilidades a nuestra comunidad, pues servir\u00e1 para encuentros deportivos, disfrutar de enriquecedoras manifestaciones culturales, y albergar expresiones art\u00edsticas que llenen de vida a la facultad\u201d, puntualiz\u00f3.\u00a0<\/span><span data-ccp-props=\"{&quot;335559731&quot;:708}\">\u00a0<\/span><\/p>\n<p><span data-contrast=\"auto\">La docente mencion\u00f3 que, con este nuevo espacio y punto fortalecedor del tejido social, se celebra un logro significativo que refleja una visi\u00f3n compartida de una universidad que prioriza el desarrollo de su comunidad.\u00a0<\/span><span data-ccp-props=\"{&quot;335559731&quot;:708}\">\u00a0<\/span><\/p>\n<p>&nbsp;<\/p>\n<div id=\"attachment_154243\" style=\"width: 732px\" class=\"wp-caption aligncenter\"><a href=\"https:\/\/www.uv.mx\/prensa\/files\/2025\/04\/240425-Facultad-de-Ciencias-Quimicas-4.jpg\"><img loading=\"lazy\" decoding=\"async\" aria-describedby=\"caption-attachment-154243\" class=\"size-full wp-image-154243\" src=\"https:\/\/www.uv.mx\/prensa\/files\/2025\/04\/240425-Facultad-de-Ciencias-Quimicas-4.jpg\" alt=\"\" width=\"722\" height=\"467\" srcset=\"https:\/\/www.uv.mx\/prensa\/files\/2025\/04\/240425-Facultad-de-Ciencias-Quimicas-4.jpg 722w, https:\/\/www.uv.mx\/prensa\/files\/2025\/04\/240425-Facultad-de-Ciencias-Quimicas-4-300x194.jpg 300w\" sizes=\"auto, (max-width: 722px) 100vw, 722px\" \/><\/a><p id=\"caption-attachment-154243\" class=\"wp-caption-text\">Mart\u00edn Aguilar destac\u00f3 la importancia del deporte en una formaci\u00f3n integral<\/p><\/div>\n<p>&nbsp;<\/p>\n<p><span data-contrast=\"auto\">Por su parte, Emmanuel Fern\u00e1ndez Vel\u00e1zquez, consejero alumno, expres\u00f3 su sincero reconocimiento a quienes hicieron posible la instalaci\u00f3n de la cubierta, que no solo es una estructura f\u00edsica, sino un resultado del compromiso institucional por mejorar las condiciones en que se realizan actividades acad\u00e9micas, culturales y deportivas.<\/span><span data-ccp-props=\"{&quot;335559731&quot;:708}\">\u00a0<\/span><\/p>\n<p><span data-contrast=\"auto\">El joven agradeci\u00f3 a la Rector\u00eda y a la Vicerrector\u00eda por dar importancia a contar con espacios dignos y funcionales para el desarrollo de la comunidad estudiantil universitaria.\u00a0<\/span><span data-ccp-props=\"{&quot;335559731&quot;:708}\">\u00a0<\/span><\/p>\n<p>&nbsp;<\/p>\n<div id=\"attachment_154246\" style=\"width: 732px\" class=\"wp-caption aligncenter\"><a href=\"https:\/\/www.uv.mx\/prensa\/files\/2025\/04\/240425-Facultad-de-Ciencias-Quimicas-5B.jpg\"><img loading=\"lazy\" decoding=\"async\" aria-describedby=\"caption-attachment-154246\" class=\"size-full wp-image-154246\" src=\"https:\/\/www.uv.mx\/prensa\/files\/2025\/04\/240425-Facultad-de-Ciencias-Quimicas-5B.jpg\" alt=\"\" width=\"722\" height=\"481\" srcset=\"https:\/\/www.uv.mx\/prensa\/files\/2025\/04\/240425-Facultad-de-Ciencias-Quimicas-5B.jpg 722w, https:\/\/www.uv.mx\/prensa\/files\/2025\/04\/240425-Facultad-de-Ciencias-Quimicas-5B-300x200.jpg 300w\" sizes=\"auto, (max-width: 722px) 100vw, 722px\" \/><\/a><p id=\"caption-attachment-154246\" class=\"wp-caption-text\">Autoridades universitarias se congratularon por este avance<\/p><\/div>\n<p>&nbsp;<\/p>\n<p><span data-contrast=\"auto\">\u201cEste domo ser\u00e1 testigo de muchas historias, clases y momentos que fortalecer\u00e1n nuestra formaci\u00f3n\u201d, asegur\u00f3.\u00a0<\/span><span data-ccp-props=\"{&quot;335559731&quot;:708}\">\u00a0<\/span><\/p>\n<p><span data-contrast=\"auto\">A la inauguraci\u00f3n asistieron: Juan Ortiz Escamilla y Lizbeth Viveros Cancino, secretarios Acad\u00e9mico, y de Administraci\u00f3n y Finanzas, respectivamente; Luis Arturo V\u00e1zquez Honorato, titular de la Direcci\u00f3n General del \u00c1rea Acad\u00e9mica T\u00e9cnica, Mario Roberto Bernab\u00e9 Guapillo Vargas, vicerrector; funcionarios y autoridades de la Unidad Central y regionales, as\u00ed como docentes, estudiantes y personal administrativo.\u00a0<\/span><span data-ccp-props=\"{&quot;335559731&quot;:708}\">\u00a0<\/span><\/p>\n","protected":false},"excerpt":{"rendered":"<p>\u201cMe da gusto inaugurar proyectos que beneficiar\u00e1n acad\u00e9mica, f\u00edsica y espiritualmente a alumnos, docentes y trabajadores universitarios\u201d, expres\u00f3 el rector Mart\u00edn Aguilar S\u00e1nchez <\/p>\n","protected":false},"author":1809,"featured_media":154240,"comment_status":"closed","ping_status":"closed","sticky":false,"template":"","format":"standard","meta":{"footnotes":""},"categories":[12,15423,1,53,15424,61,32],"tags":[493,4161,10587,23579,23578,221,2288,6734,6608,7212,2700,2610,22483,20311],"class_list":["post-154264","post","type-post","status-publish","format-standard","has-post-thumbnail","hentry","category-deportes","category-estudiantes","category-general","category-orizaba","category-planta-academica","category-banner","category-regiones","tag-area-de-formacion-de-eleccion-libre","tag-carlos-hugo-hermida-rosales","tag-direccion-general-del-area-academica-tecnica","tag-emmanuel-fernandez-velazquez","tag-esmeralda-sanchez-pavon","tag-facultad-de-ciencias-quimicas-fcq","tag-juan-ortiz-escamilla","tag-lizbeth-viveros-cancino","tag-luis-arturo-vazquez-honorato","tag-mario-roberto-bernabe-guapillo-vargas","tag-martin-aguilar-sanchez","tag-region-orizaba-cordoba","tag-rodolfo-de-jesus-perez-carmona","tag-universidad-veracruzana-uv"],"_links":{"self":[{"href":"https:\/\/www.uv.mx\/prensa\/wp-json\/wp\/v2\/posts\/154264","targetHints":{"allow":["GET"]}}],"collection":[{"href":"https:\/\/www.uv.mx\/prensa\/wp-json\/wp\/v2\/posts"}],"about":[{"href":"https:\/\/www.uv.mx\/prensa\/wp-json\/wp\/v2\/types\/post"}],"author":[{"embeddable":true,"href":"https:\/\/www.uv.mx\/prensa\/wp-json\/wp\/v2\/users\/1809"}],"replies":[{"embeddable":true,"href":"https:\/\/www.uv.mx\/prensa\/wp-json\/wp\/v2\/comments?post=154264"}],"version-history":[{"count":1,"href":"https:\/\/www.uv.mx\/prensa\/wp-json\/wp\/v2\/posts\/154264\/revisions"}],"predecessor-version":[{"id":154265,"href":"https:\/\/www.uv.mx\/prensa\/wp-json\/wp\/v2\/posts\/154264\/revisions\/154265"}],"wp:featuredmedia":[{"embeddable":true,"href":"https:\/\/www.uv.mx\/prensa\/wp-json\/wp\/v2\/media\/154240"}],"wp:attachment":[{"href":"https:\/\/www.uv.mx\/prensa\/wp-json\/wp\/v2\/media?parent=154264"}],"wp:term":[{"taxonomy":"category","embeddable":true,"href":"https:\/\/www.uv.mx\/prensa\/wp-json\/wp\/v2\/categories?post=154264"},{"taxonomy":"post_tag","embeddable":true,"href":"https:\/\/www.uv.mx\/prensa\/wp-json\/wp\/v2\/tags?post=154264"}],"curies":[{"name":"wp","href":"https:\/\/api.w.org\/{rel}","templated":true}]}}