{"id":154183,"date":"2025-04-23T19:39:55","date_gmt":"2025-04-24T00:39:55","guid":{"rendered":"https:\/\/www.uv.mx\/prensa\/?p=154183"},"modified":"2025-04-23T19:39:55","modified_gmt":"2025-04-24T00:39:55","slug":"obra-y-figura-de-fernando-salmeron-continuan-vigentes","status":"publish","type":"post","link":"https:\/\/www.uv.mx\/prensa\/general\/obra-y-figura-de-fernando-salmeron-continuan-vigentes\/","title":{"rendered":"Obra y figura de Fernando Salmer\u00f3n contin\u00faan vigentes"},"content":{"rendered":"<ul>\n<li data-leveltext=\"\uf0b7\" data-font=\"Symbol\" data-listid=\"2\" data-list-defn-props=\"{&quot;335551671&quot;:0,&quot;335552541&quot;:1,&quot;335559685&quot;:720,&quot;335559991&quot;:360,&quot;469769226&quot;:&quot;Symbol&quot;,&quot;469769242&quot;:[8226],&quot;469777803&quot;:&quot;left&quot;,&quot;469777804&quot;:&quot;\uf0b7&quot;,&quot;469777815&quot;:&quot;hybridMultilevel&quot;}\" data-aria-posinset=\"0\" data-aria-level=\"1\"><i><span data-contrast=\"none\">\u201cSus ensayos e investigaciones, as\u00ed como las instituciones que fund\u00f3, generan conocimiento social importante para enfrentar problemas irresueltos del presente\u201d: Juan Ortiz Escamilla<\/span><\/i><span data-ccp-props=\"{&quot;201341983&quot;:0,&quot;335559739&quot;:0,&quot;335559740&quot;:240}\">\u00a0<\/span><\/li>\n<\/ul>\n<ul>\n<li data-leveltext=\"\uf0b7\" data-font=\"Symbol\" data-listid=\"2\" data-list-defn-props=\"{&quot;335551671&quot;:0,&quot;335552541&quot;:1,&quot;335559685&quot;:720,&quot;335559991&quot;:360,&quot;469769226&quot;:&quot;Symbol&quot;,&quot;469769242&quot;:[8226],&quot;469777803&quot;:&quot;left&quot;,&quot;469777804&quot;:&quot;\uf0b7&quot;,&quot;469777815&quot;:&quot;hybridMultilevel&quot;}\" data-aria-posinset=\"1\" data-aria-level=\"1\"><i><span data-contrast=\"none\">Inici\u00f3 coloquio homenaje al destacado fil\u00f3sofo, acad\u00e9mico y exrector de la Universidad Veracruzana<\/span><\/i><span data-ccp-props=\"{&quot;201341983&quot;:0,&quot;335559739&quot;:0,&quot;335559740&quot;:240}\">\u00a0<\/span><\/li>\n<\/ul>\n<p><span data-ccp-props=\"{&quot;201341983&quot;:0,&quot;335559739&quot;:0,&quot;335559740&quot;:240}\">\u00a0<\/span><\/p>\n<div id=\"attachment_154181\" style=\"width: 732px\" class=\"wp-caption aligncenter\"><img loading=\"lazy\" decoding=\"async\" aria-describedby=\"caption-attachment-154181\" class=\"size-full wp-image-154181\" src=\"https:\/\/www.uv.mx\/prensa\/files\/2025\/04\/230425-COUTTOLENC-Coloquio-Salmeron-1.jpg\" alt=\"Juan Ortiz Escamilla inaugur\u00f3 el coloquio homenaje al desaparecido fil\u00f3sofo y exrector de la UV, Fernando Salmer\u00f3n Roiz \" width=\"722\" height=\"417\" srcset=\"https:\/\/www.uv.mx\/prensa\/files\/2025\/04\/230425-COUTTOLENC-Coloquio-Salmeron-1.jpg 722w, https:\/\/www.uv.mx\/prensa\/files\/2025\/04\/230425-COUTTOLENC-Coloquio-Salmeron-1-300x173.jpg 300w\" sizes=\"auto, (max-width: 722px) 100vw, 722px\" \/><p id=\"caption-attachment-154181\" class=\"wp-caption-text\">Juan Ortiz Escamilla inaugur\u00f3 el coloquio homenaje al desaparecido fil\u00f3sofo y exrector de la UV, Fernando Salmer\u00f3n Roiz<\/p><\/div>\n<p>&nbsp;<\/p>\n<p><b><i><span data-contrast=\"none\">Jos\u00e9 Luis Couttolenc Soto<\/span><\/i><\/b><span data-ccp-props=\"{&quot;201341983&quot;:0,&quot;335559739&quot;:0,&quot;335559740&quot;:240}\">\u00a0<\/span><\/p>\n<p><b><i><span data-contrast=\"none\">Fotos: Luis Fernando Fern\u00e1ndez<\/span><\/i><\/b><\/p>\n<p><b><i><span data-contrast=\"none\">23\/04\/2025, Xalapa, Ver.- <\/span><\/i><\/b><span data-contrast=\"none\">Las contribuciones intelectuales de Fernando Salmer\u00f3n Roiz siguen vigentes y estimulan la generaci\u00f3n de conocimiento, afirm\u00f3 Juan Ortiz Escamilla, secretario Acad\u00e9mico de la Universidad Veracruzana (UV), al inaugurar el Coloquio homenaje \u201c\u00c9tica, filosof\u00eda y racionalidad pr\u00e1ctica: 100 a\u00f1os de Fernando Salmer\u00f3n\u201d.<\/span><span data-ccp-props=\"{&quot;201341983&quot;:0,&quot;335559739&quot;:0,&quot;335559740&quot;:240}\">\u00a0<\/span><\/p>\n<p><span data-contrast=\"none\">En el Sal\u00f3n Azul de la Unidad de Humanidades se reunieron Fernando y Alicia Salmer\u00f3n Castro, hijos del homenajeado; Luis Estrada Gonz\u00e1lez, director del Instituto de Investigaciones Filos\u00f3ficas de la Universidad Nacional Aut\u00f3noma de M\u00e9xico (UNAM); directores generales, de \u00e1rea y de facultades de la UV, as\u00ed como investigadores y acad\u00e9micos.<\/span><span data-ccp-props=\"{&quot;201341983&quot;:0,&quot;335559739&quot;:0,&quot;335559740&quot;:240}\">\u00a0<\/span><\/p>\n<p><span data-contrast=\"none\">Ortiz Escamilla rese\u00f1\u00f3 la trayectoria acad\u00e9mica y aportaciones del desaparecido fil\u00f3sofo originario de la ciudad de C\u00f3rdoba; dijo que los ensayos, investigaciones e instituciones que fund\u00f3 y en las que labor\u00f3, llevan a\u00fan la impronta de su reflexi\u00f3n y ponen sobre la mesa la capacidad de la filosof\u00eda y las ciencias humanas para generar conocimiento social importante para enfrentar problemas irresueltos del presente.<\/span><span data-ccp-props=\"{&quot;201341983&quot;:0,&quot;335559731&quot;:708,&quot;335559739&quot;:0,&quot;335559740&quot;:240}\">\u00a0<\/span><\/p>\n<p><span data-contrast=\"none\">Su obra, agreg\u00f3, es tan prol\u00edfica y diversa como lo fue su productiva existencia; en el terreno de las ideas incursion\u00f3 en la \u00e9tica, estudios educativos, historia de la ciencia, y la racionalidad pr\u00e1ctica; abri\u00f3 espacios de aprendizaje f\u00e9rtiles para leer y escribir, discutir e investigar, pensar y diseminar el pensamiento.<\/span><span data-ccp-props=\"{&quot;201341983&quot;:0,&quot;335559739&quot;:0,&quot;335559740&quot;:240}\">\u00a0<\/span><\/p>\n<p><span data-contrast=\"none\">En la ceremonia inaugural del evento, organizado por la Facultad y el Instituto de Filosof\u00eda de la UV, Instituto de Investigaciones Filos\u00f3ficas de la UNAM y la Divisi\u00f3n de Ciencias Sociales y Humanidades de la Universidad Aut\u00f3noma Metropolitana (UAM), intervinieron tambi\u00e9n Ignacio Quepons Ram\u00edrez y Luis Antonio Romero Garc\u00eda, directores de las instituciones sede de esta casa de estudios.<\/span><\/p>\n<div id=\"attachment_154180\" style=\"width: 732px\" class=\"wp-caption aligncenter\"><img loading=\"lazy\" decoding=\"async\" aria-describedby=\"caption-attachment-154180\" class=\"size-full wp-image-154180\" src=\"https:\/\/www.uv.mx\/prensa\/files\/2025\/04\/230425-COUTTOLENC-Coloquio-Salmeron-2.jpg\" alt=\"Los investigadores Ricardo Corzo y Adolfo Garc\u00eda de la Sienra se refirieron a la trayectoria acad\u00e9mica, creaci\u00f3n de instituciones y aportaciones hechas por el reconocido fil\u00f3sofo veracruzano \" width=\"722\" height=\"481\" srcset=\"https:\/\/www.uv.mx\/prensa\/files\/2025\/04\/230425-COUTTOLENC-Coloquio-Salmeron-2.jpg 722w, https:\/\/www.uv.mx\/prensa\/files\/2025\/04\/230425-COUTTOLENC-Coloquio-Salmeron-2-300x200.jpg 300w\" sizes=\"auto, (max-width: 722px) 100vw, 722px\" \/><p id=\"caption-attachment-154180\" class=\"wp-caption-text\">Los investigadores Ricardo Corzo y Adolfo Garc\u00eda de la Sienra se refirieron a la trayectoria acad\u00e9mica, creaci\u00f3n de instituciones y aportaciones hechas por el reconocido fil\u00f3sofo veracruzano<\/p><\/div>\n<p>&nbsp;<\/p>\n<p><b><span data-contrast=\"none\">La historia de Salmer\u00f3n est\u00e1 por reescribirse<\/span><\/b><span data-ccp-props=\"{&quot;201341983&quot;:0,&quot;335559739&quot;:0,&quot;335559740&quot;:240}\"><br \/>\n<\/span><span data-contrast=\"none\">Las actividades del coloquio, que se extender\u00e1 hasta el viernes 25, iniciaron con el conversatorio \u201cFernando Salmer\u00f3n y la construcci\u00f3n de las instituciones educativas en M\u00e9xico\u201d, en el que participaron los investigadores de la UV, <\/span><span data-contrast=\"auto\">Adolfo Garc\u00eda de la Sienra Guajardo y Ricardo Corzo Ram\u00edrez.<\/span><span data-ccp-props=\"{&quot;201341983&quot;:0,&quot;335559739&quot;:0,&quot;335559740&quot;:240}\">\u00a0<\/span><\/p>\n<p><span data-contrast=\"auto\">El primero de ellos comparti\u00f3 an\u00e9cdotas, vivencias y preocupaciones del fil\u00f3sofo; sin embargo, consider\u00f3 que la historia de las contribuciones de Salmer\u00f3n a la gesti\u00f3n acad\u00e9mico- administrativa todav\u00eda est\u00e1 por reescribirse, \u201cno es una tarea menor, se requerir\u00eda de una investigaci\u00f3n hist\u00f3rica de gran calado para poder destacar la grandeza de sus contribuciones a la creaci\u00f3n de instituciones\u201d.<\/span><span data-ccp-props=\"{&quot;201341983&quot;:0,&quot;335559731&quot;:708,&quot;335559739&quot;:0,&quot;335559740&quot;:240}\">\u00a0<\/span><\/p>\n<p><span data-contrast=\"auto\">Por su parte, Corzo Ram\u00edrez mencion\u00f3 que Fernando Salmer\u00f3n fue de inicio abogado por la UV, pero fue tambi\u00e9n un gran fil\u00f3sofo que supo escribir y reflexionar sobre los cambios que se ten\u00edan que dar a los contenidos y programas con una visi\u00f3n sobre la cultura y la educaci\u00f3n, a fin de mejorar las condiciones de vida y los conceptos de justicia que ten\u00eda muy adentrados como buen jurista que fue.<\/span><span data-ccp-props=\"{&quot;201341983&quot;:0,&quot;335559731&quot;:708,&quot;335559739&quot;:0,&quot;335559740&quot;:240}\">\u00a0<\/span><\/p>\n<p><span data-contrast=\"none\">Destac\u00f3 como fil\u00f3sofo, catedr\u00e1tico, investigador y acad\u00e9mico mexicano, siendo sus \u00e1reas de especialidad la \u00e9tica, la filosof\u00eda de la educaci\u00f3n y la historia de la filosof\u00eda; el <\/span><span data-contrast=\"auto\">Colegio Nacional public\u00f3 su obra en ocho vol\u00famenes, en los que hay un apartado referido a la educaci\u00f3n y a la cultura.<\/span><\/p>\n<div id=\"attachment_154182\" style=\"width: 732px\" class=\"wp-caption aligncenter\"><img loading=\"lazy\" decoding=\"async\" aria-describedby=\"caption-attachment-154182\" class=\"size-full wp-image-154182\" src=\"https:\/\/www.uv.mx\/prensa\/files\/2025\/04\/230425-COUTTOLENC-Coloquio-Salmeron-3.jpg\" alt=\"El Sal\u00f3n Azul de la Unidad de Humanidades es sede del Coloquio homenaje \u201c\u00c9tica, filosof\u00eda y racionalidad pr\u00e1ctica: 100 a\u00f1os de Fernando Salmer\u00f3n\u201d \" width=\"722\" height=\"481\" srcset=\"https:\/\/www.uv.mx\/prensa\/files\/2025\/04\/230425-COUTTOLENC-Coloquio-Salmeron-3.jpg 722w, https:\/\/www.uv.mx\/prensa\/files\/2025\/04\/230425-COUTTOLENC-Coloquio-Salmeron-3-300x200.jpg 300w\" sizes=\"auto, (max-width: 722px) 100vw, 722px\" \/><p id=\"caption-attachment-154182\" class=\"wp-caption-text\">El Sal\u00f3n Azul de la Unidad de Humanidades es sede del Coloquio homenaje \u201c\u00c9tica, filosof\u00eda y racionalidad pr\u00e1ctica: 100 a\u00f1os de Fernando Salmer\u00f3n\u201d<\/p><\/div>\n<p>&nbsp;<\/p>\n<p><span data-contrast=\"auto\">En su paso por la UV tambi\u00e9n dej\u00f3 huella. Fue fundador (1956), profesor (1956-1963) y primer director (1956-1958) de la Facultad de Filosof\u00eda y Letras; ejerci\u00f3 el cargo de secretario general de 1957 a 1958; entre 1959 y 1960 se hizo cargo de la rector\u00eda en forma interina y fue rector definitivo de 1961 a 1963. Durante su gesti\u00f3n fund\u00f3 la revista cultural\u202f<\/span><i><span data-contrast=\"auto\">La Palabra y el Hombre<\/span><\/i><span data-contrast=\"auto\">.<\/span><span data-ccp-props=\"{&quot;201341983&quot;:0,&quot;335557856&quot;:16777215,&quot;335559731&quot;:708,&quot;335559739&quot;:0,&quot;335559740&quot;:240}\">\u00a0<\/span><\/p>\n<p><span data-contrast=\"auto\">Las actividades continuar\u00e1n los d\u00edas 24 y 25 de abril con conferencias, conversatorios y mesas de trabajo en torno a la trayectoria y aportes del homenajeado.<\/span><span data-ccp-props=\"{&quot;201341983&quot;:0,&quot;335557856&quot;:16777215,&quot;335559731&quot;:708,&quot;335559739&quot;:0,&quot;335559740&quot;:240}\">\u00a0<\/span><\/p>\n","protected":false},"excerpt":{"rendered":"<p>Fue un fil\u00f3sofo que supo reflexionar sobre los cambios que se ten\u00edan que dar a programas y contenidos educativos<\/p>\n","protected":false},"author":1775,"featured_media":154179,"comment_status":"closed","ping_status":"closed","sticky":false,"template":"","format":"standard","meta":{"footnotes":""},"categories":[1,15424,61],"tags":[23510,23507,23504,813,23509,171,23505,23506,8505,11270,13758,4162,2288,10462,23508,6592,3135,5876,628,101,4827,200,404],"class_list":["post-154183","post","type-post","status-publish","format-standard","has-post-thumbnail","hentry","category-general","category-planta-academica","category-banner","tag-adolfo-garcia-de-la-sienra-guajardo","tag-alicia-salmeron-castro","tag-coloquio-homenaje","tag-conversatorio","tag-division-de-ciencias-sociales-y-humanidades","tag-facultad-de-filosofia","tag-fernando-salmeron","tag-fernando-salmeron-castro","tag-ignacio-quepons-ramirez","tag-instituto-de-filosofia","tag-instituto-de-investigaciones-filosoficas","tag-jose-luis-couttolenc-soto","tag-juan-ortiz-escamilla","tag-luis-antonio-romero-garcia","tag-luis-estrada-gonzalez","tag-luis-fernando-fernandez","tag-ricardo-corzo-ramirez","tag-salon-azul","tag-uam","tag-unam","tag-unidad-de-humanidades","tag-universidad-autonoma-metropolitana","tag-universidad-nacional-autonoma-de-mexico"],"_links":{"self":[{"href":"https:\/\/www.uv.mx\/prensa\/wp-json\/wp\/v2\/posts\/154183","targetHints":{"allow":["GET"]}}],"collection":[{"href":"https:\/\/www.uv.mx\/prensa\/wp-json\/wp\/v2\/posts"}],"about":[{"href":"https:\/\/www.uv.mx\/prensa\/wp-json\/wp\/v2\/types\/post"}],"author":[{"embeddable":true,"href":"https:\/\/www.uv.mx\/prensa\/wp-json\/wp\/v2\/users\/1775"}],"replies":[{"embeddable":true,"href":"https:\/\/www.uv.mx\/prensa\/wp-json\/wp\/v2\/comments?post=154183"}],"version-history":[{"count":1,"href":"https:\/\/www.uv.mx\/prensa\/wp-json\/wp\/v2\/posts\/154183\/revisions"}],"predecessor-version":[{"id":154184,"href":"https:\/\/www.uv.mx\/prensa\/wp-json\/wp\/v2\/posts\/154183\/revisions\/154184"}],"wp:featuredmedia":[{"embeddable":true,"href":"https:\/\/www.uv.mx\/prensa\/wp-json\/wp\/v2\/media\/154179"}],"wp:attachment":[{"href":"https:\/\/www.uv.mx\/prensa\/wp-json\/wp\/v2\/media?parent=154183"}],"wp:term":[{"taxonomy":"category","embeddable":true,"href":"https:\/\/www.uv.mx\/prensa\/wp-json\/wp\/v2\/categories?post=154183"},{"taxonomy":"post_tag","embeddable":true,"href":"https:\/\/www.uv.mx\/prensa\/wp-json\/wp\/v2\/tags?post=154183"}],"curies":[{"name":"wp","href":"https:\/\/api.w.org\/{rel}","templated":true}]}}