{"id":153459,"date":"2025-04-01T16:48:39","date_gmt":"2025-04-01T22:48:39","guid":{"rendered":"https:\/\/www.uv.mx\/prensa\/?p=153459"},"modified":"2025-04-01T16:48:39","modified_gmt":"2025-04-01T22:48:39","slug":"uv-promueve-acciones-sustentables-entre-becarios","status":"publish","type":"post","link":"https:\/\/www.uv.mx\/prensa\/general\/uv-promueve-acciones-sustentables-entre-becarios\/","title":{"rendered":"UV promueve acciones sustentables entre becarios"},"content":{"rendered":"<p><span data-ccp-props=\"{}\">\u00a0<\/span><\/p>\n<ul>\n<li data-leveltext=\"\uf0b7\" data-font=\"Symbol\" data-listid=\"6\" data-list-defn-props=\"{&quot;335552541&quot;:1,&quot;335559685&quot;:720,&quot;335559991&quot;:360,&quot;469769226&quot;:&quot;Symbol&quot;,&quot;469769242&quot;:[8226],&quot;469777803&quot;:&quot;left&quot;,&quot;469777804&quot;:&quot;\uf0b7&quot;,&quot;469777815&quot;:&quot;hybridMultilevel&quot;}\" data-aria-posinset=\"1\" data-aria-level=\"1\"><i><span data-contrast=\"auto\">Profesoras de la Facultad de Ciencias Agr\u00edcolas, con apoyo del Voluntariado y la Fundaci\u00f3n UV, impartieron un taller para preparar jab\u00f3n a base de aceite de cocina usado<\/span><\/i><span data-ccp-props=\"{}\">\u00a0<\/span><\/li>\n<\/ul>\n<ul>\n<li data-leveltext=\"\uf0b7\" data-font=\"Symbol\" data-listid=\"6\" data-list-defn-props=\"{&quot;335552541&quot;:1,&quot;335559685&quot;:720,&quot;335559991&quot;:360,&quot;469769226&quot;:&quot;Symbol&quot;,&quot;469769242&quot;:[8226],&quot;469777803&quot;:&quot;left&quot;,&quot;469777804&quot;:&quot;\uf0b7&quot;,&quot;469777815&quot;:&quot;hybridMultilevel&quot;}\" data-aria-posinset=\"2\" data-aria-level=\"1\"><i><span data-contrast=\"auto\">La capacitaci\u00f3n se enfoc\u00f3 en el aprovechamiento de un producto contaminante del agua<\/span><\/i><span data-ccp-props=\"{}\">\u00a0<\/span><\/li>\n<\/ul>\n<p><span data-ccp-props=\"{}\">\u00a0<\/span><\/p>\n<div id=\"attachment_153456\" style=\"width: 732px\" class=\"wp-caption aligncenter\"><img loading=\"lazy\" decoding=\"async\" aria-describedby=\"caption-attachment-153456\" class=\"size-full wp-image-153456\" src=\"https:\/\/www.uv.mx\/prensa\/files\/2025\/04\/280325-CARLOS-Taller-jabones-1.jpg\" alt=\"\" width=\"722\" height=\"481\" srcset=\"https:\/\/www.uv.mx\/prensa\/files\/2025\/04\/280325-CARLOS-Taller-jabones-1.jpg 722w, https:\/\/www.uv.mx\/prensa\/files\/2025\/04\/280325-CARLOS-Taller-jabones-1-300x200.jpg 300w\" sizes=\"auto, (max-width: 722px) 100vw, 722px\" \/><p id=\"caption-attachment-153456\" class=\"wp-caption-text\">Los j\u00f3venes filtraron el aceite para eliminar impurezas<\/p><\/div>\n<p><span data-ccp-props=\"{}\">\u00a0<\/span><\/p>\n<div id=\"attachment_153458\" style=\"width: 732px\" class=\"wp-caption aligncenter\"><img loading=\"lazy\" decoding=\"async\" aria-describedby=\"caption-attachment-153458\" class=\"size-full wp-image-153458\" src=\"https:\/\/www.uv.mx\/prensa\/files\/2025\/04\/280325-CARLOS-Taller-jabones-2.jpg\" alt=\"\" width=\"722\" height=\"449\" \/><p id=\"caption-attachment-153458\" class=\"wp-caption-text\">El taller cont\u00f3 con la asistencia de nueve estudiantes<\/p><\/div>\n<p>&nbsp;<\/p>\n<p><b><i><span data-contrast=\"auto\">Carlos Hugo Hermida Rosales<\/span><\/i><\/b><span data-ccp-props=\"{}\">\u00a0<\/span><\/p>\n<p><b><i><span data-contrast=\"auto\">Fotos: Luis Fernando Fern\u00e1ndez<\/span><\/i><\/b><span data-ccp-props=\"{}\">\u00a0<\/span><\/p>\n<p><b><i><span data-contrast=\"auto\">01\/04\/2025, Xalapa, Ver.-<\/span><\/i><\/b><span data-contrast=\"auto\"> Docentes de la Facultad de Ciencias Agr\u00edcolas (FCA) de la Universidad Veracruzana (UV), con apoyo del Voluntariado y la Fundaci\u00f3n de esta instituci\u00f3n educativa, impartieron a estudiantes beneficiarios del programa de becas de alimentos un taller de elaboraci\u00f3n de jabones a base de aceite de cocina usado.\u00a0<\/span><span data-ccp-props=\"{}\">\u00a0<\/span><\/p>\n<p><span data-contrast=\"auto\">Luz Amelia S\u00e1nchez Landero, catedr\u00e1tica de la FCA, explic\u00f3 que la actividad realizada en las instalaciones del Voluntariado UV tuvo por objetivo promover la sustentabilidad entre los alumnos, por medio del aprovechamiento de un producto contaminante del agua.\u00a0\u00a0<\/span><span data-ccp-props=\"{&quot;335559731&quot;:708}\">\u00a0<\/span><\/p>\n<p><span data-contrast=\"auto\">La profesora detall\u00f3 que para elaborar el jab\u00f3n primero se filtr\u00f3 el aceite a fin de quitarle impurezas, despu\u00e9s se le someti\u00f3 a un proceso de curado para eliminar su alcalinidad con ayuda de hidr\u00f3xido de sodio \u2013sosa caustica\u2013.<\/span><\/p>\n<p>&nbsp;<\/p>\n<div id=\"attachment_153455\" style=\"width: 732px\" class=\"wp-caption aligncenter\"><img loading=\"lazy\" decoding=\"async\" aria-describedby=\"caption-attachment-153455\" class=\"size-full wp-image-153455\" src=\"https:\/\/www.uv.mx\/prensa\/files\/2025\/04\/280325-CARLOS-Taller-jabones-3.jpg\" alt=\"\" width=\"722\" height=\"481\" srcset=\"https:\/\/www.uv.mx\/prensa\/files\/2025\/04\/280325-CARLOS-Taller-jabones-3.jpg 722w, https:\/\/www.uv.mx\/prensa\/files\/2025\/04\/280325-CARLOS-Taller-jabones-3-300x200.jpg 300w\" sizes=\"auto, (max-width: 722px) 100vw, 722px\" \/><p id=\"caption-attachment-153455\" class=\"wp-caption-text\">Luz Amelia S\u00e1nchez Landero<\/p><\/div>\n<p><span data-contrast=\"auto\">\u00a0<\/span><span data-ccp-props=\"{&quot;335559731&quot;:708}\">\u00a0<\/span><\/p>\n<p><span data-contrast=\"auto\">La acad\u00e9mica mencion\u00f3 que en esta capacitaci\u00f3n, alineada con el eje transversal de sustentabilidad del Programa de Trabajo 2021-2025 de la UV, labor\u00f3 en conjunto con sus colegas Yajaira Baeza Guzm\u00e1n y Wendy Sangrabriel Conde.<\/span><span data-ccp-props=\"{&quot;335559731&quot;:708}\">\u00a0<\/span><\/p>\n<p><span data-contrast=\"auto\">Itzel Isaura Jarvio Tobilla, responsable del Programa de Comedores de la UV, comparti\u00f3 que al taller asistieron un total de nueve j\u00f3venes que en todo momento se mostraron participativos e interesados por aprender del tema.<\/span><span data-ccp-props=\"{&quot;335559731&quot;:708}\">\u00a0<\/span><\/p>\n<p><span data-contrast=\"auto\">\u201cCon acciones de este tipo se concientiza al alumnado sobre la importancia de la sustentabilidad\u201d, asegur\u00f3.\u00a0<\/span><span data-ccp-props=\"{&quot;335559731&quot;:708}\">\u00a0<\/span><\/p>\n<p><span data-contrast=\"auto\">Mauricio Garc\u00eda Vel\u00e1zquez, director de Operaci\u00f3n y Desarrollo de la Fundaci\u00f3n UV, opin\u00f3 que estas iniciativas son esenciales en el crecimiento de los estudiantes, porque les motivan a realizar actividades pr\u00e1cticas ajenas a su formaci\u00f3n.<\/span><\/p>\n<p>&nbsp;<\/p>\n<div id=\"attachment_153454\" style=\"width: 732px\" class=\"wp-caption aligncenter\"><img loading=\"lazy\" decoding=\"async\" aria-describedby=\"caption-attachment-153454\" class=\"size-full wp-image-153454\" src=\"https:\/\/www.uv.mx\/prensa\/files\/2025\/04\/280325-CARLOS-Taller-jabones-4.jpg\" alt=\"\" width=\"722\" height=\"481\" srcset=\"https:\/\/www.uv.mx\/prensa\/files\/2025\/04\/280325-CARLOS-Taller-jabones-4.jpg 722w, https:\/\/www.uv.mx\/prensa\/files\/2025\/04\/280325-CARLOS-Taller-jabones-4-300x200.jpg 300w\" sizes=\"auto, (max-width: 722px) 100vw, 722px\" \/><p id=\"caption-attachment-153454\" class=\"wp-caption-text\">Itzel Isaura Jarvio Tobilla<\/p><\/div>\n<p><span data-ccp-props=\"{&quot;335559731&quot;:708}\">\u00a0<\/span><\/p>\n<p><span data-contrast=\"auto\">\u201cAunque no se encuentran en su curr\u00edcula acad\u00e9mica, fortalecen su preparaci\u00f3n en gran medida\u201d, manifest\u00f3.\u00a0<\/span><span data-ccp-props=\"{&quot;335559731&quot;:708}\">\u00a0<\/span><\/p>\n<p><span data-contrast=\"auto\">Ku\u2019Chee Licea P\u00e9rez, alumna de la Licenciatura en Historia, consider\u00f3 fundamental dar una segunda vida a los residuos generados, \u201cpues pocas veces tenemos conciencia sobre su destino final\u201d.<\/span><span data-ccp-props=\"{&quot;335559731&quot;:708}\">\u00a0<\/span><\/p>\n<p><span data-contrast=\"auto\">La joven resalt\u00f3 que se abordaron conocimientos desde distintos enfoques, y pudo interactuar con compa\u00f1eros de otras facultades, quienes aportaron puntos de vista diversos.\u00a0<\/span><span data-ccp-props=\"{&quot;335559731&quot;:708}\">\u00a0<\/span><\/p>\n<p><span data-contrast=\"auto\">Por su parte, H\u00e9ctor Pacheco Trujillo, estudiante de Administraci\u00f3n, mencion\u00f3 que en la capacitaci\u00f3n todos mostraron una excelente disposici\u00f3n y vibra, lo cual propici\u00f3 que fluyera de gran manera.<\/span><span data-ccp-props=\"{&quot;335559731&quot;:708}\">\u00a0<\/span><\/p>\n<p><span data-contrast=\"auto\">\u201cSe habla mucho de la econom\u00eda circular y la sustentabilidad, pero hacen falta acciones como esta que la aterricen y promuevan en la comunidad universitaria\u201d, manifest\u00f3.<\/span><\/p>\n<p>&nbsp;<\/p>\n<div id=\"attachment_153453\" style=\"width: 732px\" class=\"wp-caption aligncenter\"><img loading=\"lazy\" decoding=\"async\" aria-describedby=\"caption-attachment-153453\" class=\"wp-image-153453 size-full\" src=\"https:\/\/www.uv.mx\/prensa\/files\/2025\/04\/280325-CARLOS-Taller-jabones-5.jpg\" alt=\"\" width=\"722\" height=\"481\" srcset=\"https:\/\/www.uv.mx\/prensa\/files\/2025\/04\/280325-CARLOS-Taller-jabones-5.jpg 722w, https:\/\/www.uv.mx\/prensa\/files\/2025\/04\/280325-CARLOS-Taller-jabones-5-300x200.jpg 300w\" sizes=\"auto, (max-width: 722px) 100vw, 722px\" \/><p id=\"caption-attachment-153453\" class=\"wp-caption-text\">Mauricio Garc\u00eda Vel\u00e1zquez<\/p><\/div>\n<p>&nbsp;<\/p>\n<div id=\"attachment_153457\" style=\"width: 732px\" class=\"wp-caption aligncenter\"><img loading=\"lazy\" decoding=\"async\" aria-describedby=\"caption-attachment-153457\" class=\"size-full wp-image-153457\" src=\"https:\/\/www.uv.mx\/prensa\/files\/2025\/04\/280325-CARLOS-Taller-jabones-6.jpg\" alt=\"\" width=\"722\" height=\"481\" srcset=\"https:\/\/www.uv.mx\/prensa\/files\/2025\/04\/280325-CARLOS-Taller-jabones-6.jpg 722w, https:\/\/www.uv.mx\/prensa\/files\/2025\/04\/280325-CARLOS-Taller-jabones-6-300x200.jpg 300w\" sizes=\"auto, (max-width: 722px) 100vw, 722px\" \/><p id=\"caption-attachment-153457\" class=\"wp-caption-text\">Ku\u2019Chee Licea P\u00e9rez<\/p><\/div>\n","protected":false},"excerpt":{"rendered":"<p>Profesoras de la Facultad de Ciencias Agr\u00edcolas, con apoyo del Voluntariado y la Fundaci\u00f3n UV, impartieron un taller para preparar jab\u00f3n a base de aceite de cocina usado\u00a0<\/p>\n","protected":false},"author":1869,"featured_media":153460,"comment_status":"closed","ping_status":"closed","sticky":false,"template":"","format":"standard","meta":{"footnotes":""},"categories":[15423,1,61,6299],"tags":[4161,22982,3140,22986,22983,22985,6157,17155,6592,20572,21546,21545,22984,5261,20311,6228,20571,4016],"class_list":["post-153459","post","type-post","status-publish","format-standard","has-post-thumbnail","hentry","category-estudiantes","category-general","category-banner","category-sustentabilidad","tag-carlos-hugo-hermida-rosales","tag-facultad-de-ciencias-agricolas-fca","tag-fundacion-uv","tag-hector-pacheco-trujillo","tag-itzel-isaura-jarvio-tobilla","tag-kuchee-licea-perez","tag-licenciatura-en-administracion","tag-licenciatura-en-historia","tag-luis-fernando-fernandez","tag-luz-amelia-sanchez-landero","tag-mauricio-garcia-velazquez","tag-programa-de-becas-de-alimentos","tag-programa-de-comedores-de-la-uv","tag-programa-de-trabajo-2021-2025","tag-universidad-veracruzana-uv","tag-voluntariado-uv","tag-wendy-sangrabriel-conde","tag-yajaira-baeza-guzman"],"_links":{"self":[{"href":"https:\/\/www.uv.mx\/prensa\/wp-json\/wp\/v2\/posts\/153459","targetHints":{"allow":["GET"]}}],"collection":[{"href":"https:\/\/www.uv.mx\/prensa\/wp-json\/wp\/v2\/posts"}],"about":[{"href":"https:\/\/www.uv.mx\/prensa\/wp-json\/wp\/v2\/types\/post"}],"author":[{"embeddable":true,"href":"https:\/\/www.uv.mx\/prensa\/wp-json\/wp\/v2\/users\/1869"}],"replies":[{"embeddable":true,"href":"https:\/\/www.uv.mx\/prensa\/wp-json\/wp\/v2\/comments?post=153459"}],"version-history":[{"count":1,"href":"https:\/\/www.uv.mx\/prensa\/wp-json\/wp\/v2\/posts\/153459\/revisions"}],"predecessor-version":[{"id":153468,"href":"https:\/\/www.uv.mx\/prensa\/wp-json\/wp\/v2\/posts\/153459\/revisions\/153468"}],"wp:featuredmedia":[{"embeddable":true,"href":"https:\/\/www.uv.mx\/prensa\/wp-json\/wp\/v2\/media\/153460"}],"wp:attachment":[{"href":"https:\/\/www.uv.mx\/prensa\/wp-json\/wp\/v2\/media?parent=153459"}],"wp:term":[{"taxonomy":"category","embeddable":true,"href":"https:\/\/www.uv.mx\/prensa\/wp-json\/wp\/v2\/categories?post=153459"},{"taxonomy":"post_tag","embeddable":true,"href":"https:\/\/www.uv.mx\/prensa\/wp-json\/wp\/v2\/tags?post=153459"}],"curies":[{"name":"wp","href":"https:\/\/api.w.org\/{rel}","templated":true}]}}