{"id":153273,"date":"2025-03-27T18:18:37","date_gmt":"2025-03-28T00:18:37","guid":{"rendered":"https:\/\/www.uv.mx\/prensa\/?p=153273"},"modified":"2025-03-27T18:18:37","modified_gmt":"2025-03-28T00:18:37","slug":"especialista-advierte-sobre-deterioro-de-ecosistemas-veracruzanos","status":"publish","type":"post","link":"https:\/\/www.uv.mx\/prensa\/general\/especialista-advierte-sobre-deterioro-de-ecosistemas-veracruzanos\/","title":{"rendered":"Especialista advierte sobre deterioro de ecosistemas veracruzanos\u00a0"},"content":{"rendered":"<ul>\n<li data-leveltext=\"\uf0b7\" data-font=\"Symbol\" data-listid=\"7\" data-list-defn-props=\"{&quot;335552541&quot;:1,&quot;335559685&quot;:720,&quot;335559991&quot;:360,&quot;469769226&quot;:&quot;Symbol&quot;,&quot;469769242&quot;:[8226],&quot;469777803&quot;:&quot;left&quot;,&quot;469777804&quot;:&quot;\uf0b7&quot;,&quot;469777815&quot;:&quot;hybridMultilevel&quot;}\" data-aria-posinset=\"1\" data-aria-level=\"1\"><i><span data-contrast=\"auto\">Su estado de salud est\u00e1 cercano a cero, asegur\u00f3 Agust\u00edn Fern\u00e1ndez Eguiarte, investigador del Instituto de Ciencias de la Atm\u00f3sfera y Cambio Clim\u00e1tico de la UNAM<\/span><\/i><span data-ccp-props=\"{&quot;134233117&quot;:false,&quot;134233118&quot;:false,&quot;201341983&quot;:0,&quot;335557856&quot;:16777215,&quot;335559738&quot;:0,&quot;335559739&quot;:0,&quot;335559740&quot;:240}\">\u00a0<\/span><\/li>\n<\/ul>\n<ul>\n<li data-leveltext=\"\uf0b7\" data-font=\"Symbol\" data-listid=\"7\" data-list-defn-props=\"{&quot;335552541&quot;:1,&quot;335559685&quot;:720,&quot;335559991&quot;:360,&quot;469769226&quot;:&quot;Symbol&quot;,&quot;469769242&quot;:[8226],&quot;469777803&quot;:&quot;left&quot;,&quot;469777804&quot;:&quot;\uf0b7&quot;,&quot;469777815&quot;:&quot;hybridMultilevel&quot;}\" data-aria-posinset=\"2\" data-aria-level=\"1\"><i><span data-contrast=\"auto\">Ofreci\u00f3 conferencia en el posgrado en Ecolog\u00eda Tropical del <\/span><\/i><span data-contrast=\"auto\">Citro<\/span><i><span data-contrast=\"auto\"> UV<\/span><\/i><span data-ccp-props=\"{&quot;134233117&quot;:false,&quot;134233118&quot;:false,&quot;201341983&quot;:0,&quot;335557856&quot;:16777215,&quot;335559738&quot;:0,&quot;335559739&quot;:0,&quot;335559740&quot;:240}\">\u00a0<\/span><\/li>\n<\/ul>\n<p>&nbsp;<\/p>\n<div id=\"attachment_153170\" style=\"width: 732px\" class=\"wp-caption aligncenter\"><img aria-describedby=\"caption-attachment-153170\" decoding=\"async\" loading=\"lazy\" class=\"size-full wp-image-153170\" src=\"https:\/\/www.uv.mx\/prensa\/files\/2025\/03\/210325-COUTTOLENC-Conferencia-Agustin-Fernandez-1-100k.jpg\" alt=\"\" width=\"722\" height=\"482\" srcset=\"https:\/\/www.uv.mx\/prensa\/files\/2025\/03\/210325-COUTTOLENC-Conferencia-Agustin-Fernandez-1-100k.jpg 722w, https:\/\/www.uv.mx\/prensa\/files\/2025\/03\/210325-COUTTOLENC-Conferencia-Agustin-Fernandez-1-100k-300x200.jpg 300w\" sizes=\"(max-width: 722px) 100vw, 722px\" \/><p id=\"caption-attachment-153170\" class=\"wp-caption-text\">Agust\u00edn Fern\u00e1ndez Eguiarte, investigador de la UNAM, ofreci\u00f3 conferencia en el posgrado de Ecolog\u00eda Tropical del <em>Citro<\/em><\/p><\/div>\n<p><span data-ccp-props=\"{&quot;134233117&quot;:false,&quot;134233118&quot;:false,&quot;201341983&quot;:0,&quot;335557856&quot;:16777215,&quot;335559738&quot;:0,&quot;335559739&quot;:0,&quot;335559740&quot;:240}\">\u00a0<\/span><\/p>\n<p><b><i><span data-contrast=\"auto\">Jos\u00e9 Luis Couttolenc Soto<\/span><\/i><\/b><span data-ccp-props=\"{&quot;134233117&quot;:false,&quot;134233118&quot;:false,&quot;201341983&quot;:0,&quot;335557856&quot;:16777215,&quot;335559738&quot;:0,&quot;335559739&quot;:0,&quot;335559740&quot;:240}\">\u00a0<\/span><\/p>\n<p><b><i><span data-contrast=\"auto\">Fotos: Luis Fernando Fern\u00e1ndez y cortes\u00eda Agust\u00edn Fern\u00e1ndez<\/span><\/i><\/b><span data-ccp-props=\"{&quot;134233117&quot;:false,&quot;134233118&quot;:false,&quot;201341983&quot;:0,&quot;335557856&quot;:16777215,&quot;335559738&quot;:0,&quot;335559739&quot;:0,&quot;335559740&quot;:240}\">\u00a0<\/span><\/p>\n<p><b><i><span data-contrast=\"auto\">27\/03\/2025, Xalapa, Ver.- <\/span><\/i><\/b><span data-contrast=\"auto\">La calidad y el estado de salud de los ecosistemas del estado de Veracruz se encuentran seriamente deteriorados, al grado de que su \u00edndice va de cero a uno y en la mayor parte de la entidad se encuentra ya cercano a cero, \u201cen muy mal estado\u201d, se\u00f1al\u00f3 Agust\u00edn Fern\u00e1ndez Eguiarte, del Instituto de Ciencias de la Atm\u00f3sfera y Cambio Clim\u00e1tico de la Universidad Nacional Aut\u00f3noma de M\u00e9xico (UNAM).<\/span><span data-ccp-props=\"{&quot;134233117&quot;:false,&quot;134233118&quot;:false,&quot;201341983&quot;:0,&quot;335557856&quot;:16777215,&quot;335559738&quot;:0,&quot;335559739&quot;:0,&quot;335559740&quot;:240}\">\u00a0<\/span><\/p>\n<p><span data-contrast=\"auto\">El investigador ofreci\u00f3 la conferencia \u201cDatos y modelos cartogr\u00e1ficos interactivos de fen\u00f3menos hidrometeorol\u00f3gicos, clim\u00e1ticos, de cambio clim\u00e1tico y ambientales en el estado de Veracruz\u201d, como parte del posgrado en Ecolog\u00eda Tropical del Centro de Investigaciones Tropicales (<\/span><i><span data-contrast=\"auto\">Citro<\/span><\/i><span data-contrast=\"auto\">) de la Universidad Veracruzana (UV).<\/span><span data-ccp-props=\"{&quot;134233117&quot;:false,&quot;134233118&quot;:false,&quot;201341983&quot;:0,&quot;335557856&quot;:16777215,&quot;335559731&quot;:708,&quot;335559738&quot;:0,&quot;335559739&quot;:0,&quot;335559740&quot;:240}\">\u00a0<\/span><\/p>\n<p><span data-contrast=\"auto\">Fern\u00e1ndez Eguiarte, quien realiza una estancia de investigaci\u00f3n en el Centro de Ciencias de la Tierra (CCT) de la UV, bas\u00f3 su charla en datos del Servicio Meteorol\u00f3gico Nacional (SMN), el Instituto Nacional de Investigaciones Forestales y Agr\u00edcolas y Pecuarias (INIFAP), y el Instituto de Ecolog\u00eda (<\/span><i><span data-contrast=\"auto\">Inecol<\/span><\/i><span data-contrast=\"auto\">).<\/span><\/p>\n<p>&nbsp;<\/p>\n<div id=\"attachment_153172\" style=\"width: 732px\" class=\"wp-caption aligncenter\"><img aria-describedby=\"caption-attachment-153172\" decoding=\"async\" loading=\"lazy\" class=\"size-full wp-image-153172\" src=\"https:\/\/www.uv.mx\/prensa\/files\/2025\/03\/210325-COUTTOLENC-Conferencia-Agustin-Fernandez-2-100k.jpg\" alt=\"\" width=\"722\" height=\"482\" srcset=\"https:\/\/www.uv.mx\/prensa\/files\/2025\/03\/210325-COUTTOLENC-Conferencia-Agustin-Fernandez-2-100k.jpg 722w, https:\/\/www.uv.mx\/prensa\/files\/2025\/03\/210325-COUTTOLENC-Conferencia-Agustin-Fernandez-2-100k-300x200.jpg 300w\" sizes=\"(max-width: 722px) 100vw, 722px\" \/><p id=\"caption-attachment-153172\" class=\"wp-caption-text\">Estudiantes del posgrado en Ecolog\u00eda Tropical escucharon la disertaci\u00f3n sobre investigaciones de cambio clim\u00e1tico y ecosistemas de Veracruz<\/p><\/div>\n<p>&nbsp;<\/p>\n<p><span data-contrast=\"auto\">Subray\u00f3 que en el caso particular de Veracruz se observa un incremento grave de la temperatura, as\u00ed como un decremento importante en su precipitaci\u00f3n pluvial, que genera consecuencias en muchos \u00e1mbitos como los ecosistemas \u2013social y ambiental\u2013, \u201cy sobre esto existe muy poca conciencia y un problema ambiental mayor\u201d, indic\u00f3.<\/span><span data-ccp-props=\"{&quot;134233117&quot;:false,&quot;134233118&quot;:false,&quot;201341983&quot;:0,&quot;335557856&quot;:16777215,&quot;335559731&quot;:708,&quot;335559738&quot;:0,&quot;335559739&quot;:0,&quot;335559740&quot;:240}\">\u00a0<\/span><\/p>\n<p><span data-contrast=\"auto\">Respecto al cambio clim\u00e1tico (CC), el investigador de la UNAM puntualiz\u00f3 que existen mitos y realidades, \u201cpero con datos e informaci\u00f3n la ciencia nos dice que ya no es solo una amenaza, sino una realidad presente y la mayor en este momento para el planeta\u201d. Agreg\u00f3 que junto con el CC se vive una crisis ambiental grave que se pondr\u00e1 peor cada d\u00eda.<\/span><span data-ccp-props=\"{&quot;134233117&quot;:false,&quot;134233118&quot;:false,&quot;201341983&quot;:0,&quot;335557856&quot;:16777215,&quot;335559731&quot;:708,&quot;335559738&quot;:0,&quot;335559739&quot;:0,&quot;335559740&quot;:240}\">\u00a0<\/span><\/p>\n<p><span data-contrast=\"auto\">Refiri\u00f3 que derivado tambi\u00e9n del CC cada vez son m\u00e1s frecuentes e intensos los impactos de ciclones tropicales en Veracruz por su gran n\u00famero de costas, extendiendo sus efectos hacia los ecosistemas, humedales y zonas urbanas que registran inundaciones.<\/span><\/p>\n<p>&nbsp;<\/p>\n<div id=\"attachment_153171\" style=\"width: 650px\" class=\"wp-caption aligncenter\"><img aria-describedby=\"caption-attachment-153171\" decoding=\"async\" loading=\"lazy\" class=\"size-full wp-image-153171\" src=\"https:\/\/www.uv.mx\/prensa\/files\/2025\/03\/210325-COUTTOLENC-Conferencia-Agustin-Fernandez-3-100k.jpg\" alt=\"\" width=\"640\" height=\"480\" srcset=\"https:\/\/www.uv.mx\/prensa\/files\/2025\/03\/210325-COUTTOLENC-Conferencia-Agustin-Fernandez-3-100k.jpg 640w, https:\/\/www.uv.mx\/prensa\/files\/2025\/03\/210325-COUTTOLENC-Conferencia-Agustin-Fernandez-3-100k-300x225.jpg 300w\" sizes=\"(max-width: 640px) 100vw, 640px\" \/><p id=\"caption-attachment-153171\" class=\"wp-caption-text\">Debido al cambio clim\u00e1tico cada vez son m\u00e1s frecuentes e intensos los impactos de ciclones tropicales en Veracruz<\/p><\/div>\n<p><span data-ccp-props=\"{&quot;134233117&quot;:false,&quot;134233118&quot;:false,&quot;201341983&quot;:0,&quot;335557856&quot;:16777215,&quot;335559731&quot;:708,&quot;335559738&quot;:0,&quot;335559739&quot;:0,&quot;335559740&quot;:240}\">\u00a0<\/span><\/p>\n<p><span data-contrast=\"auto\">Con informaci\u00f3n de las estaciones clim\u00e1ticas, se desarrollaron y visualizaron bases de datos de precipitaci\u00f3n acumulada durante los d\u00edas de duraci\u00f3n de cada uno de los 12 ciclones tropicales que se registraron entre 2011 y 2017, afectando a Veracruz y \u00e1reas adyacentes; toda esta informaci\u00f3n, puede ser consultada en internet en \u201cDatos abiertos Fair\u201d.<\/span><span data-ccp-props=\"{&quot;134233117&quot;:false,&quot;134233118&quot;:false,&quot;201341983&quot;:0,&quot;335557856&quot;:16777215,&quot;335559731&quot;:708,&quot;335559738&quot;:0,&quot;335559739&quot;:0,&quot;335559740&quot;:240}\">\u00a0<\/span><\/p>\n<p><span data-contrast=\"auto\">Agust\u00edn Fern\u00e1ndez dijo que las variables que se manejan en el estudio son temperatura m\u00e1xima y m\u00ednima, precipitaci\u00f3n, temperatura m\u00e1xima extrema y temperatura m\u00ednima extrema; \u201ctoda la informaci\u00f3n se encuentra tambi\u00e9n disponible y estructurada con metadatos en Fair, y puede ser utilizada para cualquier proyecto de investigaci\u00f3n\u201d.<\/span><\/p>\n","protected":false},"excerpt":{"rendered":"<p>Existen mitos y realidades sobre cambio clim\u00e1tico, pero la ciencia con datos e informaci\u00f3n dice que ya no es una amenaza, sino una realidad, plante\u00f3 Agust\u00edn Fern\u00e1ndez Eguiarte, investigador de la UNAM\u00a0<\/p>\n","protected":false},"author":1869,"featured_media":153169,"comment_status":"closed","ping_status":"closed","sticky":false,"template":"","format":"standard","meta":[],"categories":[1,61],"tags":[22851,22849,14813,21136,22852,22853,22850,22855,22854,4162,6592,6249,15289,11089],"_links":{"self":[{"href":"https:\/\/www.uv.mx\/prensa\/wp-json\/wp\/v2\/posts\/153273"}],"collection":[{"href":"https:\/\/www.uv.mx\/prensa\/wp-json\/wp\/v2\/posts"}],"about":[{"href":"https:\/\/www.uv.mx\/prensa\/wp-json\/wp\/v2\/types\/post"}],"author":[{"embeddable":true,"href":"https:\/\/www.uv.mx\/prensa\/wp-json\/wp\/v2\/users\/1869"}],"replies":[{"embeddable":true,"href":"https:\/\/www.uv.mx\/prensa\/wp-json\/wp\/v2\/comments?post=153273"}],"version-history":[{"count":1,"href":"https:\/\/www.uv.mx\/prensa\/wp-json\/wp\/v2\/posts\/153273\/revisions"}],"predecessor-version":[{"id":153300,"href":"https:\/\/www.uv.mx\/prensa\/wp-json\/wp\/v2\/posts\/153273\/revisions\/153300"}],"wp:featuredmedia":[{"embeddable":true,"href":"https:\/\/www.uv.mx\/prensa\/wp-json\/wp\/v2\/media\/153169"}],"wp:attachment":[{"href":"https:\/\/www.uv.mx\/prensa\/wp-json\/wp\/v2\/media?parent=153273"}],"wp:term":[{"taxonomy":"category","embeddable":true,"href":"https:\/\/www.uv.mx\/prensa\/wp-json\/wp\/v2\/categories?post=153273"},{"taxonomy":"post_tag","embeddable":true,"href":"https:\/\/www.uv.mx\/prensa\/wp-json\/wp\/v2\/tags?post=153273"}],"curies":[{"name":"wp","href":"https:\/\/api.w.org\/{rel}","templated":true}]}}